{"id":186526,"date":"2019-07-26T00:02:33","date_gmt":"2019-07-25T21:02:33","guid":{"rendered":"http:\/\/www.tvturk.com\/index.php\/belozoglu-fenerbahce-bizim-gonlumuzde-dunyanin-en-buyuk-takimi\/"},"modified":"2019-07-26T00:02:33","modified_gmt":"2019-07-25T21:02:33","slug":"belozoglu-fenerbahce-bizim-gonlumuzde-dunyanin-en-buyuk-takimi","status":"publish","type":"post","link":"http:\/\/www.tvturk.com\/index.php\/belozoglu-fenerbahce-bizim-gonlumuzde-dunyanin-en-buyuk-takimi\/","title":{"rendered":"Bel\u00f6zo\u011flu: &#8220;Fenerbah\u00e7e bizim g\u00f6nl\u00fcm\u00fczde d\u00fcnyan\u0131n en b\u00fcy\u00fck tak\u0131m\u0131&#8221;"},"content":{"rendered":"<p>Fenerbah\u00e7e\u2019nin tecr\u00fcbeli oyuncusu Emre Bel\u00f6zo\u011flu, Hertha Berlin ile oynanan haz\u0131rl\u0131k ma\u00e7\u0131n\u0131n ard\u0131ndan, &#8220;Ben buraya Fenerbah\u00e7e tak\u0131m\u0131na hizmet etmeye geldim. Formaya herkes gibi e\u015fit mesafede duruyorum. Hoca kimi d\u00fc\u015f\u00fcn\u00fcyorsa onu oynatacakt\u0131r. Fenerbah\u00e7e bizim g\u00f6nl\u00fcm\u00fczde d\u00fcnyan\u0131n en b\u00fcy\u00fck tak\u0131m\u0131&#8221; dedi.<\/p>\n<p>Fenerbah\u00e7e, yeni sezon haz\u0131rl\u0131klar\u0131 kapsam\u0131nda haz\u0131rl\u0131k ma\u00e7\u0131nda Hertha Berlin ile kar\u015f\u0131 kar\u015f\u0131ya geldi. Sar\u0131-lacivertliler m\u00fccadeleden 2-1\u2019lik yenilgiyle ayr\u0131ld\u0131. Ma\u00e7 sonras\u0131 a\u00e7\u0131klamalarda bulunan Emre Bel\u00f6zo\u011flu, &#8220;Hemen hemen b\u00fct\u00fcn tak\u0131mlar 6, 7. haz\u0131rl\u0131k ma\u00e7\u0131n\u0131 oynuyorlar. Biz de 4. ma\u00e7\u0131m\u0131z\u0131 oynad\u0131k. Bizden daha \u00f6nce sezona ba\u015flam\u0131\u015f tak\u0131mlarla oynad\u0131k. \u0130n\u015fallah bu bize avantaj olarak d\u00f6necektir. Genel olarak verimli bir kamp oldu\u011funu d\u00fc\u015f\u00fcn\u00fcyorum&#8221; diye konu\u015ftu.<\/p>\n<p>&#8220;Hepimiz ayn\u0131 gemideyiz&#8221;<\/p>\n<p>Teknik Direkt\u00f6r Ersun Yanal ile 11\u2019de oynay\u0131p oynamayaca\u011f\u0131yla ilgili bir g\u00f6r\u00fc\u015fme yapmad\u0131\u011f\u0131n\u0131 vurgulayan Bel\u00f6zo\u011flu, \u201cHocayla ilk 11\u2019de oynamam ya da hamle olarak oynamam konusunda hi\u00e7bir g\u00f6r\u00fc\u015fmem olmad\u0131. Burada hepimiz ayn\u0131 geminin i\u00e7indeyiz ve hocan\u0131n mutlaka bir de\u011ferlendirmesi olacakt\u0131r, beni oynatma ya da oynatmama y\u00f6n\u00fcnde. Ben buraya Fenerbah\u00e7e\u2019ye hizmet etmeye geldim ve formaya herkes gibi e\u015fit mesafede duruyorum. Hoca mutlaka kimi d\u00fc\u015f\u00fcn\u00fcyorsa onu oynatacakt\u0131r. Ama \u00f6zellikle bu s\u00fcre\u00e7te biraz daha kendimi 3-4 senedir belki takip etmedi\u011finiz i\u00e7in beni, biraz daha kontroll\u00fc ilerliyorum, \u00f6zellikle de sezon ba\u015f\u0131 kamplar\u0131nda. Hocam\u0131zla da bu konu\u015fmalar\u0131 yapt\u0131k, biraz daha sonradan oynamay\u0131 tercih ettik ilk 3 ma\u00e7ta. Ama \u00f6n\u00fcm\u00fczdeki ma\u00e7lardan sonra birazc\u0131k daha sanki bu anlamda sezon yakla\u015ft\u0131k\u00e7a dakikalar\u0131m artacakt\u0131r. Buradaki hava s\u0131cakl\u0131klar\u0131n\u0131 d\u00fc\u015f\u00fcnd\u00fc\u011f\u00fcm\u00fczde de her g\u00fcn iki idman yapt\u0131\u011f\u0131m\u0131zdan birazc\u0131k daha benim ad\u0131ma az s\u00fcreler almak fena olmad\u0131 diye d\u00fc\u015f\u00fcn\u00fcyorum\u201d ifadelerini kulland\u0131.<\/p>\n<p>&#8220;\u00c7ok de\u011ferli bir turnuva olacak&#8221;<\/p>\n<p>Audi Cup ile ilgili de bir de\u011ferlendirmede bulunan Emre Bel\u00f6zo\u011flu, \u201cSayd\u0131\u011f\u0131m\u0131z tak\u0131mlar Avrupa\u2019n\u0131n en b\u00fcy\u00fck tak\u0131mlar\u0131. \u00c7ok de\u011ferli bir turnuva olacak. Bizim i\u00e7in de sezona haz\u0131rlanma ad\u0131na m\u00fckemmel ma\u00e7lar olacak diye d\u00fc\u015f\u00fcn\u00fcyorum. Tabii \u00e7ok zor ma\u00e7lar. Yapmam\u0131z gereken o ma\u00e7lar\u0131 \u00e7ok ciddiye al\u0131p do\u011fru \u00e7\u0131kar\u0131mlarla sezona haz\u0131rlanmak. Her ma\u00e7\u0131n ayr\u0131 bir \u00f6nemi var ama oraya gitti\u011fimizde de Fenerbah\u00e7e\u2019nin g\u00fcc\u00fcn\u00fc g\u00f6stermeye \u00e7al\u0131\u015faca\u011f\u0131z. Tabii ki rakiplerimiz \u00e7ok g\u00fc\u00e7l\u00fc ama iyi haz\u0131rland\u0131k, iyi haz\u0131rlanmaya da devam edece\u011fiz. Bence bu zorlu ma\u00e7lar bizi lige en iyi \u015fekilde ta\u015f\u0131yacakt\u0131r diye \u00fcmit ediyorum. Fenerbah\u00e7e bizim g\u00f6nl\u00fcm\u00fczde d\u00fcnyan\u0131n en b\u00fcy\u00fck tak\u0131m\u0131. Tabi ki d\u00fcnya futbolunun ger\u00e7ekleri var. Bu tak\u0131mlar hemen hemen her sene Avrupa kupalar\u0131nda \u00e7ok b\u00fcy\u00fck ba\u015far\u0131lara imza at\u0131yorlar, kendi liglerinde de \u015fampiyonlu\u011fun en \u00f6nemli adaylar\u0131. Seviye olarak bizim \u00fczerimizde tak\u0131mlar. Bu seviyede zor ve sert ma\u00e7lar\u0131n bizi lige \u00e7ok iyi haz\u0131rlayaca\u011f\u0131na inan\u0131yorum. Say\u0131n ba\u015fkan\u0131m\u0131z\u0131n da dedi\u011fi gibi Fenerbah\u00e7e\u2019ye yak\u0131\u015f\u0131r oyuncular kadromuza dahil olmaya devam edecektir. G\u00fc\u00e7lenerek yolumuza devam etmek istiyoruz&#8221; \u015feklinde konu\u015ftu.<\/p>\n<p>Bel\u00f6zo\u011flu son olarak, &#8220;Haz\u0131rl\u0131k ma\u00e7lar\u0131nda sonu\u00e7lardan \u00e7ok ma\u00e7ta neyi do\u011fru neyi yanl\u0131\u015f yapt\u0131k, bunlar\u0131n daha \u00f6nemli oldu\u011funu d\u00fc\u015f\u00fcn\u00fcyorum&#8221; dedi.<\/p>\n","protected":false},"excerpt":{"rendered":"<p>FENERBAH\u00c7E&#8217;N\u0130N TECR\u00dcBEL\u0130 OYUNCUSU EMRE BEL\u00d6ZO\u011eLU, HERTHA BERL\u0130N \u0130LE OYNANAN HAZIRLIK MA\u00c7ININ ARDINDAN, &#8220;BEN BURAYA FENERBAH\u00c7E TAKIMINA H\u0130ZMET ETMEYE GELD\u0130M. FORMAYA HERKES G\u0130B\u0130 E\u015e\u0130T MESAFEDE DURUYORUM. HOCA K\u0130M\u0130 D\u00dc\u015e\u00dcN\u00dcYORSA ONU OYNATACAKTIR. FENERBAH\u00c7E B\u0130Z\u0130M G\u00d6NL\u00dcM\u00dcZDE D\u00dcNYANIN EN B\u00dcY\u00dcK TAKIMI&#8221; DED\u0130.<\/p>\n","protected":false},"author":1,"featured_media":186527,"comment_status":"closed","ping_status":"open","sticky":false,"template":"","format":"standard","meta":{"jetpack_post_was_ever_published":false,"_jetpack_newsletter_access":"","_jetpack_dont_email_post_to_subs":false,"_jetpack_newsletter_tier_id":0,"_jetpack_memberships_contains_paywalled_content":false,"_jetpack_memberships_contains_paid_content":false,"footnotes":"","jetpack_publicize_message":"","jetpack_publicize_feature_enabled":true,"jetpack_social_post_already_shared":true,"jetpack_social_options":{"image_generator_settings":{"template":"highway","default_image_id":0,"font":"","enabled":false},"version":2}},"categories":[657],"tags":[37175,104,545,1197,2626,46334,1462],"class_list":["post-186526","post","type-post","status-publish","format-standard","has-post-thumbnail","hentry","category-spor","tag-belozoglu","tag-bizim","tag-buyuk","tag-dunyanin","tag-fenerbahce","tag-gonlumuzde","tag-takimi"],"jetpack_publicize_connections":[],"jetpack_featured_media_url":"https:\/\/i0.wp.com\/www.tvturk.com\/wp-content\/uploads\/2019\/07\/belozoglu-fenerbahce-bizim-gonlumuzde-dunyanin-en-buyuk-takimi_9b49b58.jpg?fit=1000%2C562","jetpack_sharing_enabled":true,"jetpack_shortlink":"https:\/\/wp.me\/paKIfm-Mwu","_links":{"self":[{"href":"http:\/\/www.tvturk.com\/index.php\/wp-json\/wp\/v2\/posts\/186526","targetHints":{"allow":["GET"]}}],"collection":[{"href":"http:\/\/www.tvturk.com\/index.php\/wp-json\/wp\/v2\/posts"}],"about":[{"href":"http:\/\/www.tvturk.com\/index.php\/wp-json\/wp\/v2\/types\/post"}],"author":[{"embeddable":true,"href":"http:\/\/www.tvturk.com\/index.php\/wp-json\/wp\/v2\/users\/1"}],"replies":[{"embeddable":true,"href":"http:\/\/www.tvturk.com\/index.php\/wp-json\/wp\/v2\/comments?post=186526"}],"version-history":[{"count":0,"href":"http:\/\/www.tvturk.com\/index.php\/wp-json\/wp\/v2\/posts\/186526\/revisions"}],"wp:featuredmedia":[{"embeddable":true,"href":"http:\/\/www.tvturk.com\/index.php\/wp-json\/wp\/v2\/media\/186527"}],"wp:attachment":[{"href":"http:\/\/www.tvturk.com\/index.php\/wp-json\/wp\/v2\/media?parent=186526"}],"wp:term":[{"taxonomy":"category","embeddable":true,"href":"http:\/\/www.tvturk.com\/index.php\/wp-json\/wp\/v2\/categories?post=186526"},{"taxonomy":"post_tag","embeddable":true,"href":"http:\/\/www.tvturk.com\/index.php\/wp-json\/wp\/v2\/tags?post=186526"}],"curies":[{"name":"wp","href":"https:\/\/api.w.org\/{rel}","templated":true}]}}