{"id":186532,"date":"2019-07-26T00:17:22","date_gmt":"2019-07-25T21:17:22","guid":{"rendered":"http:\/\/www.tvturk.com\/index.php\/gevrek-rovansi-alip-turu-gececegimize-inaniyorum\/"},"modified":"2019-07-26T00:17:22","modified_gmt":"2019-07-25T21:17:22","slug":"gevrek-rovansi-alip-turu-gececegimize-inaniyorum","status":"publish","type":"post","link":"http:\/\/www.tvturk.com\/index.php\/gevrek-rovansi-alip-turu-gececegimize-inaniyorum\/","title":{"rendered":"Gevrek: \u201cR\u00f6van\u015f\u0131 al\u0131p turu ge\u00e7ece\u011fimize inan\u0131yorum\u201d"},"content":{"rendered":"<p>Yeni Malatyaspor Ba\u015fkan\u0131 Adil Gevrek, UEFA Avrupa Ligi 2. \u00d6n Eleme Turu\u2019nda oynad\u0131klar\u0131 NK Olimpija Ljubljana kar\u015f\u0131la\u015fmas\u0131 sonras\u0131 yapt\u0131\u011f\u0131 a\u00e7\u0131klamada, r\u00f6van\u015f ma\u00e7\u0131nda kazanarak turu atlayan tak\u0131m olacaklar\u0131n\u0131 s\u00f6yledi.<\/p>\n<p>Kar\u015f\u0131la\u015fma sonras\u0131 bas\u0131n mensuplar\u0131n\u0131n sorular\u0131n\u0131 yan\u0131tlayan Ba\u015fkan Adil Gevrek, sahalar\u0131nda kazanmak istediklerini belirterek, \u201cAsl\u0131nda iyi ba\u015flad\u0131k oyuna, \u00e7ok \u015fanss\u0131z bir gol yedik. Tabi bu ilk ma\u00e7, r\u00f6van\u015f\u0131 1 A\u011fustos\u2019ta olacak\u201d dedi.<\/p>\n<p>Yeni Malatyaspor\u2019un hen\u00fcz y\u00fczde y\u00fcz haz\u0131r olmad\u0131\u011f\u0131n\u0131 g\u00f6rd\u00fcklerini de belirten Gevrek, \u201cYeni gelen oyuncular var. Buna ra\u011fmen iyi oynad\u0131k. Rakibi de tebrik ediyorum, \u00f6n\u00fcm\u00fczdeki hafta r\u00f6van\u015f ma\u00e7\u0131n\u0131 kazanmak istiyoruz\u201d ifadelerine yer verdi.<\/p>\n<p>UEFA ma\u00e7\u0131 nedeniyle sezona erken ba\u015flad\u0131klar\u0131n\u0131 belirten Gevrek, \u201cBu t\u00fcr ma\u00e7lar zor olur. Sonu\u00e7ta 20 g\u00fcnl\u00fck kamp s\u00fcresi ge\u00e7irdik daha iyi bir tak\u0131m olaca\u011f\u0131m\u0131za inan\u0131yorum. Oyun kalitesi ile yenmek istiyorduk, fizik olarak y\u00fczde y\u00fcz haz\u0131r olmad\u0131\u011f\u0131m\u0131z\u0131 g\u00f6rd\u00fck. Ama iyi bir tak\u0131m\u0131m\u0131z var. \u0130n\u015fallah ikinci ma\u00e7\u0131 al\u0131p turu ge\u00e7ece\u011fimiz\u201d s\u00f6zlerini sarf etti.<\/p>\n<p>Yeni sezon \u00f6ncesi transfer \u00e7al\u0131\u015fmalar\u0131n\u0131 da s\u00fcrd\u00fcrd\u00fcklerini ifade eden Gevrek, \u201c2-3 oyuncu daha transfer yapabiliriz\u201d diye konu\u015ftu.<\/p>\n","protected":false},"excerpt":{"rendered":"<p>YEN\u0130 MALATYASPOR KUL\u00dcB\u00dc BA\u015eKANI AD\u0130L GEVREK, UEFA AVRUPA L\u0130G\u0130 2. \u00d6N ELEME TURUNDA OYNADIKLARI NK OL\u0130MP\u0130JA LJUBLJANA KAR\u015eILA\u015eMASI SONRASI YAPTI\u011eI A\u00c7IKLAMADA, R\u00d6VAN\u015e MA\u00c7INDA KAZANARAK TURU ATLAYAN TAKIM OLACAKLARINI S\u00d6YLED\u0130.<\/p>\n","protected":false},"author":1,"featured_media":186533,"comment_status":"closed","ping_status":"open","sticky":false,"template":"","format":"standard","meta":{"jetpack_post_was_ever_published":false,"_jetpack_newsletter_access":"","_jetpack_dont_email_post_to_subs":false,"_jetpack_newsletter_tier_id":0,"_jetpack_memberships_contains_paywalled_content":false,"_jetpack_memberships_contains_paid_content":false,"footnotes":"","jetpack_publicize_message":"","jetpack_publicize_feature_enabled":true,"jetpack_social_post_already_shared":true,"jetpack_social_options":{"image_generator_settings":{"template":"highway","default_image_id":0,"font":"","enabled":false},"version":2}},"categories":[657],"tags":[7045,46340,19735,28881,23430,1419],"class_list":["post-186532","post","type-post","status-publish","format-standard","has-post-thumbnail","hentry","category-spor","tag-alip","tag-gececegimize","tag-gevrek","tag-inaniyorum","tag-rovansi","tag-turu"],"jetpack_publicize_connections":[],"jetpack_featured_media_url":"https:\/\/i0.wp.com\/www.tvturk.com\/wp-content\/uploads\/2019\/07\/gevrek-rovansi-alip-turu-gececegimize-inaniyorum_d152845.jpg?fit=1000%2C562","jetpack_sharing_enabled":true,"jetpack_shortlink":"https:\/\/wp.me\/paKIfm-MwA","_links":{"self":[{"href":"http:\/\/www.tvturk.com\/index.php\/wp-json\/wp\/v2\/posts\/186532","targetHints":{"allow":["GET"]}}],"collection":[{"href":"http:\/\/www.tvturk.com\/index.php\/wp-json\/wp\/v2\/posts"}],"about":[{"href":"http:\/\/www.tvturk.com\/index.php\/wp-json\/wp\/v2\/types\/post"}],"author":[{"embeddable":true,"href":"http:\/\/www.tvturk.com\/index.php\/wp-json\/wp\/v2\/users\/1"}],"replies":[{"embeddable":true,"href":"http:\/\/www.tvturk.com\/index.php\/wp-json\/wp\/v2\/comments?post=186532"}],"version-history":[{"count":0,"href":"http:\/\/www.tvturk.com\/index.php\/wp-json\/wp\/v2\/posts\/186532\/revisions"}],"wp:featuredmedia":[{"embeddable":true,"href":"http:\/\/www.tvturk.com\/index.php\/wp-json\/wp\/v2\/media\/186533"}],"wp:attachment":[{"href":"http:\/\/www.tvturk.com\/index.php\/wp-json\/wp\/v2\/media?parent=186532"}],"wp:term":[{"taxonomy":"category","embeddable":true,"href":"http:\/\/www.tvturk.com\/index.php\/wp-json\/wp\/v2\/categories?post=186532"},{"taxonomy":"post_tag","embeddable":true,"href":"http:\/\/www.tvturk.com\/index.php\/wp-json\/wp\/v2\/tags?post=186532"}],"curies":[{"name":"wp","href":"https:\/\/api.w.org\/{rel}","templated":true}]}}