{"id":186534,"date":"2019-07-26T09:01:21","date_gmt":"2019-07-26T06:01:21","guid":{"rendered":"http:\/\/www.tvturk.com\/index.php\/akraba-tavsiyesiyle-girdigi-iste-7-ulkeye-ihracat-yaptiriyor\/"},"modified":"2019-07-26T09:01:21","modified_gmt":"2019-07-26T06:01:21","slug":"akraba-tavsiyesiyle-girdigi-iste-7-ulkeye-ihracat-yaptiriyor","status":"publish","type":"post","link":"http:\/\/www.tvturk.com\/index.php\/akraba-tavsiyesiyle-girdigi-iste-7-ulkeye-ihracat-yaptiriyor\/","title":{"rendered":"Akraba tavsiyesiyle girdi\u011fi i\u015fte 7 \u00fclkeye ihracat yapt\u0131r\u0131yor"},"content":{"rendered":"<p>\u00c7orum\u2019da kimyager yak\u0131n\u0131n tavsiyesi \u00fczerine t\u0131bbi ve aromatik bitki i\u015fleme sekt\u00f6r\u00fcne giren Osman Ocakl\u0131, 7 \u00fclkeye ihracat yap\u0131yor.<\/p>\n<p>Tar\u0131m ve K\u0131rsal Kalk\u0131nmay\u0131 Destekleme Kurumunun IPARD II 1.Proje \u00c7a\u011fr\u0131 D\u00f6nemindeki 1,3 milyon lira s\u00f6zle\u015fme tutarl\u0131 t\u0131bbi ve aromatik bitki i\u015fleme ve paketleme projesi i\u00e7in ba\u015fvuran Ocakl\u0131\u2019ya  777 bin lira hibe verildi.<\/p>\n<p>TKDK deste\u011fiyle i\u015fini b\u00fcy\u00fcten Ocakl\u0131, Organize Sanayi B\u00f6lgesine bir y\u0131ll\u0131k 500 ton \u00fcr\u00fcn i\u015fleme kapasitesine sahip tesis kurdu. Tesiste \u00e7\u00f6rek otu, ku\u015fburnu, aspir, \u00fcz\u00fcm-nar-incir \u00e7ekirdekleri, ceviz gibi 35 \u00e7e\u015fit \u00fcr\u00fcn \u00fczerine so\u011fuk s\u0131k\u0131m y\u00f6ntemi ile ya\u011f ve posa \u00e7\u0131karan Ocakl\u0131, \u00fcretti\u011fi \u00fcr\u00fcnleri Amerika ba\u015fta olmak \u00fczere, Almanya, Kanada, Bel\u00e7ika, Fransa, Bulgaristan ve Suudi Arabistan\u2019a ihra\u00e7 ediyor. Ocakl\u0131, 2019 y\u0131l\u0131nda ise 1 milyon dolar ihracat hedefliyor.<\/p>\n<p>Kimyager bir yak\u0131n\u0131n tavsiyesiyle 2003 y\u0131l\u0131nda i\u015f d\u00fcnyas\u0131na at\u0131ld\u0131\u011f\u0131n\u0131 dile getiren Osman Ocakl\u0131, 15 y\u0131ld\u0131r t\u0131bbi ve aromatik bitki i\u015fleme sekt\u00f6r\u00fcnde faaliyet g\u00f6sterdiklerini s\u00f6yledi.<\/p>\n<p>Ama\u00e7lar\u0131n\u0131n en iyi ve en kaliteli \u00fcr\u00fcn\u00fc \u00fcreterek d\u00fcnya pazar\u0131na sunmak oldu\u011funu dile getiren vurgulayan Ocakl\u0131, \u201cFirma olarak tesiste t\u0131bbi ve aromatik bitki ile tohumlar\u0131n ya\u011flar\u0131n\u0131 \u00e7\u0131kar\u0131yoruz. So\u011fuk pres y\u00f6ntemiyle a\u011f\u0131rl\u0131 olarak \u00e7\u00f6rek otu, ku\u015fburnu, aspir, \u00fcz\u00fcm-nar-incir \u00e7ekirdekleri, ceviz gibi 35\u2019in \u00fczerinde \u00fcr\u00fcn\u00fc i\u015fliyoruz. \u00dcretti\u011fimiz \u00fcr\u00fcnleri hem yurt i\u00e7i ve yurt d\u0131\u015f\u0131na sat\u0131yoruz&#8221; dedi.<\/p>\n<p>2015-2017 y\u0131llar\u0131 aras\u0131nda Amerika\u2019ya ihracatla birlikte T\u00fcrkiye\u2019de en h\u0131zl\u0131 b\u00fcy\u00fcyen 100 \u015firket aras\u0131nda 59. olduklar\u0131n\u0131 anlatan Ocakl\u0131, bunun kendilerini daha fazla ve azimle \u00e7al\u0131\u015fmaya te\u015fvik etti\u011fini dile getirerek, \u201c2017 y\u0131l\u0131 sonunda TKDK\u2019ya m\u00fcracaat ederek Organize Sanayi B\u00f6lgesi\u2019nde 4 bin metrekareden olu\u015fan bir alana yeni fabrikam\u0131z\u0131 in\u015fa ettik. \u015euan ki hedefimiz daha fazla \u00fclkeye daha fazla \u00fcr\u00fcn ihra\u00e7 ederek \u00fclke ekonomisine katk\u0131 sa\u011flamak\u201d ifadelerini kulland\u0131.<\/p>\n<p>T\u0131bbi ve aromatik bitki i\u015flemenin yan\u0131 s\u0131ra \u00c7orum\u2019da t\u0131bbi aromatik bitki yeti\u015ftiricili\u011fini te\u015fvik ettiklerini anlatan Ocakl\u0131, &#8220;\u0130yi ham madde bize pazar kazand\u0131r\u0131yor. Bu nedenle ilimizde, al\u0131m garantili s\u00f6zle\u015fmeli \u00fcretim modelini, ayn\u0131 zamanda tohum ve teknik destek vererek uygulamaya ba\u015flad\u0131k. B\u00f6ylece \u00c7orum\u2019da t\u0131bbi ve aromatik bitki ekili\u015flerinin ve \u00e7e\u015fitlili\u011finin artmas\u0131na da katk\u0131 sunuyoruz. \u0130\u015fimizi seviyoruz. B\u00f6lgemizde a\u011f\u0131rl\u0131kl\u0131 olarak \u00e7\u00f6rek otu ekimi a\u011f\u0131rl\u0131 olarak yap\u0131lmakta. Bu y\u0131l ekim alan\u0131 5 bin d\u00f6n\u00fcme kadar \u00e7\u0131kt\u0131. Bunun yan\u0131nda lavanta \u00fcreticilerini de destekliyoruz. Bu \u00e7e\u015fitlili\u011fin art\u0131r\u0131lmas\u0131 i\u00e7in her t\u00fcrl\u00fc deste\u011fe haz\u0131r\u0131z. Bunun i\u00e7inde her t\u00fcrl\u00fc deste\u011fe haz\u0131r\u0131z. Amac\u0131m\u0131z yerli \u00fcretim. \u00dcretti\u011fimiz \u00fcr\u00fcnleri de pazarlayabilmek.  \u015euan 7 \u00fclkeye ihracat yap\u0131yoruz. \u0130hracat\u0131m\u0131z\u0131  art\u0131rmak i\u00e7in yurt i\u00e7inde ve yurt d\u0131\u015f\u0131nda fuarlara kat\u0131l\u0131yoruz. B\u00fcy\u00fcmek i\u00e7in daha \u00e7ok \u00e7aba sarf edip ba\u015far\u0131l\u0131 olaca\u011f\u0131z\u201d \u015feklinde konu\u015ftu.<\/p>\n<p>\u0130\u015f d\u00fcnyas\u0131n\u0131n yan\u0131 s\u0131ra havac\u0131l\u0131kla da u\u011fra\u015ft\u0131\u011f\u0131n\u0131 s\u00f6yleyen Ocakl\u0131, \u201cUltra light pilotuyum. Kendime ait 2 ki\u015filik u\u00e7a\u011f\u0131m var. Bunu sportif olarak kullanman\u0131n yan\u0131 s\u0131ra Ankara\u2019dan \u00c7orum\u2019a i\u015f icab\u0131 da kullan\u0131yorum. Sportif havac\u0131l\u0131\u011f\u0131n \u00fclkemizde daha da geli\u015fmesini temenni ediyorum\u201d dedi.<\/p>\n","protected":false},"excerpt":{"rendered":"<p>\u00c7ORUM\u2019DA K\u0130MYAGER YAKININ TAVS\u0130YES\u0130 \u00dcZER\u0130NE TIBB\u0130 VE AROMAT\u0130K B\u0130TK\u0130 \u0130\u015eLEME SEKT\u00d6R\u00dcNE G\u0130REN OSMAN OCAKLI, 7 \u00dcLKEYE \u0130HRACAT YAPIYOR.<\/p>\n","protected":false},"author":1,"featured_media":186535,"comment_status":"closed","ping_status":"open","sticky":false,"template":"","format":"standard","meta":{"jetpack_post_was_ever_published":false,"_jetpack_newsletter_access":"","_jetpack_dont_email_post_to_subs":false,"_jetpack_newsletter_tier_id":0,"_jetpack_memberships_contains_paywalled_content":false,"_jetpack_memberships_contains_paid_content":false,"footnotes":"","jetpack_publicize_message":"","jetpack_publicize_feature_enabled":true,"jetpack_social_post_already_shared":true,"jetpack_social_options":{"image_generator_settings":{"template":"highway","default_image_id":0,"font":"","enabled":false},"version":2}},"categories":[19],"tags":[10451,5550,48,3064,23969,47,5974],"class_list":["post-186534","post","type-post","status-publish","format-standard","has-post-thumbnail","hentry","category-ekonomi","tag-akraba","tag-girdigi","tag-ihracat","tag-iste","tag-tavsiyesiyle","tag-ulkeye","tag-yaptiriyor"],"jetpack_publicize_connections":[],"jetpack_featured_media_url":"https:\/\/i0.wp.com\/www.tvturk.com\/wp-content\/uploads\/2019\/07\/akraba-tavsiyesiyle-girdigi-iste-7-ulkeye-ihracat-yaptiriyor_2ced346.jpg?fit=1000%2C666","jetpack_sharing_enabled":true,"jetpack_shortlink":"https:\/\/wp.me\/paKIfm-MwC","_links":{"self":[{"href":"http:\/\/www.tvturk.com\/index.php\/wp-json\/wp\/v2\/posts\/186534","targetHints":{"allow":["GET"]}}],"collection":[{"href":"http:\/\/www.tvturk.com\/index.php\/wp-json\/wp\/v2\/posts"}],"about":[{"href":"http:\/\/www.tvturk.com\/index.php\/wp-json\/wp\/v2\/types\/post"}],"author":[{"embeddable":true,"href":"http:\/\/www.tvturk.com\/index.php\/wp-json\/wp\/v2\/users\/1"}],"replies":[{"embeddable":true,"href":"http:\/\/www.tvturk.com\/index.php\/wp-json\/wp\/v2\/comments?post=186534"}],"version-history":[{"count":0,"href":"http:\/\/www.tvturk.com\/index.php\/wp-json\/wp\/v2\/posts\/186534\/revisions"}],"wp:featuredmedia":[{"embeddable":true,"href":"http:\/\/www.tvturk.com\/index.php\/wp-json\/wp\/v2\/media\/186535"}],"wp:attachment":[{"href":"http:\/\/www.tvturk.com\/index.php\/wp-json\/wp\/v2\/media?parent=186534"}],"wp:term":[{"taxonomy":"category","embeddable":true,"href":"http:\/\/www.tvturk.com\/index.php\/wp-json\/wp\/v2\/categories?post=186534"},{"taxonomy":"post_tag","embeddable":true,"href":"http:\/\/www.tvturk.com\/index.php\/wp-json\/wp\/v2\/tags?post=186534"}],"curies":[{"name":"wp","href":"https:\/\/api.w.org\/{rel}","templated":true}]}}