{"id":186546,"date":"2019-07-26T09:16:37","date_gmt":"2019-07-26T06:16:37","guid":{"rendered":"http:\/\/www.tvturk.com\/index.php\/kalite-yonetimi-ve-kalite-guvencesi-lisansustu-egitime-kavusuyor\/"},"modified":"2019-07-26T09:16:37","modified_gmt":"2019-07-26T06:16:37","slug":"kalite-yonetimi-ve-kalite-guvencesi-lisansustu-egitime-kavusuyor","status":"publish","type":"post","link":"http:\/\/www.tvturk.com\/index.php\/kalite-yonetimi-ve-kalite-guvencesi-lisansustu-egitime-kavusuyor\/","title":{"rendered":"Kalite Y\u00f6netimi ve Kalite G\u00fcvencesi lisans\u00fcst\u00fc e\u011fitime kavu\u015fuyor"},"content":{"rendered":"<p>\u0130stanbul Ayd\u0131n \u00dcniversitesi (\u0130A\u00dc) ve T\u00fcrkiye Kalite Derne\u011fi (KalDer) bir ilke imza att\u0131. \u2018Kalite Y\u00f6netimi ve Kalite G\u00fcvencesi Sistemleri Tezli\/Tezsiz Y\u00fcksek Lisans Program\u0131\u2019 \u0130A\u00dc ve KalDer aras\u0131ndaki i\u015f birli\u011fi anla\u015fmas\u0131yla \u00f6n\u00fcm\u00fczdeki e\u011fitim d\u00f6neminde \u00f6\u011frenci kabul\u00fcne ba\u015flayacak.<\/p>\n<p>\u0130stanbul Ayd\u0131n \u00dcniversitesi (\u0130A\u00dc) ve T\u00fcrkiye Kalite Derne\u011fi (KalDer) aras\u0131ndaki i\u015f birli\u011fi kapsam\u0131nda Tezli\/ Tezsiz \u201cKalite Y\u00f6netimi ve Kalite G\u00fcvence Sistemleri Y\u00fcksek Lisans Program\u0131\u201d \u00f6n\u00fcm\u00fczdeki d\u00f6nem \u00f6\u011frenci kabul\u00fcne ba\u015flayacak. \u0130A\u00dc Halit Ayd\u0131n Yerle\u015fkesinde 25 Temmuz tarihinde ger\u00e7ekle\u015fen toplant\u0131 ile i\u015f birli\u011fi protokol\u00fc \u0130A\u00dc Rekt\u00f6r\u00fc Prof. Dr. Yadig\u00e2r \u0130zmirli ve KalDer Ba\u015fkan\u0131 G\u00f6rg\u00fcn \u00d6zdemir taraf\u0131ndan imzaland\u0131. \u2018Kalite Y\u00f6netimi ve Kalite G\u00fcvence Sistemleri Y\u00fcksek Lisans Program\u0131\u2019 KalDer ile yap\u0131lan i\u015fbirli\u011fi kapsam\u0131nda bir ilk olma \u00f6zelli\u011fini ta\u015f\u0131yor.<\/p>\n<p>\u2018Giderek artan uzman ihtiyac\u0131n\u0131 kar\u015f\u0131layacak\u2019<\/p>\n<p>Prof. Dr. Yadig\u00e2r \u0130zmirli, \u201cT\u00fcrkiye\u2019de \u2018kalite\u2019 konusunda fark\u0131ndal\u0131k artt\u0131. KalDer ile imzalad\u0131\u011f\u0131m\u0131z i\u015fbirli\u011fi anla\u015fmas\u0131yla hayata ge\u00e7en \u2018Kalite Y\u00f6netimi ve Kalite G\u00fcvence Sistemleri Y\u00fcksek Lisans Program\u0131\u2019 bu konuda giderek artan uzman ihtiyac\u0131n\u0131 gidermeye y\u00f6nelik \u00f6nemli bir ad\u0131m oldu. \u0130nan\u0131yorum ki buradan mezun olacak \u00f6\u011frenciler T\u00fcrkiye\u2019de m\u00fckemmelin standartla\u015fmas\u0131 \u00e7al\u0131\u015facaklar\u201d ifadelerini kulland\u0131.<\/p>\n<p>\u2018E\u011fitim alan\u0131ndaki bo\u015flu\u011fu \u0130A\u00dc ile doldurduk\u2019<\/p>\n<p>KalDer Ba\u015fkan\u0131 G\u00f6rg\u00fcn \u00d6zdemir de, \u201cT\u00fcrkiye Kalite Derne\u011fi\u2019nin misyonu m\u00fckemmellik k\u00fclt\u00fcr\u00fcn\u00fc ya\u015fam bi\u00e7imi haline getirerek kurumlar\u0131n rekabet g\u00fcc\u00fcn\u00fc artt\u0131rmak. Bu kapsamda t\u00fcm T\u00fcrkiye\u2019de temsilciliklerimiz, g\u00f6n\u00fcll\u00fclerimiz, birlikte \u00e7al\u0131\u015ft\u0131\u011f\u0131m\u0131z kurumlar var. E\u011fitim kalite standartlar\u0131 a\u00e7\u0131s\u0131ndan \u00e7ok \u00f6nemli bir eksi\u011fimizdi. \u0130A\u00dc b\u00fcnyesinde a\u00e7\u0131lacak \u2018Kalite Y\u00f6netimi ve Kalite G\u00fcvence Sistemleri Y\u00fcksek Lisans Program\u0131\u2019 ile bu konuda da ad\u0131mlar atmaya ba\u015flad\u0131k. Bu bir ilk oldu, umar\u0131z di\u011fer \u00fcniversitelerle de e\u011fitim anla\u015fmalar\u0131 yapabiliriz\u201d \u015feklinde konu\u015ftu.<\/p>\n<p>\u0130ki farkl\u0131 sertifikayla mezun olma \u015fans\u0131<\/p>\n<p>Kalite Y\u00f6netimi ve Kalite G\u00fcvence Sistemleri Y\u00fcksek Lisans Program\u0131 k\u00fcresel rekabeti anlayan ve bilen y\u00f6netici adaylar\u0131 yeti\u015ftirmek veya y\u00f6neticilerin bu konularda daha yetkin olmalar\u0131na olanak sa\u011flamak i\u00e7in 28 haftal\u0131k bir e\u011fitim program\u0131 olarak tasarland\u0131. Program ile kalite konusunda t\u00fcm sekt\u00f6rlere y\u00f6nelik \u00e7al\u0131\u015fmalar e\u015fli\u011finde, yenilik\u00e7i ve gelece\u011fin \u00e7a\u011fda\u015f y\u00f6neticilerini piyasaya kazand\u0131rmak ama\u00e7l\u0131yor. Program sonras\u0131nda ko\u015fullar\u0131 yerine getiren kat\u0131l\u0131mc\u0131lara Y\u00fcksek Lisans Diplomas\u0131 yan\u0131 s\u0131ra, KalDer taraf\u0131ndan \u201cKalite Uzmanl\u0131k Sertifikas\u0131\u201d ve \u0130A\u00dc Kurumsal Y\u00f6netim ve S\u00fcrd\u00fcr\u00fclebilirlik Uygulama ve Ara\u015ft\u0131rma Merkezi (KURSAM) taraf\u0131ndan kat\u0131l\u0131mc\u0131lar\u0131n tercih edece\u011fi derslere g\u00f6re \u201cKalite Odakl\u0131 Organizasyon Y\u00f6netimi\u201d veya \u201cKalite Odakl\u0131 \u0130nsan Y\u00f6netimi\u201d sertifikas\u0131 verilecek.<\/p>\n","protected":false},"excerpt":{"rendered":"<p>\u0130STANBUL AYDIN \u00dcN\u0130VERS\u0130TES\u0130 (\u0130A\u00dc) VE T\u00dcRK\u0130YE KAL\u0130TE DERNE\u011e\u0130 (KALDER) B\u0130R \u0130LKE \u0130MZA ATTI. \u2018KAL\u0130TE Y\u00d6NET\u0130M\u0130 VE KAL\u0130TE G\u00dcVENCES\u0130 S\u0130STEMLER\u0130 TEZL\u0130\/TEZS\u0130Z Y\u00dcKSEK L\u0130SANS PROGRAMI\u2019 \u0130A\u00dc VE KALDER ARASINDAK\u0130 \u0130\u015e B\u0130RL\u0130\u011e\u0130 ANLA\u015eMASIYLA \u00d6N\u00dcM\u00dcZDEK\u0130 E\u011e\u0130T\u0130M D\u00d6NEM\u0130NDE \u00d6\u011eRENC\u0130 KABUL\u00dcNE BA\u015eLAYACAK.<\/p>\n","protected":false},"author":1,"featured_media":186547,"comment_status":"closed","ping_status":"open","sticky":false,"template":"","format":"standard","meta":{"jetpack_post_was_ever_published":false,"_jetpack_newsletter_access":"","_jetpack_dont_email_post_to_subs":false,"_jetpack_newsletter_tier_id":0,"_jetpack_memberships_contains_paywalled_content":false,"_jetpack_memberships_contains_paid_content":false,"footnotes":"","jetpack_publicize_message":"","jetpack_publicize_feature_enabled":true,"jetpack_social_post_already_shared":true,"jetpack_social_options":{"image_generator_settings":{"template":"highway","default_image_id":0,"font":"","enabled":false},"version":2}},"categories":[1],"tags":[2916,31957,13348,194,26360,1543],"class_list":["post-186546","post","type-post","status-publish","format-standard","has-post-thumbnail","hentry","category-genel","tag-egitime","tag-guvencesi","tag-kalite","tag-kavusuyor","tag-lisansustu","tag-yonetimi"],"jetpack_publicize_connections":[],"jetpack_featured_media_url":"https:\/\/i0.wp.com\/www.tvturk.com\/wp-content\/uploads\/2019\/07\/kalite-yonetimi-ve-kalite-guvencesi-lisansustu-egitime-kavusuyor_7a32473.jpg?fit=1000%2C666","jetpack_sharing_enabled":true,"jetpack_shortlink":"https:\/\/wp.me\/paKIfm-MwO","_links":{"self":[{"href":"http:\/\/www.tvturk.com\/index.php\/wp-json\/wp\/v2\/posts\/186546","targetHints":{"allow":["GET"]}}],"collection":[{"href":"http:\/\/www.tvturk.com\/index.php\/wp-json\/wp\/v2\/posts"}],"about":[{"href":"http:\/\/www.tvturk.com\/index.php\/wp-json\/wp\/v2\/types\/post"}],"author":[{"embeddable":true,"href":"http:\/\/www.tvturk.com\/index.php\/wp-json\/wp\/v2\/users\/1"}],"replies":[{"embeddable":true,"href":"http:\/\/www.tvturk.com\/index.php\/wp-json\/wp\/v2\/comments?post=186546"}],"version-history":[{"count":0,"href":"http:\/\/www.tvturk.com\/index.php\/wp-json\/wp\/v2\/posts\/186546\/revisions"}],"wp:featuredmedia":[{"embeddable":true,"href":"http:\/\/www.tvturk.com\/index.php\/wp-json\/wp\/v2\/media\/186547"}],"wp:attachment":[{"href":"http:\/\/www.tvturk.com\/index.php\/wp-json\/wp\/v2\/media?parent=186546"}],"wp:term":[{"taxonomy":"category","embeddable":true,"href":"http:\/\/www.tvturk.com\/index.php\/wp-json\/wp\/v2\/categories?post=186546"},{"taxonomy":"post_tag","embeddable":true,"href":"http:\/\/www.tvturk.com\/index.php\/wp-json\/wp\/v2\/tags?post=186546"}],"curies":[{"name":"wp","href":"https:\/\/api.w.org\/{rel}","templated":true}]}}