{"id":186582,"date":"2019-07-26T10:46:08","date_gmt":"2019-07-26T07:46:08","guid":{"rendered":"http:\/\/www.tvturk.com\/index.php\/trump-abdli-rapcinin-serbest-birakilmasini-istedi\/"},"modified":"2019-07-26T10:46:08","modified_gmt":"2019-07-26T07:46:08","slug":"trump-abdli-rapcinin-serbest-birakilmasini-istedi","status":"publish","type":"post","link":"http:\/\/www.tvturk.com\/index.php\/trump-abdli-rapcinin-serbest-birakilmasini-istedi\/","title":{"rendered":"Trump, ABD\u2019li rap\u00e7i\u2019nin serbest b\u0131rak\u0131lmas\u0131n\u0131 istedi"},"content":{"rendered":"<p>ABD Ba\u015fkan\u0131 Donald Trump, \u0130sve\u00e7\u2019ten, ABD\u2019li rap\u00e7i ASAP Rocky\u2019nin \u00f6zg\u00fcrl\u00fc\u011f\u00fcn\u00fcn verilmesini istedi.<\/p>\n<p>ABD Ba\u015fkan\u0131 Donald Trump, Twitter\u2019dan yapt\u0131\u011f\u0131 a\u00e7\u0131klamada, \u0130sve\u00e7\u2019in Afrika k\u00f6kenli Amerikan toplulu\u011funu hayal k\u0131r\u0131kl\u0131\u011f\u0131na u\u011fratt\u0131\u011f\u0131n\u0131 yazarak, \u0130sve\u00e7\u2019ten ABD\u2019li rap\u00e7i ASAP Rocky\u2019nin \u00f6zg\u00fcrl\u00fc\u011f\u00fcn\u00fcn verilmesini istedi.<\/p>\n<p>Ger\u00e7ek ad\u0131 Rakim Mayers olan ABD\u2019li rap\u00e7i ASAP Rocky, 2 Temmuz\u2019da \u0130sve\u00e7\u2019in ba\u015fkenti Stockholm\u2019de yap\u0131lan Smash M\u00fczik Festivali\u2019nden sonra g\u00f6zalt\u0131na al\u0131nm\u0131\u015f 3 hafta sonra \u0130sve\u00e7 savc\u0131l\u0131\u011f\u0131 rap\u00e7i hakk\u0131nda adam yaralama su\u00e7lamas\u0131yla dava a\u00e7ma karar\u0131 vermi\u015fti. Davan\u0131n Savc\u0131s\u0131 Daniel Suneson bas\u0131n a\u00e7\u0131klamas\u0131nda, \u201cBug\u00fcn \u00fc\u00e7\u00fcnc\u00fc derece \u015f\u00fcpheli i\u00e7in normal derece sald\u0131r\u0131 su\u00e7lamalar\u0131 getirdim. \u00c7\u00fcnk\u00fc kendini savunma ve k\u0131\u015fk\u0131rtma nedeniyle savunma yapmas\u0131na ra\u011fmen, olay\u0131n bir su\u00e7 te\u015fkil etti\u011fine karar verdim. Bu karara varmak i\u00e7in g\u00fcvenlik kameras\u0131 g\u00f6r\u00fcnt\u00fclerini inceledim. Bu konuda internette bulunabilece\u011finden daha fazla materyale sahip oldu\u011fumu belirtmem gerekir. Kaydedilen g\u00f6r\u00fcnt\u00fclere ek olarak davac\u0131n\u0131n iddialar\u0131 da su\u00e7lamalar\u0131m\u0131 destekledi&#8221; s\u00f6zlerini kullanm\u0131\u015ft\u0131.<\/p>\n<p>Savc\u0131, ASAP Rocky hakk\u0131nda sald\u0131r\u0131 su\u00e7lamas\u0131yla dava a\u00e7\u0131laca\u011f\u0131n\u0131 duyurdu. \u0130sve\u00e7\u2019teki normal derece sald\u0131r\u0131 su\u00e7uyla h\u00fck\u00fcm giyenler 2 y\u0131la kadar hapis cezas\u0131na \u00e7arpt\u0131r\u0131labiliyor. Suneson ayr\u0131ca, ASAP Rocky\u2019nin serbest b\u0131rak\u0131lmas\u0131n\u0131n b\u00fcy\u00fck bir risk ta\u015f\u0131d\u0131\u011f\u0131n\u0131 da savunarak, \u201cE\u011fer serbest b\u0131rak\u0131l\u0131rlarsa \u00fclkeyi terk etmesi ve olay\u0131n kovu\u015fturulmas\u0131 konusunda bariz bir risk olu\u015fturur\u201d dedi.<\/p>\n<p>\u015eimdiye kadar duru\u015fma tarihi a\u00e7\u0131klanmazken, savc\u0131 3 g\u00fcn daha ek s\u00fcre istedi.<\/p>\n<p>Kefili ABD Ba\u015fkan\u0131<\/p>\n<p>Rocky\u2019nin davas\u0131 ABD ile \u0130sve\u00e7 aras\u0131nda adeta politik gerilime neden oluyor. ABD Ba\u015fkan\u0131 Donald Trump, \u0130sve\u00e7 Ba\u015fbakan\u0131 Stefan L\u00f6fven\u2019i aram\u0131\u015f ve \u015fahsen rap y\u0131ld\u0131z\u0131na kefil olarak, serbest b\u0131rak\u0131lmas\u0131n\u0131 istemi\u015fti. L\u00f6fven ise \u0130sve\u00e7 h\u00fck\u00fcmetinin, savc\u0131lar\u0131 ve mahkemeleri etkilemeyece\u011fini belirterek bu teklifi geri \u00e7evirmi\u015fti.<\/p>\n<p>Rocky ve ekibi, Stockholm\u2019e geldikleri 30 Haziran\u2019da bir sokak kavgas\u0131na kar\u0131\u015fm\u0131\u015ft\u0131. Rap\u00e7i, baz\u0131 uyu\u015fturucu ba\u011f\u0131ml\u0131lar\u0131 taraf\u0131ndan izlendi\u011fini iddia ederek, \u0130sve\u00e7 k\u00f6kenli olmayan bir grupla s\u00f6zl\u00fc tart\u0131\u015fma ya\u015fad\u0131\u011f\u0131n\u0131 kabul etti. Kavgan\u0131n bu ki\u015filer taraf\u0131ndan \u00e7\u0131kar\u0131ld\u0131\u011f\u0131n\u0131 iddia etti. Kavgayla ilgili olarak baz\u0131 g\u00f6r\u00fcnt\u00fcler ise sosyal medyada yay\u0131nlad\u0131. Rocky\u2019nin ekininde olan bir ki\u015fiyse k\u0131\u015fk\u0131rt\u0131ld\u0131klar\u0131n\u0131 ve \u201cKendilerini savunmaktan ba\u015fka \u00e7areleri olmad\u0131\u011f\u0131n\u0131\u201d iddia etti.<\/p>\n<p>G\u00f6zalt\u0131 karar\u0131 hem uluslararas\u0131 arena da hem de \u0130sve\u00e7\u2019te tepkiye neden oldu. 600 binden fazla ki\u015fi rap\u00e7inin serbest b\u0131rak\u0131lmas\u0131 i\u00e7in bir dilek\u00e7e imzalad\u0131. Birka\u00e7 sanat\u00e7\u0131 da \u0130sve\u00e7\u2019i boykot etme \u00e7a\u011fr\u0131s\u0131 yapt\u0131.<\/p>\n<p>ABD\u2019li \u015fark\u0131c\u0131 ASAP Rocky\u2019nin g\u00f6zalt\u0131na al\u0131nmas\u0131 nedeniyle Temmuz ay\u0131ndaki 12 konseri iptal oldu.<\/p>\n","protected":false},"excerpt":{"rendered":"<p>ABD BA\u015eKANI DONALD TRUMP, \u0130SVE\u00c7&#8217;TEN ABD\u2019L\u0130 RAP\u00c7\u0130 ASAP ROCKY\u2019N\u0130N \u00d6ZG\u00dcRL\u00dc\u011e\u00dcN\u00dcN VER\u0130LMES\u0130N\u0130 \u0130STED\u0130.<\/p>\n","protected":false},"author":1,"featured_media":186583,"comment_status":"closed","ping_status":"open","sticky":false,"template":"","format":"standard","meta":{"jetpack_post_was_ever_published":false,"_jetpack_newsletter_access":"","_jetpack_dont_email_post_to_subs":false,"_jetpack_newsletter_tier_id":0,"_jetpack_memberships_contains_paywalled_content":false,"_jetpack_memberships_contains_paid_content":false,"footnotes":"","jetpack_publicize_message":"","jetpack_publicize_feature_enabled":true,"jetpack_social_post_already_shared":true,"jetpack_social_options":{"image_generator_settings":{"template":"highway","default_image_id":0,"font":"","enabled":false},"version":2}},"categories":[10],"tags":[5736,46352,2411,46351,594,12068],"class_list":["post-186582","post","type-post","status-publish","format-standard","has-post-thumbnail","hentry","category-dunya","tag-abdli","tag-birakilmasini","tag-istedi","tag-rapcinin","tag-serbest","tag-trump"],"jetpack_publicize_connections":[],"jetpack_featured_media_url":"https:\/\/i0.wp.com\/www.tvturk.com\/wp-content\/uploads\/2019\/07\/trump-abdli-rapcinin-serbest-birakilmasini-istedi_ee44e45.jpg?fit=600%2C304","jetpack_sharing_enabled":true,"jetpack_shortlink":"https:\/\/wp.me\/paKIfm-Mxo","_links":{"self":[{"href":"http:\/\/www.tvturk.com\/index.php\/wp-json\/wp\/v2\/posts\/186582","targetHints":{"allow":["GET"]}}],"collection":[{"href":"http:\/\/www.tvturk.com\/index.php\/wp-json\/wp\/v2\/posts"}],"about":[{"href":"http:\/\/www.tvturk.com\/index.php\/wp-json\/wp\/v2\/types\/post"}],"author":[{"embeddable":true,"href":"http:\/\/www.tvturk.com\/index.php\/wp-json\/wp\/v2\/users\/1"}],"replies":[{"embeddable":true,"href":"http:\/\/www.tvturk.com\/index.php\/wp-json\/wp\/v2\/comments?post=186582"}],"version-history":[{"count":0,"href":"http:\/\/www.tvturk.com\/index.php\/wp-json\/wp\/v2\/posts\/186582\/revisions"}],"wp:featuredmedia":[{"embeddable":true,"href":"http:\/\/www.tvturk.com\/index.php\/wp-json\/wp\/v2\/media\/186583"}],"wp:attachment":[{"href":"http:\/\/www.tvturk.com\/index.php\/wp-json\/wp\/v2\/media?parent=186582"}],"wp:term":[{"taxonomy":"category","embeddable":true,"href":"http:\/\/www.tvturk.com\/index.php\/wp-json\/wp\/v2\/categories?post=186582"},{"taxonomy":"post_tag","embeddable":true,"href":"http:\/\/www.tvturk.com\/index.php\/wp-json\/wp\/v2\/tags?post=186582"}],"curies":[{"name":"wp","href":"https:\/\/api.w.org\/{rel}","templated":true}]}}