{"id":186584,"date":"2019-07-26T10:46:11","date_gmt":"2019-07-26T07:46:11","guid":{"rendered":"http:\/\/www.tvturk.com\/index.php\/naim-suleymanoglunun-dogdugu-kente-heykeli-dikildi\/"},"modified":"2019-07-26T10:46:11","modified_gmt":"2019-07-26T07:46:11","slug":"naim-suleymanoglunun-dogdugu-kente-heykeli-dikildi","status":"publish","type":"post","link":"http:\/\/www.tvturk.com\/index.php\/naim-suleymanoglunun-dogdugu-kente-heykeli-dikildi\/","title":{"rendered":"Naim S\u00fcleymano\u011flu\u2019nun do\u011fdu\u011fu kente heykeli dikildi"},"content":{"rendered":"<p>Efsane halterci Naim S\u00fcleymano\u011flu\u2019nun do\u011fdu\u011fu kentte heykeli dikildi.<\/p>\n<p>Ge\u00e7ti\u011fimiz y\u0131l hayat\u0131n\u0131 kaybeden olimpiyat ve d\u00fcnya \u015fampiyonu Naim S\u00fcleymano\u011flu\u2019nun do\u011fdu\u011fu Bulgaristan\u2019\u0131n Mestanl\u0131 \u015fehrine heykeli dikildi. S\u00fcleymano\u011flu\u2019nun heykelinin a\u00e7\u0131l\u0131\u015f\u0131na Bulgaristan ve T\u00fcrkiye Halter federasyonlar\u0131 ba\u015fkanlar\u0131, \u00fcyelerinin \u00e7o\u011funlu\u011funu T\u00fcrklerin olu\u015fturdu\u011fu Hak ve \u00d6zg\u00fcrl\u00fckler Hareketi Partisi (H\u00d6H) Genel Ba\u015fkan\u0131 Mustafa Karaday\u0131\u2019n\u0131n yan\u0131 s\u0131ra T\u00fcrkiye ve Bulgaristan\u2019dan \u00e7ok say\u0131da siyaset\u00e7i ve sivil toplum \u00f6rg\u00fct\u00fc temsilcileri kat\u0131ld\u0131.<\/p>\n<p>\u00d6te yandan, Naim S\u00fcleymano\u011flu\u2019nun ya\u015fam\u0131n\u0131 anlatan \u201cCep Herk\u00fcl\u00fc: Naim S\u00fcleymano\u011flu\u201d filminin \u00e7ekimleri de Mestanl\u0131\u2019da devam ediyor. Dijital Sanatlar Yap\u0131mevi taraf\u0131ndan hayata ge\u00e7irilen yap\u0131m\u0131n \u00e7ekimleri, T\u00fcrkiye\u2019deki sahnelerin ard\u0131ndan Bulgaristan\u2019da S\u00fcleymano\u011flu\u2019nun do\u011fdu\u011fu \u015fehirde devam ediyor.<\/p>\n","protected":false},"excerpt":{"rendered":"<p>GE\u00c7T\u0130\u011e\u0130M\u0130Z YIL HAYATINI KAYBEDEN OL\u0130MP\u0130YAT VE D\u00dcNYA \u015eAMP\u0130YONU NA\u0130M S\u00dcLEYMANO\u011eLU\u2019NUN DO\u011eDU\u011eU BULGAR\u0130STAN\u2019IN MESTANLI \u015eEHR\u0130NE HEYKEL\u0130 D\u0130K\u0130LD\u0130.<\/p>\n","protected":false},"author":1,"featured_media":186585,"comment_status":"closed","ping_status":"open","sticky":false,"template":"","format":"standard","meta":{"jetpack_post_was_ever_published":false,"_jetpack_newsletter_access":"","_jetpack_dont_email_post_to_subs":false,"_jetpack_newsletter_tier_id":0,"_jetpack_memberships_contains_paywalled_content":false,"_jetpack_memberships_contains_paid_content":false,"footnotes":"","jetpack_publicize_message":"","jetpack_publicize_feature_enabled":true,"jetpack_social_post_already_shared":true,"jetpack_social_options":{"image_generator_settings":{"template":"highway","default_image_id":0,"font":"","enabled":false},"version":2}},"categories":[10],"tags":[702,18769,8968,19193,28051,46353],"class_list":["post-186584","post","type-post","status-publish","format-standard","has-post-thumbnail","hentry","category-dunya","tag-dikildi","tag-dogdugu","tag-heykeli","tag-kente","tag-naim","tag-suleymanoglunun"],"jetpack_publicize_connections":[],"jetpack_featured_media_url":"https:\/\/i0.wp.com\/www.tvturk.com\/wp-content\/uploads\/2019\/07\/naim-suleymanoglunun-dogdugu-kente-heykeli-dikildi_eceee76.jpg?fit=1000%2C750","jetpack_sharing_enabled":true,"jetpack_shortlink":"https:\/\/wp.me\/paKIfm-Mxq","_links":{"self":[{"href":"http:\/\/www.tvturk.com\/index.php\/wp-json\/wp\/v2\/posts\/186584","targetHints":{"allow":["GET"]}}],"collection":[{"href":"http:\/\/www.tvturk.com\/index.php\/wp-json\/wp\/v2\/posts"}],"about":[{"href":"http:\/\/www.tvturk.com\/index.php\/wp-json\/wp\/v2\/types\/post"}],"author":[{"embeddable":true,"href":"http:\/\/www.tvturk.com\/index.php\/wp-json\/wp\/v2\/users\/1"}],"replies":[{"embeddable":true,"href":"http:\/\/www.tvturk.com\/index.php\/wp-json\/wp\/v2\/comments?post=186584"}],"version-history":[{"count":0,"href":"http:\/\/www.tvturk.com\/index.php\/wp-json\/wp\/v2\/posts\/186584\/revisions"}],"wp:featuredmedia":[{"embeddable":true,"href":"http:\/\/www.tvturk.com\/index.php\/wp-json\/wp\/v2\/media\/186585"}],"wp:attachment":[{"href":"http:\/\/www.tvturk.com\/index.php\/wp-json\/wp\/v2\/media?parent=186584"}],"wp:term":[{"taxonomy":"category","embeddable":true,"href":"http:\/\/www.tvturk.com\/index.php\/wp-json\/wp\/v2\/categories?post=186584"},{"taxonomy":"post_tag","embeddable":true,"href":"http:\/\/www.tvturk.com\/index.php\/wp-json\/wp\/v2\/tags?post=186584"}],"curies":[{"name":"wp","href":"https:\/\/api.w.org\/{rel}","templated":true}]}}