{"id":186592,"date":"2019-07-26T10:46:33","date_gmt":"2019-07-26T07:46:33","guid":{"rendered":"http:\/\/www.tvturk.com\/index.php\/mamakin-herkulu-milli-takim-yolcusu\/"},"modified":"2019-07-26T10:46:33","modified_gmt":"2019-07-26T07:46:33","slug":"mamakin-herkulu-milli-takim-yolcusu","status":"publish","type":"post","link":"http:\/\/www.tvturk.com\/index.php\/mamakin-herkulu-milli-takim-yolcusu\/","title":{"rendered":"Mamak\u2019\u0131n Herk\u00fcl\u00fc Milli Tak\u0131m yolcusu"},"content":{"rendered":"<p>14 Temmuz tarihlerinde Sivas\u2019ta ger\u00e7ekle\u015fen B\u00fcy\u00fckler T\u00fcrkiye Halter \u015eampiyonas\u0131\u2019nda 61 kg\u2019da T\u00fcrkiye \u015eampiyonu olan ve Milli Tak\u0131ma girmeye hak kazanan Berkant Yi\u011fit, \u015fampiyonluk sevincini Mamak Belediye Ba\u015fkan\u0131 Murat K\u00f6se ile payla\u015ft\u0131. K\u00f6se\u2019yi makam\u0131nda ziyaret eden ba\u015far\u0131l\u0131 sporcuyu tebrik eden K\u00f6se, \u201c\u0130nan\u0131yorum ki sporcumuz uluslararas\u0131 \u015fampiyonalarda da b\u00fcy\u00fck ba\u015far\u0131lara imza atarak hem il\u00e7emizin hem de \u00fclkemizin gurur kayna\u011f\u0131 olacak. \u00dclkemizi ba\u015far\u0131yla temsil edecek ba\u015far\u0131l\u0131 sporcular yeti\u015ftiriyoruz\u201d dedi.<\/p>\n<p>\u0130mkan bizden, ba\u015far\u0131 onlardan<\/p>\n<p>Gen\u00e7leri spora y\u00f6nlendirmek ve daha sa\u011fl\u0131kl\u0131 ortamlarda spor yapmalar\u0131n\u0131 sa\u011flamak i\u00e7in \u00e7al\u0131\u015fmalar\u0131n\u0131 aral\u0131ks\u0131z s\u00fcrd\u00fcrd\u00fcklerini kaydeden K\u00f6se, \u201cHalter, bizim olimpiyatlarda madalya kazand\u0131\u011f\u0131m\u0131z \u00f6nemli bir bran\u015f ve ata sporumuzdur. Bizler spora ve sporculara deste\u011fimizi art\u0131rarak devam ettirece\u011fiz. B\u00f6yle ba\u015far\u0131l\u0131 gen\u00e7lerin yeti\u015fti\u011fini g\u00f6r\u00fcnce spora verdi\u011fimiz deste\u011fin ne kadar do\u011fru oldu\u011funu bir kez daha anl\u0131yoruz. Biz imkan sa\u011fl\u0131yoruz sporcular\u0131m\u0131z ba\u015far\u0131 elde ediyor. Halter Tak\u0131m\u0131 sporcular\u0131n\u0131 ve onlar\u0131 yeti\u015ftiren de\u011ferli antren\u00f6r\u00fcm\u00fcz\u00fc y\u00fcrekten kutluyorum\u201d dedi.<\/p>\n","protected":false},"excerpt":{"rendered":"<p>14 TEMMUZ TAR\u0130HLER\u0130NDE S\u0130VAS\u2019TA GER\u00c7EKLE\u015eEN B\u00dcY\u00dcKLER T\u00dcRK\u0130YE HALTER \u015eAMP\u0130YONASI\u2019NDA 61 KG\u2019DA T\u00dcRK\u0130YE \u015eAMP\u0130YONU OLAN VE M\u0130LL\u0130 TAKIMA G\u0130RMEYE HAK KAZANAN BERKANT Y\u0130\u011e\u0130T, \u015eAMP\u0130YONLUK SEV\u0130NC\u0130N\u0130 MAMAK BELED\u0130YE BA\u015eKANI MURAT K\u00d6SE \u0130LE PAYLA\u015eTI. K\u00d6SE\u2019Y\u0130 MAKAMINDA Z\u0130YARET EDEN BA\u015eARILI SPORCUYU TEBR\u0130K EDEN K\u00d6SE, \u201c\u0130NANIYORUM K\u0130 SPORCUMUZ ULUSLARARASI \u015eAMP\u0130YONALARDA DA B\u00dcY\u00dcK BA\u015eARILARA \u0130MZA ATARAK HEM \u0130L\u00c7EM\u0130Z\u0130N HEM DE \u00dcLKEM\u0130Z\u0130N GURUR KAYNA\u011eI OLACAK. \u00dcLKEM\u0130Z\u0130 BA\u015eARIYLA TEMS\u0130L EDECEK BA\u015eARILI SPORCULAR YET\u0130\u015eT\u0130R\u0130YORUZ\u201d DED\u0130.<\/p>\n","protected":false},"author":1,"featured_media":186593,"comment_status":"closed","ping_status":"open","sticky":false,"template":"","format":"standard","meta":{"jetpack_post_was_ever_published":false,"_jetpack_newsletter_access":"","_jetpack_dont_email_post_to_subs":false,"_jetpack_newsletter_tier_id":0,"_jetpack_memberships_contains_paywalled_content":false,"_jetpack_memberships_contains_paid_content":false,"footnotes":"","jetpack_publicize_message":"","jetpack_publicize_feature_enabled":true,"jetpack_social_post_already_shared":true,"jetpack_social_options":{"image_generator_settings":{"template":"highway","default_image_id":0,"font":"","enabled":false},"version":2}},"categories":[1],"tags":[46358,46357,429,6670,5464],"class_list":["post-186592","post","type-post","status-publish","format-standard","has-post-thumbnail","hentry","category-genel","tag-herkulu","tag-mamakin","tag-milli","tag-takim","tag-yolcusu"],"jetpack_publicize_connections":[],"jetpack_featured_media_url":"https:\/\/i0.wp.com\/www.tvturk.com\/wp-content\/uploads\/2019\/07\/mamakin-herkulu-milli-takim-yolcusu_8cf32d5.jpg?fit=1000%2C759","jetpack_sharing_enabled":true,"jetpack_shortlink":"https:\/\/wp.me\/paKIfm-Mxy","_links":{"self":[{"href":"http:\/\/www.tvturk.com\/index.php\/wp-json\/wp\/v2\/posts\/186592","targetHints":{"allow":["GET"]}}],"collection":[{"href":"http:\/\/www.tvturk.com\/index.php\/wp-json\/wp\/v2\/posts"}],"about":[{"href":"http:\/\/www.tvturk.com\/index.php\/wp-json\/wp\/v2\/types\/post"}],"author":[{"embeddable":true,"href":"http:\/\/www.tvturk.com\/index.php\/wp-json\/wp\/v2\/users\/1"}],"replies":[{"embeddable":true,"href":"http:\/\/www.tvturk.com\/index.php\/wp-json\/wp\/v2\/comments?post=186592"}],"version-history":[{"count":0,"href":"http:\/\/www.tvturk.com\/index.php\/wp-json\/wp\/v2\/posts\/186592\/revisions"}],"wp:featuredmedia":[{"embeddable":true,"href":"http:\/\/www.tvturk.com\/index.php\/wp-json\/wp\/v2\/media\/186593"}],"wp:attachment":[{"href":"http:\/\/www.tvturk.com\/index.php\/wp-json\/wp\/v2\/media?parent=186592"}],"wp:term":[{"taxonomy":"category","embeddable":true,"href":"http:\/\/www.tvturk.com\/index.php\/wp-json\/wp\/v2\/categories?post=186592"},{"taxonomy":"post_tag","embeddable":true,"href":"http:\/\/www.tvturk.com\/index.php\/wp-json\/wp\/v2\/tags?post=186592"}],"curies":[{"name":"wp","href":"https:\/\/api.w.org\/{rel}","templated":true}]}}