{"id":186620,"date":"2019-07-26T11:01:58","date_gmt":"2019-07-26T08:01:58","guid":{"rendered":"http:\/\/www.tvturk.com\/index.php\/adiyamanlilar-kan-vermek-icin-hastaneye-akin-etti\/"},"modified":"2019-07-26T11:01:58","modified_gmt":"2019-07-26T08:01:58","slug":"adiyamanlilar-kan-vermek-icin-hastaneye-akin-etti","status":"publish","type":"post","link":"http:\/\/www.tvturk.com\/index.php\/adiyamanlilar-kan-vermek-icin-hastaneye-akin-etti\/","title":{"rendered":"Ad\u0131yamanl\u0131lar kan vermek i\u00e7in hastaneye ak\u0131n etti"},"content":{"rendered":"<p>Ad\u0131yaman\u2019\u0131n Sincik il\u00e7esinde ter\u00f6r \u00f6rg\u00fct\u00fc mensuplar\u0131n\u0131n silahl\u0131 sald\u0131r\u0131s\u0131 sonucu a\u011f\u0131r yaralanan Polis Memuru Taha Ulu\u00e7ay\u2019a kan vermek i\u00e7in Ad\u0131yamanl\u0131lar hastaneye ak\u0131n etti.<\/p>\n<p>\u00d6nceki gece saat 00.00\u2019da Sincik il\u00e7esinde devriye g\u00f6revi yapan polis arac\u0131na ter\u00f6r \u00f6rg\u00fct\u00fc PKK mensuplar\u0131 taraf\u0131ndan d\u00fczenlenen sald\u0131r\u0131da a\u011f\u0131r yaralanan Polis Memuru Taha Ulu\u00e7ay i\u00e7in yetkililer ve vatanda\u015flar seferber oldu.<\/p>\n<p>Ad\u0131yaman E\u011fitim ve Ara\u015ft\u0131rma Hastanesi\u2019nde ameliyata al\u0131nan yaral\u0131 polis memuru i\u00e7in belediye hoparl\u00f6r\u00fcnden kan anonsu yap\u0131ld\u0131. Ad\u0131yamanl\u0131 vatanda\u015flar hastane kan merkezine gelerek kan vermek i\u00e7in s\u0131raya girdi. Vatanda\u015flar polis memurunun kan ihtiyac\u0131n\u0131 gidermek i\u00e7in s\u0131ra bekledi.<\/p>\n<p>Ya\u015fanan olay\u0131 k\u0131nayan Ad\u0131yamanl\u0131 vatanda\u015flar, bar\u0131\u015f ve huzur kenti Ad\u0131yaman\u2019da bu t\u00fcr olaylar\u0131n olmas\u0131n\u0131n \u00fcz\u00fcc\u00fc oldu\u011funu belirterek, ter\u00f6r \u00f6rg\u00fct\u00fcn\u00fc lanetledi.<\/p>\n","protected":false},"excerpt":{"rendered":"<p>ADIYAMAN\u2019IN S\u0130NC\u0130K \u0130L\u00c7ES\u0130NDE TER\u00d6R \u00d6RG\u00dcT\u00dc MENSUPLARININ S\u0130LAHLI SALDIRISI SONUCU A\u011eIR YARALANAN POL\u0130S MEMURU TAHA ULU\u00c7AY\u2019A KAN VERMEK \u0130\u00c7\u0130N ADIYAMAN HALKI HASTANEYE AKIN ETT\u0130.<\/p>\n","protected":false},"author":1,"featured_media":186621,"comment_status":"closed","ping_status":"open","sticky":false,"template":"","format":"standard","meta":{"jetpack_post_was_ever_published":false,"_jetpack_newsletter_access":"","_jetpack_dont_email_post_to_subs":false,"_jetpack_newsletter_tier_id":0,"_jetpack_memberships_contains_paywalled_content":false,"_jetpack_memberships_contains_paid_content":false,"footnotes":"","jetpack_publicize_message":"","jetpack_publicize_feature_enabled":true,"jetpack_social_post_already_shared":true,"jetpack_social_options":{"image_generator_settings":{"template":"highway","default_image_id":0,"font":"","enabled":false},"version":2}},"categories":[1],"tags":[46363,328,207,2097,44,202,4584],"class_list":["post-186620","post","type-post","status-publish","format-standard","has-post-thumbnail","hentry","category-genel","tag-adiyamanlilar","tag-akin","tag-etti","tag-hastaneye","tag-icin","tag-kan","tag-vermek"],"jetpack_publicize_connections":[],"jetpack_featured_media_url":"https:\/\/i0.wp.com\/www.tvturk.com\/wp-content\/uploads\/2019\/07\/adiyamanlilar-kan-vermek-icin-hastaneye-akin-etti_68bd1d3.jpg?fit=1000%2C666","jetpack_sharing_enabled":true,"jetpack_shortlink":"https:\/\/wp.me\/paKIfm-My0","_links":{"self":[{"href":"http:\/\/www.tvturk.com\/index.php\/wp-json\/wp\/v2\/posts\/186620","targetHints":{"allow":["GET"]}}],"collection":[{"href":"http:\/\/www.tvturk.com\/index.php\/wp-json\/wp\/v2\/posts"}],"about":[{"href":"http:\/\/www.tvturk.com\/index.php\/wp-json\/wp\/v2\/types\/post"}],"author":[{"embeddable":true,"href":"http:\/\/www.tvturk.com\/index.php\/wp-json\/wp\/v2\/users\/1"}],"replies":[{"embeddable":true,"href":"http:\/\/www.tvturk.com\/index.php\/wp-json\/wp\/v2\/comments?post=186620"}],"version-history":[{"count":0,"href":"http:\/\/www.tvturk.com\/index.php\/wp-json\/wp\/v2\/posts\/186620\/revisions"}],"wp:featuredmedia":[{"embeddable":true,"href":"http:\/\/www.tvturk.com\/index.php\/wp-json\/wp\/v2\/media\/186621"}],"wp:attachment":[{"href":"http:\/\/www.tvturk.com\/index.php\/wp-json\/wp\/v2\/media?parent=186620"}],"wp:term":[{"taxonomy":"category","embeddable":true,"href":"http:\/\/www.tvturk.com\/index.php\/wp-json\/wp\/v2\/categories?post=186620"},{"taxonomy":"post_tag","embeddable":true,"href":"http:\/\/www.tvturk.com\/index.php\/wp-json\/wp\/v2\/tags?post=186620"}],"curies":[{"name":"wp","href":"https:\/\/api.w.org\/{rel}","templated":true}]}}