{"id":186648,"date":"2019-07-26T11:17:18","date_gmt":"2019-07-26T08:17:18","guid":{"rendered":"http:\/\/www.tvturk.com\/index.php\/ec-boxing-turk-profesyonel-boksunun-dunyadaki-temsilcisi\/"},"modified":"2019-07-26T11:17:18","modified_gmt":"2019-07-26T08:17:18","slug":"ec-boxing-turk-profesyonel-boksunun-dunyadaki-temsilcisi","status":"publish","type":"post","link":"http:\/\/www.tvturk.com\/index.php\/ec-boxing-turk-profesyonel-boksunun-dunyadaki-temsilcisi\/","title":{"rendered":"EC BOXING T\u00fcrk profesyonel boksunun d\u00fcnyadaki temsilcisi"},"content":{"rendered":"<p>Kurulu\u015fu, hen\u00fcz dokuz y\u0131l\u0131n\u0131 tamamlamadan d\u00fcnya \u00e7ap\u0131nda dev ba\u015far\u0131lara imza atan T\u00fcrk boks kul\u00fcb\u00fc EC BOXING, d\u00fcnyan\u0131n \u00e7e\u015fitli \u00fclkelerinde 45 boks galas\u0131 d\u00fczenledi. 6 d\u00fcnya \u015fampiyonlu\u011fu, 17 Avrupa \u015fampiyonlu\u011fu, 22 d\u00fcnya k\u0131talar aras\u0131 \u015fampiyonluk ve say\u0131s\u0131z farkl\u0131 \u015fampiyonluklar\u0131 kazan\u0131rken, \u00fc\u00e7 kez \u00fcst \u00fcste Almanya\u2019n\u0131n en iyi boks kul\u00fcb\u00fc se\u00e7ildi. T\u00fcrk boks\u00f6rleri de d\u00fcnya ringlerinde devle\u015ftirdi.<\/p>\n<p>2010 y\u0131l\u0131nda eski sporcu ve i\u015f adam\u0131 Erol Ceylan, taraf\u0131ndan kurulan EC BOXING, dokuz y\u0131l i\u00e7erisinde d\u00fcnyan\u0131n zirvesine t\u0131rmanarak 6 d\u00fcnya \u015fampiyonlu\u011fu, 22 D\u00fcnya K\u0131talararas\u0131 \u015fampiyonlu\u011fu, 17 kez Avrupa \u015fampiyonlu\u011fu ve \u00e7ok say\u0131da de\u011fi\u015fik \u015fampiyonluklara imza atarak, T\u00fcrk boksunun gururu oldu. Kuruldu\u011fu g\u00fcnden bu yana 45 kez d\u00fcnya \u00e7ap\u0131nda dev organizasyona imza atarak d\u00fcnyan\u0131n dev boks\u00f6rlerini ringlere \u00e7\u0131kard\u0131.<\/p>\n<p>B\u00fcnyesinde yirminin \u00fczerinde \u015fampiyon boks\u00f6r bulunurken, bug\u00fcne kadar bir\u00e7ok d\u00fcnya star\u0131 da EC BOXING formas\u0131yla ringlerde f\u0131rt\u0131nalar estirdi. D\u00fcnyadaki \u00e7ok say\u0131da boks\u00f6r ise, EC BOXING formas\u0131 alt\u0131nda ringlere \u00e7\u0131kabilmek i\u00e7in birbiriyle yar\u0131\u015f\u0131yorlar. D\u00fcnyan\u0131n en iyi antren\u00f6rleri aras\u0131nda bulunan B\u00fclent Ba\u015fer, kul\u00fcb\u00fcn ba\u015fantren\u00f6rl\u00fc\u011f\u00fcn\u00fc s\u00fcrd\u00fcr\u00fcyor. Profesyonel d\u00f6v\u00fc\u015f sporlar\u0131 yazar\u0131 Vedat Alyaz ise bas\u0131n dan\u0131\u015fmanl\u0131\u011f\u0131n\u0131 y\u00fcr\u00fct\u00fcyor.<\/p>\n<p>Son 3 senedir Almanya\u2019da zirvede<\/p>\n<p>D\u00fczenledi\u011fi galalar t\u00fcm d\u00fcnya televizyonlar\u0131 taraf\u0131ndan canl\u0131 olarak yay\u0131mlan\u0131yor. Almanya\u2019n\u0131n yan\u0131 s\u0131ra \u0130sve\u00e7, ABD, \u0130ngiltere, Bulgaristan ve bir\u00e7ok \u00fclkede partnerleriyle birlikte dev boks galalar\u0131na imza at\u0131yor. D\u00fcnyan\u0131n zirvesindeki t\u00fcm boks\u00f6r ve y\u00f6neticileriyle \u00e7ok samimi ili\u015fkileri bulanan Erol Ceylan, k\u0131sa s\u00fcrede sevildi. Son \u00fc\u00e7 y\u0131ldan beri \u00fcst \u00fcste Almanya Boks Federasyonu taraf\u0131ndan en iyi boks kul\u00fcb\u00fc se\u00e7ilen EC BOXING olurken, Ba\u015fkan Erol Ceylan da en iyi promot\u00f6r olarak \u00f6d\u00fclleri topluyor.<\/p>\n<p>&#8220;\u0130stanbul Levent\u2019te EC BOXING\u2019in temsilcili\u011fini a\u00e7maya haz\u0131rlan\u0131yoruz&#8221;<\/p>\n<p>Hedefinin T\u00fcrkiye\u2019deki boks\u00f6rleri d\u00fcnyaya tan\u0131tmak oldu\u011funu vurgulayan ba\u015far\u0131l\u0131 i\u015f ve spor adam\u0131 Erol Ceylan, &#8220;\u015eu an bu ama\u00e7la \u0130stanbul Levent\u2019te EC BOXING\u2019in temsilcili\u011fini a\u00e7maya haz\u0131rlan\u0131yoruz. 25 Ekim\u2019de \u0130stanbul\u2019da dev bir boks galas\u0131 d\u00fczenleyerek, a\u00e7\u0131l\u0131\u015f\u0131m\u0131z\u0131 da yapm\u0131\u015f olaca\u011f\u0131z. Bu galam\u0131za \u015fimdiye kadar izleyicilerimizin televizyondan g\u00f6rd\u00fckleri d\u00fcnya starlar\u0131n\u0131 getirerek bizzat g\u00f6rmelerini sa\u011flayaca\u011f\u0131z&#8221; dedi. \u0130stanbul ofisinin i\u00e7 dizayn\u0131 ve t\u00fcm planlamalar\u0131n\u0131 ise e\u015fi model ve dizayner olan Alexander Ceylan yap\u0131yor.<\/p>\n<p>Kul\u00fcp d\u00fcnya \u00e7ap\u0131nda boks\u00f6rleri \u00e7at\u0131s\u0131 alt\u0131na toplarken, bunlar aras\u0131nda F\u0131rat Arslan, Fatih Kele\u015f, Ali Eren Demirezen ve H\u00fcseyin Cinkara\u2019da bulunuyor. Ayr\u0131ca Almanlar\u0131n d\u00fcnya \u015fampiyonu Sebastian Formella, yine d\u00fcnya \u015fampiyonlar\u0131ndan Karo Murat, Igor Michalkin ve Sven Fornling gibi d\u00f6rt d\u00fcnya \u015fampiyonu ile Christian Hammer gibi devleri de kul\u00fcp formas\u0131 alt\u0131nda d\u00fcnyaya meydan okuyor.<\/p>\n<p>Kul\u00fcp b\u00fcnyesinde sporcu ve antren\u00f6rler \u015f\u00f6yle:<\/p>\n<p>B\u00fclent Ba\u015fer<\/p>\n<p>Boks\u00f6r olarak milli tak\u0131ma hizmet ettikten sonra, Sinan \u015eamil Sam\u2019\u0131n profesyonel boksa ba\u015flamas\u0131yla birlikte ekibinde yer ald\u0131. D\u00fcnyan\u0131n en iyi antren\u00f6rlerinden Fritz Sdunek, Uli Wegner ile K\u00fcbal\u0131 ve Rus antren\u00f6rlerden dersler alarak \u015fu an i\u00e7in d\u00fcnyan\u0131n say\u0131l\u0131 antren\u00f6rleri aras\u0131na girmeyi ba\u015fard\u0131. Ba\u015fer, bug\u00fcne kadar \u00e7ok say\u0131da d\u00fcnya \u015fampiyonu yeti\u015ftirirken, alt\u0131 kez de d\u00fcnya \u015fampiyonu Klitschko karde\u015flerin kar\u015f\u0131s\u0131na boks\u00f6r \u00e7\u0131kararak k\u00f6\u015fesinde yer ald\u0131.<\/p>\n<p>F\u0131rat Arslan<\/p>\n<p>Kul\u00fcp boks\u00f6rlerinden F\u0131rat Arslan; T\u00fcrk profesyonel boks tarihinin ilk ve tek d\u00fcnya \u015fampiyonu olma \u00f6zelli\u011fini ta\u015f\u0131yor. Sporcunun tarihi inan\u0131lmaz ba\u015far\u0131larla dolu. Sekiz kez d\u00fcnya \u015fampiyonlu\u011fu, Avrupa, d\u00fcnya k\u0131talararas\u0131, Almanya \u015fampiyonluklar\u0131n\u0131 defalarca kazanarak, d\u00fcnya boks tarihine ismini alt\u0131n harflerle yazm\u0131\u015f bir isim.<\/p>\n<p>Fatih Kele\u015f<\/p>\n<p>Amat\u00f6r boksta T\u00fcrkiye\u2019yi b\u00fcy\u00fck bir ba\u015far\u0131yla temsil etmi\u015f olan sporcu, T\u00fcrkiye ad\u0131na olimpiyatlarda m\u00fccadele verdikten sonra, profesyonel boksa ge\u00e7meye karar verdi ve EC BOXING ile s\u00f6zle\u015fme imzalayarak kul\u00fcb\u00fcn sar\u0131-siyah-beyazl\u0131 formas\u0131 alt\u0131nda ringlere \u00e7\u0131kmaya ba\u015flad\u0131. 2017 y\u0131l\u0131nda Almanya\u2019da Avrupa \u015fampiyonluk kemerini kazanmay\u0131 ba\u015fard\u0131. Bu kemeri d\u00f6rt kez \u00fcst \u00fcste kazanan Fatih, ge\u00e7ti\u011fimiz aylarda Avustralya\u2019da dev bir kar\u015f\u0131la\u015fmaya \u00e7\u0131kt\u0131. Muhte\u015fem bir m\u00fccadele vermesine ra\u011fmen profesyonel kariyerinde \u00e7\u0131kt\u0131\u011f\u0131 14 kar\u015f\u0131la\u015fmadaki tek yenilgisini ald\u0131.<\/p>\n<p>Ali Eren Demirezen<\/p>\n<p>A\u011f\u0131r s\u0131klette yer alan Ali Eren Demirezen, k\u0131sa s\u00fcrede b\u00fcy\u00fck i\u015fler ba\u015fard\u0131. Amat\u00f6r boksta b\u00fcy\u00fck ba\u015far\u0131lar imza atarak, T\u00fcrkiye\u2019yi temsil eden Ali Eren Demirezen de yine olimpiyatlara kat\u0131ld\u0131ktan sonra profesyonel boksa ge\u00e7erken, o da EC BOXING formas\u0131 alt\u0131nda ringlere \u00e7\u0131kmaya ba\u015flad\u0131. Ali 2018 y\u0131l\u0131nda Avrupa \u015fampiyonlu\u011funu kazan\u0131rken bu kemerini \u00fc\u00e7 kez \u00fcst \u00fcste koruyarak b\u00fcy\u00fck bir ba\u015far\u0131ya imza att\u0131. Bug\u00fcne kadar \u00e7\u0131kt\u0131\u011f\u0131 12 ma\u00e7\u0131n sadece birinde yenilgiye u\u011frad\u0131.<\/p>\n<p>H\u00fcseyin Cinkara<\/p>\n<p>T\u00fcrk profesyonel boksunun gelecek vadeden ba\u015far\u0131l\u0131 isimlerinden olan H\u00fcseyin Cinkara, bug\u00fcne kadar yapm\u0131\u015f oldu\u011fu 12 ma\u00e7\u0131n hepsini kazan\u0131rken, 10\u2019unu nakavt ile sonland\u0131rm\u0131\u015f. Amat\u00f6r boks ya\u015fant\u0131s\u0131 s\u0131ras\u0131nda Almanya birinci ve ikinci liginde b\u00fcy\u00fck ba\u015far\u0131lara imza atan H\u00fcseyin \u00e7ok say\u0131da \u015fampiyonluklar\u0131 bulunuyor. \u015eu an uluslararas\u0131 Almanya \u015fampiyonluk kemerinin sahibi olan boks\u00f6r \u00f6n\u00fcm\u00fczdeki d\u00f6nemde d\u00fcnyan\u0131n zirvesindeki bir \u015fampiyonluk i\u00e7in \u00e7al\u0131\u015fmalar\u0131n\u0131 s\u00fcrd\u00fcr\u00fcyor.<\/p>\n","protected":false},"excerpt":{"rendered":"<p>KURULU\u015eU, HEN\u00dcZ DOKUZ YILINI TAMAMLAMADAN D\u00dcNYA \u00c7APINDA DEV BA\u015eARILARA \u0130MZA ATAN T\u00dcRK BOKS KUL\u00dcB\u00dc EC BOXING, D\u00dcNYANIN \u00c7E\u015e\u0130TL\u0130 \u00dcLKELER\u0130NDE 45 BOKS GALASI D\u00dcZENLED\u0130. 6 D\u00dcNYA \u015eAMP\u0130YONLU\u011eU, 17 AVRUPA \u015eAMP\u0130YONLU\u011eU, 22 D\u00dcNYA KITALAR ARASI \u015eAMP\u0130YONLUK VE SAYISIZ FARKLI \u015eAMP\u0130YONLUKLARI KAZANIRKEN, \u00dc\u00c7 KEZ \u00dcST \u00dcSTE ALMANYA\u2019NIN EN \u0130Y\u0130 BOKS KUL\u00dcB\u00dc SE\u00c7\u0130LD\u0130. T\u00dcRK BOKS\u00d6RLER\u0130 DE D\u00dcNYA R\u0130NGLER\u0130NDE DEVLE\u015eT\u0130RD\u0130.<\/p>\n","protected":false},"author":1,"featured_media":186649,"comment_status":"closed","ping_status":"open","sticky":false,"template":"","format":"standard","meta":{"jetpack_post_was_ever_published":false,"_jetpack_newsletter_access":"","_jetpack_dont_email_post_to_subs":false,"_jetpack_newsletter_tier_id":0,"_jetpack_memberships_contains_paywalled_content":false,"_jetpack_memberships_contains_paid_content":false,"footnotes":"","jetpack_publicize_message":"","jetpack_publicize_feature_enabled":true,"jetpack_social_post_already_shared":true,"jetpack_social_options":{"image_generator_settings":{"template":"highway","default_image_id":0,"font":"","enabled":false},"version":2}},"categories":[657],"tags":[46378,19627,17277,9617,6048,957],"class_list":["post-186648","post","type-post","status-publish","format-standard","has-post-thumbnail","hentry","category-spor","tag-boksunun","tag-boxing","tag-dunyadaki","tag-profesyonel","tag-temsilcisi","tag-turk"],"jetpack_publicize_connections":[],"jetpack_featured_media_url":"https:\/\/i0.wp.com\/www.tvturk.com\/wp-content\/uploads\/2019\/07\/ec-boxing-turk-profesyonel-boksunun-dunyadaki-temsilcisi_0bc60ac.jpg?fit=1000%2C562","jetpack_sharing_enabled":true,"jetpack_shortlink":"https:\/\/wp.me\/paKIfm-Mys","_links":{"self":[{"href":"http:\/\/www.tvturk.com\/index.php\/wp-json\/wp\/v2\/posts\/186648","targetHints":{"allow":["GET"]}}],"collection":[{"href":"http:\/\/www.tvturk.com\/index.php\/wp-json\/wp\/v2\/posts"}],"about":[{"href":"http:\/\/www.tvturk.com\/index.php\/wp-json\/wp\/v2\/types\/post"}],"author":[{"embeddable":true,"href":"http:\/\/www.tvturk.com\/index.php\/wp-json\/wp\/v2\/users\/1"}],"replies":[{"embeddable":true,"href":"http:\/\/www.tvturk.com\/index.php\/wp-json\/wp\/v2\/comments?post=186648"}],"version-history":[{"count":0,"href":"http:\/\/www.tvturk.com\/index.php\/wp-json\/wp\/v2\/posts\/186648\/revisions"}],"wp:featuredmedia":[{"embeddable":true,"href":"http:\/\/www.tvturk.com\/index.php\/wp-json\/wp\/v2\/media\/186649"}],"wp:attachment":[{"href":"http:\/\/www.tvturk.com\/index.php\/wp-json\/wp\/v2\/media?parent=186648"}],"wp:term":[{"taxonomy":"category","embeddable":true,"href":"http:\/\/www.tvturk.com\/index.php\/wp-json\/wp\/v2\/categories?post=186648"},{"taxonomy":"post_tag","embeddable":true,"href":"http:\/\/www.tvturk.com\/index.php\/wp-json\/wp\/v2\/tags?post=186648"}],"curies":[{"name":"wp","href":"https:\/\/api.w.org\/{rel}","templated":true}]}}