{"id":18667,"date":"2019-02-10T15:53:52","date_gmt":"2019-02-10T12:53:52","guid":{"rendered":"http:\/\/www.tvturk.com\/index.php\/yildirim-cumhur-ittifaki-turkiyenin-dogru-yolu-olacak\/"},"modified":"2019-02-10T15:53:57","modified_gmt":"2019-02-10T12:53:57","slug":"yildirim-cumhur-ittifaki-turkiyenin-dogru-yolu-olacak","status":"publish","type":"post","link":"http:\/\/www.tvturk.com\/index.php\/yildirim-cumhur-ittifaki-turkiyenin-dogru-yolu-olacak\/","title":{"rendered":"Y\u0131ld\u0131r\u0131m: \u201cCumhur \u0130ttifak\u0131 T\u00fcrkiye\u2019nin do\u011fru yolu olacak\u201d"},"content":{"rendered":"<p>AK Parti \u00dcmraniye Belediye Ba\u015fkan aday\u0131 \u0130smet Y\u0131ld\u0131r\u0131m, \u201cZaten bundan sonra ben inan\u0131yorum ki, T\u00fcrkiye sola ge\u00e7it vermeyecek. \u0130yi idarecilerle y\u00fczde elli art\u0131 birle zaten se\u00e7ecek. Bundan sonra Cumhur \u0130ttifak\u0131 hakikaten T\u00fcrkiye\u2019nin bir yolu olacak, do\u011fru yolu olacak\u201d dedi.<\/p>\n<p>\u00dcmraniye Belediye Ba\u015fkan aday\u0131 \u0130smet Y\u0131ld\u0131r\u0131m, Giresun \u015eebinkarahisar Ekecek K\u00f6y Derne\u011fi\u2019nin d\u00fczenledi\u011fi programa kat\u0131ld\u0131. Giresun ilinin k\u00f6y ve il\u00e7elerinden \u00e7ok say\u0131da dernek ve sivil toplum \u00f6rg\u00fct\u00fc temsilcisinin kat\u0131ld\u0131\u011f\u0131 toplant\u0131da Y\u0131ld\u0131r\u0131m, programa kat\u0131lanlar\u0131n sorular\u0131n\u0131 yan\u0131tlayarak projelerini anlatt\u0131.<\/p>\n<p>\u00dcmraniye Belediye Ba\u015fkan\u0131 Hasan Can d\u00f6neminde \u00dcmraniye\u2019de \u00f6nemli hizmetlerin yap\u0131ld\u0131\u011f\u0131n\u0131 belirten Y\u0131ld\u0131r\u0131m, \u201cAma bir g\u00fcn\u00fcm\u00fcz di\u011fer g\u00fcn\u00fcm\u00fcze m\u00fcsavi olmamas\u0131 laz\u0131m. Peygamberimiz \u00f6yle s\u00f6yl\u00fcyor. Bizim \u00fczerine koyarak bu i\u015fleri gitmemiz laz\u0131m. \u00dcmraniye\u2019ye de biraz dokunu\u015f laz\u0131m. \u00dcmraniye\u2019ye biraz \u015fehir k\u00fclt\u00fcr\u00fc laz\u0131m. Yani o dokunu\u015flarla \u00dcmraniye\u2019de ya\u015fam k\u00fclt\u00fcr\u00fcn\u00fc biraz kaliteli hale getirmek laz\u0131m. Sadece bina yeterli de\u011fil. Yani bir hane, bir bar\u0131nma yeterli de\u011fil. Onun yan\u0131nda bir s\u00fcr\u00fc donat\u0131lar\u0131m\u0131z laz\u0131m. Okullar\u0131m\u0131z laz\u0131m, camilerimiz laz\u0131m, ye\u015fil alanlar\u0131m\u0131z, spor alanlar\u0131m\u0131z laz\u0131m, trafi\u011fin d\u00fczenli olmas\u0131 laz\u0131m. Otoparklar\u0131m\u0131z laz\u0131m. Ama bu biter mi bitmez. Hayat devam etti\u011fi s\u00fcrece bu ihtiya\u00e7lar bitmeyecek. Bizim g\u00f6revimiz de bunu en \u00fccra k\u00f6\u015feye kadar bu hizmetleri getirmek\u201d dedi.<\/p>\n<p>&#8220;Binali Bey\u2019e benden fazla oy verin&#8221;<\/p>\n<p>TBMM Ba\u015fkan\u0131 ve \u0130stanbul B\u00fcy\u00fck\u015fehir Belediye Ba\u015fkan aday\u0131 Binali Y\u0131ld\u0131r\u0131m\u2019\u0131n \u0130stanbul i\u00e7in b\u00fcy\u00fck bir \u015fans oldu\u011funu vurgulayan Y\u0131ld\u0131r\u0131m, \u201cTabi bu arada Binali abi gibi bir de\u011fer var. Hakikaten Binali abinin \u0130zmirliler k\u0131ymetini bilmedi. Yani hakikaten \u0130zmir de\u011ferini bilmedi, se\u00e7medi. Belki de \u0130zmir\u2019de se\u00e7ilseydi Binali abi, \u015fu anda \u0130zmir\u2019i ba\u015fka bir \u0130zmir olarak g\u00f6rebilirdik. Biz ondan dolay\u0131 memnunuz. Benden \u00e7ok fazla oy verin ki B\u00fcy\u00fck\u015fehir\u2019de hizmetlerimizi \u00dcmraniye\u2019ye daha iyi alal\u0131m. Benden daha \u00e7ok oy vermeniz laz\u0131m. Yani y\u00fczde 55-60\u2019lara \u00e7\u0131kmak laz\u0131m diye d\u00fc\u015f\u00fcn\u00fcyorum\u201d ifadelerini kulland\u0131.<\/p>\n<p>&#8220;Cumhur \u0130ttifak\u0131 T\u00fcrkiye\u2019nin yolu olacak&#8221;<\/p>\n<p>\u00dcmraniyelilere sand\u0131\u011fa gitme ve Cumhur \u0130ttifak\u0131\u2019na destek verme \u00e7a\u011fr\u0131s\u0131nda bulunan ba\u015fkan aday\u0131 Y\u0131ld\u0131r\u0131m, \u201cMutlaka sand\u0131\u011fa gidelim. Bu bir beka meselesi. Hakikaten T\u00fcrkiye\u2019nin bekas\u0131 bu belediyecilik falan de\u011fil, belediyecilik zaten yap\u0131l\u0131yor, biliyoruz. Bu i\u015fler yap\u0131l\u0131r ve yapar\u0131z da Allah\u2019\u0131n izni ile. Ama T\u00fcrkiye\u2019nin birlik beraberli\u011fi, bir de Cumhur \u0130ttifak\u0131 gibi \u00f6nemli bir ittifak oldu. Anayasam\u0131z de\u011fi\u015fti. Bundan sonra rabian\u0131n d\u00f6rt tane olan maddesi var ya. Tek devlet, tek vatan, tek millet, tek bayrak.. Bunlar\u0131 isteyen bizim yan\u0131m\u0131za gelsin. Vatanda\u015f da \u00f6yle se\u00e7ecek. Zaten bundan sonra ben inan\u0131yorum ki, T\u00fcrkiye sola ge\u00e7it vermeyecek. \u0130yi idarecilerle y\u00fczde elli art\u0131 birle zaten se\u00e7ecek. Bundan sonra Cumhur \u0130ttifak\u0131 hakikaten T\u00fcrkiye\u2019nin bir yolu olacak, bir do\u011fru yolu olacak\u201d \u015feklinde konu\u015ftu.<div class=\"tiled-gallery type-rectangular tiled-gallery-unresized\" data-original-width=\"500\" data-carousel-extra='null' itemscope itemtype=\"http:\/\/schema.org\/ImageGallery\" > <div class=\"gallery-row\" style=\"width: 500px; height: 224px;\" data-original-width=\"500\" data-original-height=\"224\" > <div class=\"gallery-group images-1\" style=\"width: 334px; height: 224px;\" data-original-width=\"334\" data-original-height=\"224\" > <div class=\"tiled-gallery-item tiled-gallery-item-large\" itemprop=\"associatedMedia\" itemscope itemtype=\"http:\/\/schema.org\/ImageObject\"> <a href=\"http:\/\/www.tvturk.com\/index.php\/yildirim-cumhur-ittifaki-turkiyenin-dogru-yolu-olacak\/yildirim-cumhur-ittifaki-turkiyenin-dogru-yolu-olacak-3\/\" border=\"0\" itemprop=\"url\"> <meta itemprop=\"width\" content=\"330\"> <meta itemprop=\"height\" content=\"220\"> <img decoding=\"async\" class=\"\" data-attachment-id=\"18669\" data-orig-file=\"http:\/\/www.tvturk.com\/wp-content\/uploads\/2019\/02\/yildirim-cumhur-ittifaki-turkiyenin-dogru-yolu-olacak_ea18f00.jpg\" data-orig-size=\"1000,666\" data-comments-opened=\"\" data-image-meta=\"{&quot;aperture&quot;:&quot;0&quot;,&quot;credit&quot;:&quot;IHA&quot;,&quot;camera&quot;:&quot;&quot;,&quot;caption&quot;:&quot;\\u00dcMRAN\\u0130YE BELED\\u0130YE BA\\u015eKAN ADAYI \\u0130SMET YILDIRIM, G\\u0130RESUN \\u015eEB\\u0130NKARAH\\u0130SAR EKECEK K\\u00d6Y DERNE\\u011e\\u0130\\u2019N\\u0130N D\\u00dcZENLED\\u0130\\u011e\\u0130 PROGRAMA KATILDI. G\\u0130RESUN \\u0130L\\u0130N\\u0130N K\\u00d6Y VE \\u0130L\\u00c7ELER\\u0130NDEN \\u00c7OK SAYIDA DERNEK VE S\\u0130V\\u0130L TOPLUM \\u00d6RG\\u00dcT\\u00dc TEMS\\u0130LC\\u0130S\\u0130N\\u0130N KATILDI\\u011eI TOPLANTIDA YILDIRIM, PROGRAMA KATILANLARIN SORULARINI YANITLAYARAK PROJELER\\u0130N\\u0130 ANLATTI. (MUSTAFA ESEN\\\/\\u0130STANBUL-\\u0130HA)&quot;,&quot;created_timestamp&quot;:&quot;0&quot;,&quot;copyright&quot;:&quot;\\u0130HLAS HABER AJANSI, www.iha.com.tr&quot;,&quot;focal_length&quot;:&quot;0&quot;,&quot;iso&quot;:&quot;0&quot;,&quot;shutter_speed&quot;:&quot;0&quot;,&quot;title&quot;:&quot;YILDIRIM: \\u201cCUMHUR \\u0130TT\\u0130FAKI T\\u00dcRK\\u0130YE\\u2019N\\u0130N DO\\u011eRU YOLU OLACAK\\u201d \\u201cZATEN BUNDAN SONRA BEN \\u0130NANIYORUM K\\u0130, T\\u00dcRK\\u0130YE SOLA GE\\u00c7\\u0130T VERMEYECEK\\u201d&quot;,&quot;orientation&quot;:&quot;0&quot;}\" data-image-title=\"Y\u0131ld\u0131r\u0131m: \u201cCumhur \u0130ttifak\u0131 T\u00fcrkiye\u2019nin do\u011fru yolu olacak\u201d\" data-image-description=\"&lt;p&gt;Y\u0131ld\u0131r\u0131m: \u201cCumhur \u0130ttifak\u0131 T\u00fcrkiye\u2019nin do\u011fru yolu olacak\u201d&lt;\/p&gt; \" data-medium-file=\"https:\/\/i0.wp.com\/www.tvturk.com\/wp-content\/uploads\/2019\/02\/yildirim-cumhur-ittifaki-turkiyenin-dogru-yolu-olacak_ea18f00.jpg?fit=300%2C200\" data-large-file=\"https:\/\/i0.wp.com\/www.tvturk.com\/wp-content\/uploads\/2019\/02\/yildirim-cumhur-ittifaki-turkiyenin-dogru-yolu-olacak_ea18f00.jpg?fit=1000%2C666\" src=\"https:\/\/i0.wp.com\/www.tvturk.com\/wp-content\/uploads\/2019\/02\/yildirim-cumhur-ittifaki-turkiyenin-dogru-yolu-olacak_ea18f00.jpg?w=330&#038;h=220\" srcset=\"https:\/\/i0.wp.com\/www.tvturk.com\/wp-content\/uploads\/2019\/02\/yildirim-cumhur-ittifaki-turkiyenin-dogru-yolu-olacak_ea18f00.jpg?w=1000 1000w, https:\/\/i0.wp.com\/www.tvturk.com\/wp-content\/uploads\/2019\/02\/yildirim-cumhur-ittifaki-turkiyenin-dogru-yolu-olacak_ea18f00.jpg?resize=150%2C100 150w, https:\/\/i0.wp.com\/www.tvturk.com\/wp-content\/uploads\/2019\/02\/yildirim-cumhur-ittifaki-turkiyenin-dogru-yolu-olacak_ea18f00.jpg?resize=300%2C200 300w, https:\/\/i0.wp.com\/www.tvturk.com\/wp-content\/uploads\/2019\/02\/yildirim-cumhur-ittifaki-turkiyenin-dogru-yolu-olacak_ea18f00.jpg?resize=768%2C511 768w, https:\/\/i0.wp.com\/www.tvturk.com\/wp-content\/uploads\/2019\/02\/yildirim-cumhur-ittifaki-turkiyenin-dogru-yolu-olacak_ea18f00.jpg?resize=170%2C113 170w, https:\/\/i0.wp.com\/www.tvturk.com\/wp-content\/uploads\/2019\/02\/yildirim-cumhur-ittifaki-turkiyenin-dogru-yolu-olacak_ea18f00.jpg?resize=120%2C80 120w\" width=\"330\" height=\"220\" loading=\"lazy\" data-original-width=\"330\" data-original-height=\"220\" itemprop=\"http:\/\/schema.org\/image\" title=\"Y\u0131ld\u0131r\u0131m: \u201cCumhur \u0130ttifak\u0131 T\u00fcrkiye\u2019nin do\u011fru yolu olacak\u201d\" alt=\"Y\u0131ld\u0131r\u0131m: \u201cCumhur \u0130ttifak\u0131 T\u00fcrkiye\u2019nin do\u011fru yolu olacak\u201d\" style=\"width: 330px; height: 220px;\" \/> <\/a> <\/div> <\/div> <!-- close group --> <div class=\"gallery-group images-2\" style=\"width: 166px; height: 224px;\" data-original-width=\"166\" data-original-height=\"224\" > <div class=\"tiled-gallery-item tiled-gallery-item-small\" itemprop=\"associatedMedia\" itemscope itemtype=\"http:\/\/schema.org\/ImageObject\"> <a href=\"http:\/\/www.tvturk.com\/index.php\/yildirim-cumhur-ittifaki-turkiyenin-dogru-yolu-olacak\/yildirim-cumhur-ittifaki-turkiyenin-dogru-yolu-olacak-4\/\" border=\"0\" itemprop=\"url\"> <meta itemprop=\"width\" content=\"162\"> <meta itemprop=\"height\" content=\"108\"> <img decoding=\"async\" class=\"\" data-attachment-id=\"18670\" data-orig-file=\"http:\/\/www.tvturk.com\/wp-content\/uploads\/2019\/02\/yildirim-cumhur-ittifaki-turkiyenin-dogru-yolu-olacak_030ba12.jpg\" data-orig-size=\"1000,666\" data-comments-opened=\"\" data-image-meta=\"{&quot;aperture&quot;:&quot;0&quot;,&quot;credit&quot;:&quot;IHA&quot;,&quot;camera&quot;:&quot;&quot;,&quot;caption&quot;:&quot;\\u00dcMRAN\\u0130YE BELED\\u0130YE BA\\u015eKAN ADAYI \\u0130SMET YILDIRIM, G\\u0130RESUN \\u015eEB\\u0130NKARAH\\u0130SAR EKECEK K\\u00d6Y DERNE\\u011e\\u0130\\u2019N\\u0130N D\\u00dcZENLED\\u0130\\u011e\\u0130 PROGRAMA KATILDI. G\\u0130RESUN \\u0130L\\u0130N\\u0130N K\\u00d6Y VE \\u0130L\\u00c7ELER\\u0130NDEN \\u00c7OK SAYIDA DERNEK VE S\\u0130V\\u0130L TOPLUM \\u00d6RG\\u00dcT\\u00dc TEMS\\u0130LC\\u0130S\\u0130N\\u0130N KATILDI\\u011eI TOPLANTIDA YILDIRIM, PROGRAMA KATILANLARIN SORULARINI YANITLAYARAK PROJELER\\u0130N\\u0130 ANLATTI. (MUSTAFA ESEN\\\/\\u0130STANBUL-\\u0130HA)&quot;,&quot;created_timestamp&quot;:&quot;0&quot;,&quot;copyright&quot;:&quot;\\u0130HLAS HABER AJANSI, www.iha.com.tr&quot;,&quot;focal_length&quot;:&quot;0&quot;,&quot;iso&quot;:&quot;0&quot;,&quot;shutter_speed&quot;:&quot;0&quot;,&quot;title&quot;:&quot;YILDIRIM: \\u201cCUMHUR \\u0130TT\\u0130FAKI T\\u00dcRK\\u0130YE\\u2019N\\u0130N DO\\u011eRU YOLU OLACAK\\u201d \\u201cZATEN BUNDAN SONRA BEN \\u0130NANIYORUM K\\u0130, T\\u00dcRK\\u0130YE SOLA GE\\u00c7\\u0130T VERMEYECEK\\u201d&quot;,&quot;orientation&quot;:&quot;0&quot;}\" data-image-title=\"Y\u0131ld\u0131r\u0131m: \u201cCumhur \u0130ttifak\u0131 T\u00fcrkiye\u2019nin do\u011fru yolu olacak\u201d\" data-image-description=\"&lt;p&gt;Y\u0131ld\u0131r\u0131m: \u201cCumhur \u0130ttifak\u0131 T\u00fcrkiye\u2019nin do\u011fru yolu olacak\u201d&lt;\/p&gt; \" data-medium-file=\"https:\/\/i0.wp.com\/www.tvturk.com\/wp-content\/uploads\/2019\/02\/yildirim-cumhur-ittifaki-turkiyenin-dogru-yolu-olacak_030ba12.jpg?fit=300%2C200\" data-large-file=\"https:\/\/i0.wp.com\/www.tvturk.com\/wp-content\/uploads\/2019\/02\/yildirim-cumhur-ittifaki-turkiyenin-dogru-yolu-olacak_030ba12.jpg?fit=1000%2C666\" src=\"https:\/\/i0.wp.com\/www.tvturk.com\/wp-content\/uploads\/2019\/02\/yildirim-cumhur-ittifaki-turkiyenin-dogru-yolu-olacak_030ba12.jpg?w=162&#038;h=108\" srcset=\"https:\/\/i0.wp.com\/www.tvturk.com\/wp-content\/uploads\/2019\/02\/yildirim-cumhur-ittifaki-turkiyenin-dogru-yolu-olacak_030ba12.jpg?w=1000 1000w, https:\/\/i0.wp.com\/www.tvturk.com\/wp-content\/uploads\/2019\/02\/yildirim-cumhur-ittifaki-turkiyenin-dogru-yolu-olacak_030ba12.jpg?resize=150%2C100 150w, https:\/\/i0.wp.com\/www.tvturk.com\/wp-content\/uploads\/2019\/02\/yildirim-cumhur-ittifaki-turkiyenin-dogru-yolu-olacak_030ba12.jpg?resize=300%2C200 300w, https:\/\/i0.wp.com\/www.tvturk.com\/wp-content\/uploads\/2019\/02\/yildirim-cumhur-ittifaki-turkiyenin-dogru-yolu-olacak_030ba12.jpg?resize=768%2C511 768w, https:\/\/i0.wp.com\/www.tvturk.com\/wp-content\/uploads\/2019\/02\/yildirim-cumhur-ittifaki-turkiyenin-dogru-yolu-olacak_030ba12.jpg?resize=170%2C113 170w, https:\/\/i0.wp.com\/www.tvturk.com\/wp-content\/uploads\/2019\/02\/yildirim-cumhur-ittifaki-turkiyenin-dogru-yolu-olacak_030ba12.jpg?resize=120%2C80 120w\" width=\"162\" height=\"108\" loading=\"lazy\" data-original-width=\"162\" data-original-height=\"108\" itemprop=\"http:\/\/schema.org\/image\" title=\"Y\u0131ld\u0131r\u0131m: \u201cCumhur \u0130ttifak\u0131 T\u00fcrkiye\u2019nin do\u011fru yolu olacak\u201d\" alt=\"Y\u0131ld\u0131r\u0131m: \u201cCumhur \u0130ttifak\u0131 T\u00fcrkiye\u2019nin do\u011fru yolu olacak\u201d\" style=\"width: 162px; height: 108px;\" \/> <\/a> <\/div> <div class=\"tiled-gallery-item tiled-gallery-item-small\" itemprop=\"associatedMedia\" itemscope itemtype=\"http:\/\/schema.org\/ImageObject\"> <a href=\"http:\/\/www.tvturk.com\/index.php\/yildirim-cumhur-ittifaki-turkiyenin-dogru-yolu-olacak\/yildirim-cumhur-ittifaki-turkiyenin-dogru-yolu-olacak-5\/\" border=\"0\" itemprop=\"url\"> <meta itemprop=\"width\" content=\"162\"> <meta itemprop=\"height\" content=\"108\"> <img decoding=\"async\" class=\"\" data-attachment-id=\"18671\" data-orig-file=\"http:\/\/www.tvturk.com\/wp-content\/uploads\/2019\/02\/yildirim-cumhur-ittifaki-turkiyenin-dogru-yolu-olacak_4bdb65b.jpg\" data-orig-size=\"1000,666\" data-comments-opened=\"\" data-image-meta=\"{&quot;aperture&quot;:&quot;0&quot;,&quot;credit&quot;:&quot;IHA&quot;,&quot;camera&quot;:&quot;&quot;,&quot;caption&quot;:&quot;\\u00dcMRAN\\u0130YE BELED\\u0130YE BA\\u015eKAN ADAYI \\u0130SMET YILDIRIM, G\\u0130RESUN \\u015eEB\\u0130NKARAH\\u0130SAR EKECEK K\\u00d6Y DERNE\\u011e\\u0130\\u2019N\\u0130N D\\u00dcZENLED\\u0130\\u011e\\u0130 PROGRAMA KATILDI. G\\u0130RESUN \\u0130L\\u0130N\\u0130N K\\u00d6Y VE \\u0130L\\u00c7ELER\\u0130NDEN \\u00c7OK SAYIDA DERNEK VE S\\u0130V\\u0130L TOPLUM \\u00d6RG\\u00dcT\\u00dc TEMS\\u0130LC\\u0130S\\u0130N\\u0130N KATILDI\\u011eI TOPLANTIDA YILDIRIM, PROGRAMA KATILANLARIN SORULARINI YANITLAYARAK PROJELER\\u0130N\\u0130 ANLATTI. (MUSTAFA ESEN\\\/\\u0130STANBUL-\\u0130HA)&quot;,&quot;created_timestamp&quot;:&quot;0&quot;,&quot;copyright&quot;:&quot;\\u0130HLAS HABER AJANSI, www.iha.com.tr&quot;,&quot;focal_length&quot;:&quot;0&quot;,&quot;iso&quot;:&quot;0&quot;,&quot;shutter_speed&quot;:&quot;0&quot;,&quot;title&quot;:&quot;YILDIRIM: \\u201cCUMHUR \\u0130TT\\u0130FAKI T\\u00dcRK\\u0130YE\\u2019N\\u0130N DO\\u011eRU YOLU OLACAK\\u201d \\u201cZATEN BUNDAN SONRA BEN \\u0130NANIYORUM K\\u0130, T\\u00dcRK\\u0130YE SOLA GE\\u00c7\\u0130T VERMEYECEK\\u201d&quot;,&quot;orientation&quot;:&quot;0&quot;}\" data-image-title=\"Y\u0131ld\u0131r\u0131m: \u201cCumhur \u0130ttifak\u0131 T\u00fcrkiye\u2019nin do\u011fru yolu olacak\u201d\" data-image-description=\"&lt;p&gt;Y\u0131ld\u0131r\u0131m: \u201cCumhur \u0130ttifak\u0131 T\u00fcrkiye\u2019nin do\u011fru yolu olacak\u201d&lt;\/p&gt; \" data-medium-file=\"https:\/\/i0.wp.com\/www.tvturk.com\/wp-content\/uploads\/2019\/02\/yildirim-cumhur-ittifaki-turkiyenin-dogru-yolu-olacak_4bdb65b.jpg?fit=300%2C200\" data-large-file=\"https:\/\/i0.wp.com\/www.tvturk.com\/wp-content\/uploads\/2019\/02\/yildirim-cumhur-ittifaki-turkiyenin-dogru-yolu-olacak_4bdb65b.jpg?fit=1000%2C666\" src=\"https:\/\/i0.wp.com\/www.tvturk.com\/wp-content\/uploads\/2019\/02\/yildirim-cumhur-ittifaki-turkiyenin-dogru-yolu-olacak_4bdb65b.jpg?w=162&#038;h=108\" srcset=\"https:\/\/i0.wp.com\/www.tvturk.com\/wp-content\/uploads\/2019\/02\/yildirim-cumhur-ittifaki-turkiyenin-dogru-yolu-olacak_4bdb65b.jpg?w=1000 1000w, https:\/\/i0.wp.com\/www.tvturk.com\/wp-content\/uploads\/2019\/02\/yildirim-cumhur-ittifaki-turkiyenin-dogru-yolu-olacak_4bdb65b.jpg?resize=150%2C100 150w, https:\/\/i0.wp.com\/www.tvturk.com\/wp-content\/uploads\/2019\/02\/yildirim-cumhur-ittifaki-turkiyenin-dogru-yolu-olacak_4bdb65b.jpg?resize=300%2C200 300w, https:\/\/i0.wp.com\/www.tvturk.com\/wp-content\/uploads\/2019\/02\/yildirim-cumhur-ittifaki-turkiyenin-dogru-yolu-olacak_4bdb65b.jpg?resize=768%2C511 768w, https:\/\/i0.wp.com\/www.tvturk.com\/wp-content\/uploads\/2019\/02\/yildirim-cumhur-ittifaki-turkiyenin-dogru-yolu-olacak_4bdb65b.jpg?resize=170%2C113 170w, https:\/\/i0.wp.com\/www.tvturk.com\/wp-content\/uploads\/2019\/02\/yildirim-cumhur-ittifaki-turkiyenin-dogru-yolu-olacak_4bdb65b.jpg?resize=120%2C80 120w\" width=\"162\" height=\"108\" loading=\"lazy\" data-original-width=\"162\" data-original-height=\"108\" itemprop=\"http:\/\/schema.org\/image\" title=\"Y\u0131ld\u0131r\u0131m: \u201cCumhur \u0130ttifak\u0131 T\u00fcrkiye\u2019nin do\u011fru yolu olacak\u201d\" alt=\"Y\u0131ld\u0131r\u0131m: \u201cCumhur \u0130ttifak\u0131 T\u00fcrkiye\u2019nin do\u011fru yolu olacak\u201d\" style=\"width: 162px; height: 108px;\" \/> <\/a> <\/div> <\/div> <!-- close group --> <\/div> <!-- close row --> <div class=\"gallery-row\" style=\"width: 500px; height: 334px;\" data-original-width=\"500\" data-original-height=\"334\" > <div class=\"gallery-group images-1\" style=\"width: 500px; height: 334px;\" data-original-width=\"500\" data-original-height=\"334\" > <div class=\"tiled-gallery-item tiled-gallery-item-large\" itemprop=\"associatedMedia\" itemscope itemtype=\"http:\/\/schema.org\/ImageObject\"> <a href=\"http:\/\/www.tvturk.com\/index.php\/yildirim-cumhur-ittifaki-turkiyenin-dogru-yolu-olacak\/yildirim-cumhur-ittifaki-turkiyenin-dogru-yolu-olacak-6\/\" border=\"0\" itemprop=\"url\"> <meta itemprop=\"width\" content=\"496\"> <meta itemprop=\"height\" content=\"330\"> <img decoding=\"async\" class=\"\" data-attachment-id=\"18672\" data-orig-file=\"http:\/\/www.tvturk.com\/wp-content\/uploads\/2019\/02\/yildirim-cumhur-ittifaki-turkiyenin-dogru-yolu-olacak_42f1644.jpg\" data-orig-size=\"1000,666\" data-comments-opened=\"\" data-image-meta=\"{&quot;aperture&quot;:&quot;0&quot;,&quot;credit&quot;:&quot;IHA&quot;,&quot;camera&quot;:&quot;&quot;,&quot;caption&quot;:&quot;\\u00dcMRAN\\u0130YE BELED\\u0130YE BA\\u015eKAN ADAYI \\u0130SMET YILDIRIM, G\\u0130RESUN \\u015eEB\\u0130NKARAH\\u0130SAR EKECEK K\\u00d6Y DERNE\\u011e\\u0130\\u2019N\\u0130N D\\u00dcZENLED\\u0130\\u011e\\u0130 PROGRAMA KATILDI. G\\u0130RESUN \\u0130L\\u0130N\\u0130N K\\u00d6Y VE \\u0130L\\u00c7ELER\\u0130NDEN \\u00c7OK SAYIDA DERNEK VE S\\u0130V\\u0130L TOPLUM \\u00d6RG\\u00dcT\\u00dc TEMS\\u0130LC\\u0130S\\u0130N\\u0130N KATILDI\\u011eI TOPLANTIDA YILDIRIM, PROGRAMA KATILANLARIN SORULARINI YANITLAYARAK PROJELER\\u0130N\\u0130 ANLATTI. (MUSTAFA ESEN\\\/\\u0130STANBUL-\\u0130HA)&quot;,&quot;created_timestamp&quot;:&quot;0&quot;,&quot;copyright&quot;:&quot;\\u0130HLAS HABER AJANSI, www.iha.com.tr&quot;,&quot;focal_length&quot;:&quot;0&quot;,&quot;iso&quot;:&quot;0&quot;,&quot;shutter_speed&quot;:&quot;0&quot;,&quot;title&quot;:&quot;YILDIRIM: \\u201cCUMHUR \\u0130TT\\u0130FAKI T\\u00dcRK\\u0130YE\\u2019N\\u0130N DO\\u011eRU YOLU OLACAK\\u201d \\u201cZATEN BUNDAN SONRA BEN \\u0130NANIYORUM K\\u0130, T\\u00dcRK\\u0130YE SOLA GE\\u00c7\\u0130T VERMEYECEK\\u201d&quot;,&quot;orientation&quot;:&quot;0&quot;}\" data-image-title=\"Y\u0131ld\u0131r\u0131m: \u201cCumhur \u0130ttifak\u0131 T\u00fcrkiye\u2019nin do\u011fru yolu olacak\u201d\" data-image-description=\"&lt;p&gt;Y\u0131ld\u0131r\u0131m: \u201cCumhur \u0130ttifak\u0131 T\u00fcrkiye\u2019nin do\u011fru yolu olacak\u201d&lt;\/p&gt; \" data-medium-file=\"https:\/\/i0.wp.com\/www.tvturk.com\/wp-content\/uploads\/2019\/02\/yildirim-cumhur-ittifaki-turkiyenin-dogru-yolu-olacak_42f1644.jpg?fit=300%2C200\" data-large-file=\"https:\/\/i0.wp.com\/www.tvturk.com\/wp-content\/uploads\/2019\/02\/yildirim-cumhur-ittifaki-turkiyenin-dogru-yolu-olacak_42f1644.jpg?fit=1000%2C666\" src=\"https:\/\/i0.wp.com\/www.tvturk.com\/wp-content\/uploads\/2019\/02\/yildirim-cumhur-ittifaki-turkiyenin-dogru-yolu-olacak_42f1644.jpg?w=496&#038;h=330\" srcset=\"https:\/\/i0.wp.com\/www.tvturk.com\/wp-content\/uploads\/2019\/02\/yildirim-cumhur-ittifaki-turkiyenin-dogru-yolu-olacak_42f1644.jpg?w=1000 1000w, https:\/\/i0.wp.com\/www.tvturk.com\/wp-content\/uploads\/2019\/02\/yildirim-cumhur-ittifaki-turkiyenin-dogru-yolu-olacak_42f1644.jpg?resize=150%2C100 150w, https:\/\/i0.wp.com\/www.tvturk.com\/wp-content\/uploads\/2019\/02\/yildirim-cumhur-ittifaki-turkiyenin-dogru-yolu-olacak_42f1644.jpg?resize=300%2C200 300w, https:\/\/i0.wp.com\/www.tvturk.com\/wp-content\/uploads\/2019\/02\/yildirim-cumhur-ittifaki-turkiyenin-dogru-yolu-olacak_42f1644.jpg?resize=768%2C511 768w, https:\/\/i0.wp.com\/www.tvturk.com\/wp-content\/uploads\/2019\/02\/yildirim-cumhur-ittifaki-turkiyenin-dogru-yolu-olacak_42f1644.jpg?resize=170%2C113 170w, https:\/\/i0.wp.com\/www.tvturk.com\/wp-content\/uploads\/2019\/02\/yildirim-cumhur-ittifaki-turkiyenin-dogru-yolu-olacak_42f1644.jpg?resize=120%2C80 120w\" width=\"496\" height=\"330\" loading=\"lazy\" data-original-width=\"496\" data-original-height=\"330\" itemprop=\"http:\/\/schema.org\/image\" title=\"Y\u0131ld\u0131r\u0131m: \u201cCumhur \u0130ttifak\u0131 T\u00fcrkiye\u2019nin do\u011fru yolu olacak\u201d\" alt=\"Y\u0131ld\u0131r\u0131m: \u201cCumhur \u0130ttifak\u0131 T\u00fcrkiye\u2019nin do\u011fru yolu olacak\u201d\" style=\"width: 496px; height: 330px;\" \/> <\/a> <\/div> <\/div> <!-- close group --> <\/div> <!-- close row --> <\/div><\/p>\n","protected":false},"excerpt":{"rendered":"<p>\u00dcMRAN\u0130YE BELED\u0130YE BA\u015eKAN ADAYI \u0130SMET YILDIRIM, G\u0130RESUN \u015eEB\u0130NKARAH\u0130SAR EKECEK K\u00d6Y DERNE\u011e\u0130\u2019N\u0130N D\u00dcZENLED\u0130\u011e\u0130 PROGRAMA KATILDI. G\u0130RESUN \u0130L\u0130N\u0130N K\u00d6Y VE \u0130L\u00c7ELER\u0130NDEN \u00c7OK SAYIDA DERNEK VE S\u0130V\u0130L TOPLUM \u00d6RG\u00dcT\u00dc TEMS\u0130LC\u0130S\u0130N\u0130N KATILDI\u011eI TOPLANTIDA YILDIRIM, PROGRAMA KATILANLARIN SORULARINI YANITLAYARAK PROJELER\u0130N\u0130 ANLATTI.<\/p>\n","protected":false},"author":1,"featured_media":18668,"comment_status":"closed","ping_status":"open","sticky":false,"template":"","format":"standard","meta":{"jetpack_post_was_ever_published":false,"_jetpack_newsletter_access":"","_jetpack_dont_email_post_to_subs":false,"_jetpack_newsletter_tier_id":0,"_jetpack_memberships_contains_paywalled_content":false,"_jetpack_memberships_contains_paid_content":false,"footnotes":"","jetpack_publicize_message":"","jetpack_publicize_feature_enabled":true,"jetpack_social_post_already_shared":false,"jetpack_social_options":{"image_generator_settings":{"template":"highway","default_image_id":0,"font":"","enabled":false},"version":2}},"categories":[9],"tags":[364,619,365,1189,177,376,1262],"class_list":["post-18667","post","type-post","status-publish","format-standard","has-post-thumbnail","hentry","category-siyaset","tag-cumhur","tag-dogru","tag-ittifaki","tag-olacak","tag-turkiyenin","tag-yildirim","tag-yolu"],"jetpack_publicize_connections":[],"jetpack_featured_media_url":"https:\/\/i0.wp.com\/www.tvturk.com\/wp-content\/uploads\/2019\/02\/yildirim-cumhur-ittifaki-turkiyenin-dogru-yolu-olacak_9bf27a3.jpg?fit=1000%2C666","jetpack_sharing_enabled":true,"jetpack_shortlink":"https:\/\/wp.me\/paKIfm-4R5","_links":{"self":[{"href":"http:\/\/www.tvturk.com\/index.php\/wp-json\/wp\/v2\/posts\/18667","targetHints":{"allow":["GET"]}}],"collection":[{"href":"http:\/\/www.tvturk.com\/index.php\/wp-json\/wp\/v2\/posts"}],"about":[{"href":"http:\/\/www.tvturk.com\/index.php\/wp-json\/wp\/v2\/types\/post"}],"author":[{"embeddable":true,"href":"http:\/\/www.tvturk.com\/index.php\/wp-json\/wp\/v2\/users\/1"}],"replies":[{"embeddable":true,"href":"http:\/\/www.tvturk.com\/index.php\/wp-json\/wp\/v2\/comments?post=18667"}],"version-history":[{"count":1,"href":"http:\/\/www.tvturk.com\/index.php\/wp-json\/wp\/v2\/posts\/18667\/revisions"}],"predecessor-version":[{"id":18673,"href":"http:\/\/www.tvturk.com\/index.php\/wp-json\/wp\/v2\/posts\/18667\/revisions\/18673"}],"wp:featuredmedia":[{"embeddable":true,"href":"http:\/\/www.tvturk.com\/index.php\/wp-json\/wp\/v2\/media\/18668"}],"wp:attachment":[{"href":"http:\/\/www.tvturk.com\/index.php\/wp-json\/wp\/v2\/media?parent=18667"}],"wp:term":[{"taxonomy":"category","embeddable":true,"href":"http:\/\/www.tvturk.com\/index.php\/wp-json\/wp\/v2\/categories?post=18667"},{"taxonomy":"post_tag","embeddable":true,"href":"http:\/\/www.tvturk.com\/index.php\/wp-json\/wp\/v2\/tags?post=18667"}],"curies":[{"name":"wp","href":"https:\/\/api.w.org\/{rel}","templated":true}]}}