{"id":186704,"date":"2019-07-26T12:31:45","date_gmt":"2019-07-26T09:31:45","guid":{"rendered":"http:\/\/www.tvturk.com\/index.php\/58incisi-duzenlenen-silivri-yogurt-festivali-basladi\/"},"modified":"2019-07-26T12:31:45","modified_gmt":"2019-07-26T09:31:45","slug":"58incisi-duzenlenen-silivri-yogurt-festivali-basladi","status":"publish","type":"post","link":"http:\/\/www.tvturk.com\/index.php\/58incisi-duzenlenen-silivri-yogurt-festivali-basladi\/","title":{"rendered":"58\u2019incisi d\u00fczenlenen Silivri Yo\u011furt Festivali ba\u015flad\u0131"},"content":{"rendered":"<p>Bu y\u0131l 58\u2019incisi d\u00fczenlenen Silivri Yo\u011furt Festivali kortej y\u00fcr\u00fcy\u00fc\u015f\u00fc ile ba\u015flad\u0131. \u00dcniversite \u00f6\u011frencileri, g\u00f6steri gruplar\u0131 ve vatanda\u015flar\u0131n kat\u0131ld\u0131\u011f\u0131 kortej renkli g\u00f6r\u00fcnt\u00fclere sahne oldu. A\u00e7\u0131l\u0131\u015f\u0131nda \u015fark\u0131c\u0131 Edis\u2019in konser verdi\u011fi festival 4 g\u00fcn boyunca \u00e7e\u015fitli etkinliklerle s\u00fcrecek.<\/p>\n<p>Silivri Belediyesi\u2019nin geleneksel olarak d\u00fczenledi\u011fi 58\u2019 inci Yo\u011furt Festivali, kortej y\u00fcr\u00fcy\u00fc\u015f\u00fc ile start ald\u0131. 4 g\u00fcn s\u00fcrecek festivalin a\u00e7\u0131l\u0131\u015f\u0131na, MHP \u0130stanbul Milletvekilleri Feti Y\u0131ld\u0131z, \u0130smail Faruk Aksu ve Hayati Arkaz, Bulgaristan \u0130stanbul Ba\u015fkonsolosu Angel Angelov, Silivri Kaymakam\u0131 Ali Partal, Silivri Belediye Ba\u015fkan\u0131 Volkan Y\u0131lmaz ve e\u015fi Ezgi Y\u0131lmaz, AK Parti Silivri \u0130l\u00e7e Ba\u015fkan\u0131 Mutlu Bozo\u011flu, MHP \u0130l\u00e7e Ba\u015fkan\u0131 Zafer Yal\u00e7\u0131n ve \u00e7ok say\u0131da vatanda\u015f kat\u0131ld\u0131. G\u00f6steri gruplar\u0131n\u0131n da kat\u0131ld\u0131\u011f\u0131 y\u00fcr\u00fcy\u00fc\u015fte  renkli g\u00f6r\u00fcnt\u00fcler ya\u015fand\u0131. Esnaflar\u0131n ve evlerinde oturan vatanda\u015flar\u0131n balkonlardan alk\u0131\u015flarla destek verdi\u011fi y\u00fcr\u00fcy\u00fc\u015f Belediye \u00f6n\u00fcnde ba\u015flayarak Atat\u00fcrk Meydan\u0131\u2019nda sona erdi.<\/p>\n<p>Festivale vatanda\u015flar yo\u011fun ilgi g\u00f6sterdi<\/p>\n<p>Sayg\u0131 Duru\u015fu ve \u0130stiklal Mar\u015f\u0131\u2019n\u0131n okunmas\u0131ndan sonra Silivri Belediyesi K\u00fclt\u00fcr Merkezi kursiyerlerinin el eme\u011fi g\u00f6z nuru \u00fcr\u00fcnleri, Foto Safari foto\u011fraf sergisi ve stant alanlar\u0131 gezildi. \u201cDo\u011fal Pazar\u201d alan\u0131nda ise il\u00e7enin y\u00f6resel \u00fcr\u00fcnlerinin sunumu yap\u0131ld\u0131. Festivalin a\u00e7\u0131l\u0131\u015f\u0131na vatanda\u015flar yo\u011fun ilgi g\u00f6sterdi.  Festivalde, \u015fark\u0131c\u0131 Edis\u2019de konser verdi. Festivale yakla\u015f\u0131k 20 bin ki\u015finin kat\u0131ld\u0131\u011f\u0131 belirtildi.<\/p>\n<p>\u201cSilivri \u0130stanbul i\u00e7in bir \u015fans\u201d<\/p>\n<p>Silivri Belediye Ba\u015fkan\u0131 Volkan Y\u0131lmaz, 2023 yolunda Marka Kent Silivri hayali kurduklar\u0131n\u0131 ifade ederek, \u201cBiz geleneklerimizi g\u00f6reneklerimizi unutturmayaca\u011f\u0131z. 150 y\u0131l\u0131 a\u015fk\u0131nd\u0131r yap\u0131lan yo\u011furdumuzun lezzetini d\u00fcnyaya duyurma konusunda iddial\u0131y\u0131z. Silivri\u2019yi ba\u015fka y\u00f6nleriyle de\u011fil yo\u011furduyla, domatesiyle, kavunuyla, karpuzuyla yani y\u00f6resel \u00fcr\u00fcnleriyle an\u0131l\u0131r hale getirece\u011fiz. Bu imkanlar\u0131n hepsi mevcut. Yeter ki yapmak isteyelim. Silivri \u0130stanbul i\u00e7in bir \u015fans. Avrupa\u2019dan kar\u015f\u0131layan, giderken de u\u011furlayan bir noktaday\u0131z. \u0130stanbul\u2019un trafi\u011finden yo\u011funlu\u011fundan bunalan, s\u0131k\u0131lan, stres atmak isteyen herkesi Silivri\u2019ye davet ediyoruz\u201d diye konu\u015ftu.<\/p>\n","protected":false},"excerpt":{"rendered":"<p>BU YIL 58&#8217;\u0130NC\u0130S\u0130 D\u00dcZENLENEN S\u0130L\u0130VR\u0130 YO\u011eURT FEST\u0130VAL\u0130 KORTEJ Y\u00dcR\u00dcY\u00dc\u015e\u00dc \u0130LE BA\u015eLADI. \u00dcN\u0130VERS\u0130TE \u00d6\u011eRENC\u0130LER\u0130, G\u00d6STER\u0130 GRUPLARI VE VATANDA\u015eLARIN KATILDI\u011eI KORTEJ RENKL\u0130 G\u00d6R\u00dcNT\u00dcLERE SAHNE OLDU. A\u00c7ILI\u015eINDA \u015eARKICI ED\u0130S\u2019\u0130N KONSER VERD\u0130\u011e\u0130 FEST\u0130VAL 4 G\u00dcN BOYUNCA \u00c7E\u015e\u0130TL\u0130 ETK\u0130NL\u0130KLERLE S\u00dcRECEK.<\/p>\n","protected":false},"author":1,"featured_media":186705,"comment_status":"closed","ping_status":"open","sticky":false,"template":"","format":"standard","meta":{"jetpack_post_was_ever_published":false,"_jetpack_newsletter_access":"","_jetpack_dont_email_post_to_subs":false,"_jetpack_newsletter_tier_id":0,"_jetpack_memberships_contains_paywalled_content":false,"_jetpack_memberships_contains_paid_content":false,"footnotes":"","jetpack_publicize_message":"","jetpack_publicize_feature_enabled":true,"jetpack_social_post_already_shared":true,"jetpack_social_options":{"image_generator_settings":{"template":"highway","default_image_id":0,"font":"","enabled":false},"version":2}},"categories":[1],"tags":[46396,55,4219,3400,27325,26321],"class_list":["post-186704","post","type-post","status-publish","format-standard","has-post-thumbnail","hentry","category-genel","tag-58incisi","tag-basladi","tag-duzenlenen","tag-festivali","tag-silivri","tag-yogurt"],"jetpack_publicize_connections":[],"jetpack_featured_media_url":"https:\/\/i0.wp.com\/www.tvturk.com\/wp-content\/uploads\/2019\/07\/58incisi-duzenlenen-silivri-yogurt-festivali-basladi_2338b2b.jpg?fit=1000%2C562","jetpack_sharing_enabled":true,"jetpack_shortlink":"https:\/\/wp.me\/paKIfm-Mzm","_links":{"self":[{"href":"http:\/\/www.tvturk.com\/index.php\/wp-json\/wp\/v2\/posts\/186704","targetHints":{"allow":["GET"]}}],"collection":[{"href":"http:\/\/www.tvturk.com\/index.php\/wp-json\/wp\/v2\/posts"}],"about":[{"href":"http:\/\/www.tvturk.com\/index.php\/wp-json\/wp\/v2\/types\/post"}],"author":[{"embeddable":true,"href":"http:\/\/www.tvturk.com\/index.php\/wp-json\/wp\/v2\/users\/1"}],"replies":[{"embeddable":true,"href":"http:\/\/www.tvturk.com\/index.php\/wp-json\/wp\/v2\/comments?post=186704"}],"version-history":[{"count":0,"href":"http:\/\/www.tvturk.com\/index.php\/wp-json\/wp\/v2\/posts\/186704\/revisions"}],"wp:featuredmedia":[{"embeddable":true,"href":"http:\/\/www.tvturk.com\/index.php\/wp-json\/wp\/v2\/media\/186705"}],"wp:attachment":[{"href":"http:\/\/www.tvturk.com\/index.php\/wp-json\/wp\/v2\/media?parent=186704"}],"wp:term":[{"taxonomy":"category","embeddable":true,"href":"http:\/\/www.tvturk.com\/index.php\/wp-json\/wp\/v2\/categories?post=186704"},{"taxonomy":"post_tag","embeddable":true,"href":"http:\/\/www.tvturk.com\/index.php\/wp-json\/wp\/v2\/tags?post=186704"}],"curies":[{"name":"wp","href":"https:\/\/api.w.org\/{rel}","templated":true}]}}