{"id":186724,"date":"2019-07-26T13:01:53","date_gmt":"2019-07-26T10:01:53","guid":{"rendered":"http:\/\/www.tvturk.com\/index.php\/kocaelide-belediyenin-lojmanlarini-ihtiyac-sahipleri-kullanacak\/"},"modified":"2019-07-26T13:01:53","modified_gmt":"2019-07-26T10:01:53","slug":"kocaelide-belediyenin-lojmanlarini-ihtiyac-sahipleri-kullanacak","status":"publish","type":"post","link":"http:\/\/www.tvturk.com\/index.php\/kocaelide-belediyenin-lojmanlarini-ihtiyac-sahipleri-kullanacak\/","title":{"rendered":"Kocaeli\u2019de belediyenin lojmanlar\u0131n\u0131 ihtiya\u00e7 sahipleri kullanacak"},"content":{"rendered":"<p>KOCAEL\u0130 (\u0130HA) \u2013 Kocaeli B\u00fcy\u00fck\u015fehir Belediyesine ait ve kamu taraf\u0131ndan kullan\u0131lan yap\u0131lar, al\u0131nan karar ile art\u0131k ihtiya\u00e7 sahibi vatanda\u015flar\u0131n \u00fccretsiz konaklayacaklar\u0131 yerler haline d\u00f6n\u00fc\u015ft\u00fcr\u00fclecek.<\/p>\n<p>Kocaeli\u2019de B\u00fcy\u00fck\u015fehir Belediyesine ait lojmanlar ihtiya\u00e7 sahipleri taraf\u0131ndan kullan\u0131lacak. Do\u00e7. Dr. Tahir B\u00fcy\u00fckak\u0131n\u2019\u0131n Kocaeli B\u00fcy\u00fck\u015fehir Belediye Ba\u015fkan\u0131 aday\u0131 oldu\u011fu d\u00f6nemde a\u00e7\u0131klad\u0131\u011f\u0131 se\u00e7im vaadi olarak a\u00e7\u0131klad\u0131\u011f\u0131 proje hayata ge\u00e7iriliyor. Proje kapsam\u0131nda belediyeye ait iki bina, bundan sonra ihtiya\u00e7 sahibi vatanda\u015flar, bar\u0131nma imk\u00e2n\u0131 olmayan ve sa\u011fl\u0131k hizmetleri i\u00e7in il d\u0131\u015f\u0131ndan gelen hasta yak\u0131nlar\u0131n\u0131n faydalanaca\u011f\u0131 \u00fccretsiz konaklayaca\u011f\u0131 yerlere d\u00f6n\u00fc\u015ft\u00fcr\u00fclecek. \u0130zmit il\u00e7esi Kuru\u00e7e\u015fme Mahallesi\u2019nde 10 bin 538 metrekarelik alanda bulunan 2 bloktan olu\u015fan binalarda toplam 21 daire, ihtiya\u00e7 sahiplerini misafir edecek.<\/p>\n<p>Hayat\u0131n\u0131 s\u00fcrd\u00fcrmekte zorlanan, bar\u0131nma imk\u00e2n\u0131 olmayan ve Kocaeli\u2019de sa\u011fl\u0131k hizmetlerinden faydalanan ihtiya\u00e7 sahibi vatanda\u015flar\u0131n konaklayaca\u011f\u0131 binalar iki bloktan olu\u015fuyor. Binalar\u0131n bo\u015falt\u0131m s\u00fcreci devam ediyor. Yakla\u015f\u0131k 1 ay s\u00fcrecek olan bo\u015falt\u0131m i\u015fleminin ard\u0131ndan binalar, bar\u0131nma merkezi ve hasta yak\u0131nlar\u0131n\u0131n faydalanaca\u011f\u0131 tesisler haline d\u00f6n\u00fc\u015ft\u00fcr\u00fclecek. Tapu alan\u0131 10 bin 538 metrekare olan yerle\u015fim yerinin konut alan\u0131 3 bin 685 metrekare olarak belirtiliyor. B\u00fcy\u00fck\u015fehire ait iki binada toplam 21 daire bulunuyor. Binalarda 113 metrekarelik 6 adet 3+1, 118 metrekarelik 5 adet 3+1 ve 90 metrekarelik 10 adet 2+1 daireler bulunuyor.<\/p>\n","protected":false},"excerpt":{"rendered":"<p>KOCAEL\u0130 B\u00dcY\u00dcK\u015eEH\u0130R BELED\u0130YES\u0130NE A\u0130T VE KAMU TARAFINDAN KULLANILAN YAPILAR, ALINAN KARAR \u0130LE ARTIK \u0130HT\u0130YA\u00c7 SAH\u0130B\u0130 VATANDA\u015eLARIN \u00dcCRETS\u0130Z KONAKLAYACAKLARI YERLER HAL\u0130NE D\u00d6N\u00dc\u015eT\u00dcR\u00dcLECEK.<\/p>\n","protected":false},"author":1,"featured_media":186725,"comment_status":"closed","ping_status":"open","sticky":false,"template":"","format":"standard","meta":{"jetpack_post_was_ever_published":false,"_jetpack_newsletter_access":"","_jetpack_dont_email_post_to_subs":false,"_jetpack_newsletter_tier_id":0,"_jetpack_memberships_contains_paywalled_content":false,"_jetpack_memberships_contains_paid_content":false,"footnotes":"","jetpack_publicize_message":"","jetpack_publicize_feature_enabled":true,"jetpack_social_post_already_shared":true,"jetpack_social_options":{"image_generator_settings":{"template":"highway","default_image_id":0,"font":"","enabled":false},"version":2}},"categories":[1],"tags":[7904,11370,5089,5305,46404,4374],"class_list":["post-186724","post","type-post","status-publish","format-standard","has-post-thumbnail","hentry","category-genel","tag-belediyenin","tag-ihtiyac","tag-kocaelide","tag-kullanacak","tag-lojmanlarini","tag-sahipleri"],"jetpack_publicize_connections":[],"jetpack_featured_media_url":"https:\/\/i0.wp.com\/www.tvturk.com\/wp-content\/uploads\/2019\/07\/kocaelide-belediyenin-lojmanlarini-ihtiyac-sahipleri-kullanacak_2f81e6a.jpg?fit=1000%2C562","jetpack_sharing_enabled":true,"jetpack_shortlink":"https:\/\/wp.me\/paKIfm-MzG","_links":{"self":[{"href":"http:\/\/www.tvturk.com\/index.php\/wp-json\/wp\/v2\/posts\/186724","targetHints":{"allow":["GET"]}}],"collection":[{"href":"http:\/\/www.tvturk.com\/index.php\/wp-json\/wp\/v2\/posts"}],"about":[{"href":"http:\/\/www.tvturk.com\/index.php\/wp-json\/wp\/v2\/types\/post"}],"author":[{"embeddable":true,"href":"http:\/\/www.tvturk.com\/index.php\/wp-json\/wp\/v2\/users\/1"}],"replies":[{"embeddable":true,"href":"http:\/\/www.tvturk.com\/index.php\/wp-json\/wp\/v2\/comments?post=186724"}],"version-history":[{"count":0,"href":"http:\/\/www.tvturk.com\/index.php\/wp-json\/wp\/v2\/posts\/186724\/revisions"}],"wp:featuredmedia":[{"embeddable":true,"href":"http:\/\/www.tvturk.com\/index.php\/wp-json\/wp\/v2\/media\/186725"}],"wp:attachment":[{"href":"http:\/\/www.tvturk.com\/index.php\/wp-json\/wp\/v2\/media?parent=186724"}],"wp:term":[{"taxonomy":"category","embeddable":true,"href":"http:\/\/www.tvturk.com\/index.php\/wp-json\/wp\/v2\/categories?post=186724"},{"taxonomy":"post_tag","embeddable":true,"href":"http:\/\/www.tvturk.com\/index.php\/wp-json\/wp\/v2\/tags?post=186724"}],"curies":[{"name":"wp","href":"https:\/\/api.w.org\/{rel}","templated":true}]}}