{"id":186726,"date":"2019-07-26T13:01:57","date_gmt":"2019-07-26T10:01:57","guid":{"rendered":"http:\/\/www.tvturk.com\/index.php\/25-metrelik-kara-yilan-korkuttu\/"},"modified":"2019-07-26T13:01:57","modified_gmt":"2019-07-26T10:01:57","slug":"25-metrelik-kara-yilan-korkuttu","status":"publish","type":"post","link":"http:\/\/www.tvturk.com\/index.php\/25-metrelik-kara-yilan-korkuttu\/","title":{"rendered":"2,5 metrelik kara y\u0131lan korkuttu"},"content":{"rendered":"<p>Mersin\u2019in Silifke il\u00e7esinde bir limon a\u011fac\u0131nda g\u00f6r\u00fclen 2,5 metre uzunlu\u011fundaki kara y\u0131lan\u0131, \u00e7evredeki vatanda\u015flar\u0131 korkuttu. \u0130tfaiye ekiplerinin \u00e7al\u0131\u015fmas\u0131 sonucunda bulundu\u011fu yerden al\u0131nan y\u0131lan, do\u011fal ya\u015fam alan\u0131na b\u0131rak\u0131ld\u0131.<\/p>\n<p>Edinilen bilgiye g\u00f6re, il\u00e7eye ba\u011fl\u0131 Sar\u0131c\u0131lar Mahallesi\u2019nde ikamet eden Fikret \u0130nceo\u011flu, evinin bah\u00e7esinde bulunan limon a\u011fac\u0131nda hareket eden bir \u015fey g\u00f6rd\u00fc. A\u011faca yakla\u015fan \u0130nceo\u011flu, boyu 2,5 metre uzunlu\u011funda olan kara y\u0131lan\u0131 g\u00f6rd\u00fc. Bunun \u00fczerine Mersin B\u00fcy\u00fck\u015fehir Belediyesi \u0130tfaiye Dairesi Ba\u015fkanl\u0131\u011f\u0131n\u0131 arayarak yard\u0131m isteyen \u0130nceo\u011flu, ekipler gelene kadar a\u011fac\u0131n yak\u0131n\u0131na da \u00e7evreden kimseyi yana\u015ft\u0131rmad\u0131. Olay yerine gelen ekipler, y\u0131lan yakalama aparat\u0131yla y\u0131lan\u0131 yakalayarak, a\u011fa\u00e7tan ald\u0131. Y\u0131lan\u0131 g\u00f6ren \u00e7evredeki vatanda\u015flar korku dolu anlar ya\u015farken, ekiplerin \u00e7al\u0131\u015fmas\u0131 sonucunda rahat bir nefes ald\u0131.<\/p>\n<p>Bir torbaya konularak b\u00f6lgeden uzakla\u015ft\u0131r\u0131lan y\u0131lan, ard\u0131ndan do\u011fal ya\u015fam alan\u0131na b\u0131rak\u0131ld\u0131.<\/p>\n","protected":false},"excerpt":{"rendered":"<p>MERS\u0130N&#8217;\u0130N S\u0130L\u0130FKE \u0130L\u00c7ES\u0130NDE B\u0130R L\u0130MON A\u011eACINDA G\u00d6R\u00dcLEN 2,5 METRE UZUNLU\u011eUNDAK\u0130 KARA YILAN, \u00c7EVREDEK\u0130 VATANDA\u015eLARI KORKUTTU. \u0130TFA\u0130YE EK\u0130PLER\u0130N\u0130N \u00c7ALI\u015eMASI SONUCUNDA BULUNDU\u011eU YERDEN ALINAN YILAN, DO\u011eAL YA\u015eAMINA BIRAKILDI.<\/p>\n","protected":false},"author":1,"featured_media":186727,"comment_status":"closed","ping_status":"open","sticky":false,"template":"","format":"standard","meta":{"jetpack_post_was_ever_published":false,"_jetpack_newsletter_access":"","_jetpack_dont_email_post_to_subs":false,"_jetpack_newsletter_tier_id":0,"_jetpack_memberships_contains_paywalled_content":false,"_jetpack_memberships_contains_paid_content":false,"footnotes":"","jetpack_publicize_message":"","jetpack_publicize_feature_enabled":true,"jetpack_social_post_already_shared":true,"jetpack_social_options":{"image_generator_settings":{"template":"highway","default_image_id":0,"font":"","enabled":false},"version":2}},"categories":[1],"tags":[22697,1880,1801,2053,4877,10564],"class_list":["post-186726","post","type-post","status-publish","format-standard","has-post-thumbnail","hentry","category-genel","tag-yilan","tag-1880","tag-1801","tag-kara","tag-korkuttu","tag-metrelik"],"jetpack_publicize_connections":[],"jetpack_featured_media_url":"https:\/\/i0.wp.com\/www.tvturk.com\/wp-content\/uploads\/2019\/07\/25-metrelik-kara-yilan-korkuttu_7062e9a.jpg?fit=750%2C1000","jetpack_sharing_enabled":true,"jetpack_shortlink":"https:\/\/wp.me\/paKIfm-MzI","_links":{"self":[{"href":"http:\/\/www.tvturk.com\/index.php\/wp-json\/wp\/v2\/posts\/186726","targetHints":{"allow":["GET"]}}],"collection":[{"href":"http:\/\/www.tvturk.com\/index.php\/wp-json\/wp\/v2\/posts"}],"about":[{"href":"http:\/\/www.tvturk.com\/index.php\/wp-json\/wp\/v2\/types\/post"}],"author":[{"embeddable":true,"href":"http:\/\/www.tvturk.com\/index.php\/wp-json\/wp\/v2\/users\/1"}],"replies":[{"embeddable":true,"href":"http:\/\/www.tvturk.com\/index.php\/wp-json\/wp\/v2\/comments?post=186726"}],"version-history":[{"count":0,"href":"http:\/\/www.tvturk.com\/index.php\/wp-json\/wp\/v2\/posts\/186726\/revisions"}],"wp:featuredmedia":[{"embeddable":true,"href":"http:\/\/www.tvturk.com\/index.php\/wp-json\/wp\/v2\/media\/186727"}],"wp:attachment":[{"href":"http:\/\/www.tvturk.com\/index.php\/wp-json\/wp\/v2\/media?parent=186726"}],"wp:term":[{"taxonomy":"category","embeddable":true,"href":"http:\/\/www.tvturk.com\/index.php\/wp-json\/wp\/v2\/categories?post=186726"},{"taxonomy":"post_tag","embeddable":true,"href":"http:\/\/www.tvturk.com\/index.php\/wp-json\/wp\/v2\/tags?post=186726"}],"curies":[{"name":"wp","href":"https:\/\/api.w.org\/{rel}","templated":true}]}}