{"id":186730,"date":"2019-07-26T13:02:46","date_gmt":"2019-07-26T10:02:46","guid":{"rendered":"http:\/\/www.tvturk.com\/index.php\/10-uluslararasi-aba-guresi-dunya-kupasi-31-agustosta-basliyor\/"},"modified":"2019-07-26T13:02:46","modified_gmt":"2019-07-26T10:02:46","slug":"10-uluslararasi-aba-guresi-dunya-kupasi-31-agustosta-basliyor","status":"publish","type":"post","link":"http:\/\/www.tvturk.com\/index.php\/10-uluslararasi-aba-guresi-dunya-kupasi-31-agustosta-basliyor\/","title":{"rendered":"10. Uluslararas\u0131 Aba G\u00fcre\u015fi D\u00fcnya Kupas\u0131 31 A\u011fustos\u2019ta ba\u015fl\u0131yor"},"content":{"rendered":"<p>Uluslararas\u0131 10. Aba G\u00fcre\u015fi D\u00fcnya Kupas\u0131 \u015eampiyonas\u0131 31 A\u011fustos-1 Eyl\u00fcl tarihleri aras\u0131nda Hatay\u2019da yap\u0131lacak.<\/p>\n<p>Hatay B\u00fcy\u00fck\u015fehir Belediyesi\u2019nin organize etti\u011fi Uluslararas\u0131 10. Aba G\u00fcre\u015fi D\u00fcnya Kupas\u0131 \u015eampiyonas\u0131 heyecan\u0131 Hatay\u2019da ya\u015fanacak. Belediye Ba\u015fkan\u0131 L\u00fctf\u00fc Sava\u015f ve kurucu ba\u015fkan Prof. Dr. \u0130brahim \u00d6ztek\u2019in b\u00fcy\u00fck katk\u0131 yapt\u0131\u011f\u0131 \u015fampiyona 31 A\u011fustos\u2019ta ba\u015flayacak ve 1 Eyl\u00fcl\u2019de sona erecek. Derece giren sporcular cumhuriyet alt\u0131n\u0131 ile \u00f6d\u00fcllendirilecek. \u015eampiyonaya kat\u0131lacak sporcular 10 A\u011fustos tarihine kadar ba\u015fvuru yapabilecek.<\/p>\n<p>10. Aba G\u00fcre\u015fi D\u00fcnya Kupas\u0131\u2019n\u0131n Hatay\u2019da yap\u0131lacak olmas\u0131ndan dolay\u0131 mutlu olduklar\u0131n\u0131 belirten Belediye Ba\u015fkan\u0131 L\u00fctf\u00fc Sava\u015f, &#8220;Yakla\u015f\u0131k 9 y\u0131l \u00f6nce D\u00fcnya Aba G\u00fcre\u015fi Federasyonu\u2019nu kurduk. \u015eu anda aba g\u00fcre\u015flerinin merkezi Hatay. Yakla\u015f\u0131k 45 civar\u0131nda \u00fclkeden sporcular\u0131 a\u011f\u0131rlayaca\u011f\u0131z. Biz d\u00fcnya d\u00f6nd\u00fck\u00e7e ata sporumuzu y\u00fcceltmeye \u00e7al\u0131\u015f\u0131yoruz, eme\u011fi ge\u00e7en herkese te\u015fekk\u00fcr ediyorum&#8221; dedi.<\/p>\n<p>D\u00fcnya Aba G\u00fcre\u015fi Federasyonu Kurucu Ba\u015fkan\u0131 Prof. Dr. \u0130brahim \u00d6ztek de, ge\u00e7en y\u0131l 35 \u00fclkeden sporcunun kat\u0131l\u0131m g\u00f6sterdi\u011fi \u015fampiyonaya bu y\u0131l 45\u2019in \u00fczerinde ba\u015fvuru oldu\u011funu belirterek, bu spora ilgilinin her y\u0131l artt\u0131\u011f\u0131n\u0131 ifade etti.<\/p>\n","protected":false},"excerpt":{"rendered":"<p>ULUSLARARASI 10. ABA G\u00dcRE\u015e\u0130 D\u00dcNYA KUPASI \u015eAMP\u0130YONASI 31 A\u011eUSTOS-1 EYL\u00dcL TAR\u0130HLER\u0130 ARASINDA HATAY&#8217;DA YAPILACAK.<\/p>\n","protected":false},"author":1,"featured_media":186731,"comment_status":"closed","ping_status":"open","sticky":false,"template":"","format":"standard","meta":{"jetpack_post_was_ever_published":false,"_jetpack_newsletter_access":"","_jetpack_dont_email_post_to_subs":false,"_jetpack_newsletter_tier_id":0,"_jetpack_memberships_contains_paywalled_content":false,"_jetpack_memberships_contains_paid_content":false,"footnotes":"","jetpack_publicize_message":"","jetpack_publicize_feature_enabled":true,"jetpack_social_post_already_shared":true,"jetpack_social_options":{"image_generator_settings":{"template":"highway","default_image_id":0,"font":"","enabled":false},"version":2}},"categories":[657],"tags":[4611,4839,44268,349,34538,1647,5658,915],"class_list":["post-186730","post","type-post","status-publish","format-standard","has-post-thumbnail","hentry","category-spor","tag-4611","tag-uluslararasi","tag-aba","tag-dunya","tag-agustosta","tag-basliyor","tag-guresi","tag-kupasi"],"jetpack_publicize_connections":[],"jetpack_featured_media_url":"https:\/\/i0.wp.com\/www.tvturk.com\/wp-content\/uploads\/2019\/07\/10-uluslararasi-aba-guresi-dunya-kupasi-31-agustosta-basliyor_3670e18.jpg?fit=670%2C335","jetpack_sharing_enabled":true,"jetpack_shortlink":"https:\/\/wp.me\/paKIfm-MzM","_links":{"self":[{"href":"http:\/\/www.tvturk.com\/index.php\/wp-json\/wp\/v2\/posts\/186730","targetHints":{"allow":["GET"]}}],"collection":[{"href":"http:\/\/www.tvturk.com\/index.php\/wp-json\/wp\/v2\/posts"}],"about":[{"href":"http:\/\/www.tvturk.com\/index.php\/wp-json\/wp\/v2\/types\/post"}],"author":[{"embeddable":true,"href":"http:\/\/www.tvturk.com\/index.php\/wp-json\/wp\/v2\/users\/1"}],"replies":[{"embeddable":true,"href":"http:\/\/www.tvturk.com\/index.php\/wp-json\/wp\/v2\/comments?post=186730"}],"version-history":[{"count":0,"href":"http:\/\/www.tvturk.com\/index.php\/wp-json\/wp\/v2\/posts\/186730\/revisions"}],"wp:featuredmedia":[{"embeddable":true,"href":"http:\/\/www.tvturk.com\/index.php\/wp-json\/wp\/v2\/media\/186731"}],"wp:attachment":[{"href":"http:\/\/www.tvturk.com\/index.php\/wp-json\/wp\/v2\/media?parent=186730"}],"wp:term":[{"taxonomy":"category","embeddable":true,"href":"http:\/\/www.tvturk.com\/index.php\/wp-json\/wp\/v2\/categories?post=186730"},{"taxonomy":"post_tag","embeddable":true,"href":"http:\/\/www.tvturk.com\/index.php\/wp-json\/wp\/v2\/tags?post=186730"}],"curies":[{"name":"wp","href":"https:\/\/api.w.org\/{rel}","templated":true}]}}