{"id":186770,"date":"2019-07-26T14:02:36","date_gmt":"2019-07-26T11:02:36","guid":{"rendered":"http:\/\/www.tvturk.com\/index.php\/vali-kaymak-ozel-hastaneler-bizim-zenginligimiz\/"},"modified":"2019-07-26T14:02:36","modified_gmt":"2019-07-26T11:02:36","slug":"vali-kaymak-ozel-hastaneler-bizim-zenginligimiz","status":"publish","type":"post","link":"http:\/\/www.tvturk.com\/index.php\/vali-kaymak-ozel-hastaneler-bizim-zenginligimiz\/","title":{"rendered":"Vali Kaymak: \u201c\u00d6zel hastaneler bizim zenginli\u011fimiz\u201d"},"content":{"rendered":"<p>Samsun Valisi Osman Kaymak, \u201c\u00d6zel hastaneler bizim zenginli\u011fimiz. \u00d6zel hastanelerin daha \u00e7ok olmas\u0131n\u0131 istiyoruz\u201d dedi.<\/p>\n<p>B\u00fcy\u00fck Anadolu Hastanelerinin 150 yatakl\u0131 yeni hastane binas\u0131n\u0131n protokol lansman\u0131 ger\u00e7ekle\u015ftirildi. Samsun\u2019un ilk \u00f6zel hastanesi olma \u00f6zelli\u011fini ta\u015f\u0131yan B\u00fcy\u00fck Anadolu Hastaneleri, \u0130stiklal Caddesi\u2019nde bulunan hastanesini, \u0130stasyon Mahallesi Atat\u00fcrk Bulvar\u0131 \u00fczerindeki yeni hizmet binas\u0131na ta\u015f\u0131d\u0131. Tan\u0131t\u0131m toplant\u0131lar\u0131na devam eden hastane y\u00f6netimi, protokol \u00fcyelerini a\u011f\u0131rlad\u0131.<\/p>\n<p>\u201cYeni nesil hastanecilik\u201d<\/p>\n<p>Lansmanda a\u00e7\u0131klamalarda bulunan B\u00fcy\u00fck Anadolu Hastaneleri Y\u00f6netim Kurulu Ba\u015fkan\u0131 Opr. Dr. Yakup Y\u00f6nten, 22 y\u0131ld\u0131r Samsun\u2019da olduklar\u0131n\u0131 hat\u0131rlatarak, \u201c22 y\u0131ld\u0131r burada istihdam sa\u011fl\u0131yoruz ve hizmet veriyoruz. Art\u0131k hastane i\u015fletmecili\u011fi \u00e7ok farkl\u0131la\u015ft\u0131. Biz 22 y\u0131l \u00f6nce Samsun \u0130lkad\u0131m\u2019da sa\u011fl\u0131kta ilk ad\u0131m\u0131m\u0131z\u0131 atarken bug\u00fcn geldi\u011fimiz nokta itibar\u0131yla art\u0131k yine ilk ad\u0131m\u0131 at\u0131yoruz. Ama bu sefer yeni nesil hastanecilik olarak at\u0131yoruz. \u00c7iftlik hastanemizin ruhsat\u0131n\u0131 yeni hastanemize ta\u015f\u0131yoruz. Meydan hastanemiz yine yerinde kalacak. 7-8 \u00fclkeden \u015fu anda 3 binin \u00fczerinde hastam\u0131z gelmi\u015f bulunmakta. Yeni olu\u015fturdu\u011fumuz departman\u0131m\u0131zla da in\u015fallah yeni \u00fclkelerle de beraber o \u00fclkelere yo\u011funla\u015faca\u011f\u0131z. 81 ilde i\u00e7 turizmde ama bunun yan\u0131nda da stratejik olarak benimsedi\u011fimiz \u00e7evre \u00fclkeler, Balkanlar, ba\u015fta Almanya olmak \u00fczere hedefimiz \u2018sa\u011fl\u0131k turizmi\u2019 dendi\u011finde Samsun\u2019un ak\u0131llara gelmesi\u201d diye konu\u015ftu.<\/p>\n<p>\u201cB\u00fcy\u00fck Anadolu Hastaneleri T\u00fcrkiye\u2019deki \u00f6zel hastanelerde \u00f6nc\u00fc\u201d<\/p>\n<p>Samsun Valisi Osman Kaymak ise yeni hastane ad\u0131na Samsun olarak sevindiklerini ifade ederek, \u201cSamsun\u2019un vizyon \u00f6zellikleri var. Samsun bir tar\u0131m kenti, sa\u011fl\u0131k kenti, ticaret kenti, sanayi kenti. Sa\u011fl\u0131k kenti olma \u00f6zelli\u011fini \u00e7ok da hak ediyor. \u00c7\u00fcnk\u00fc Samsun b\u00f6lge olarak 4-5 milyon n\u00fcfusa hitap eden hinterlantta bir yer. \u015eu an Samsun\u2019da 27 tane hastane var. Bunlar\u0131n 9 tanesi \u00f6zel hastane. 5 bine yak\u0131n da yatak kapasitemiz var. B\u00f6lgenin en g\u00fc\u00e7l\u00fc merkezlerinden birisiyiz. Tabii, bu sa\u011fl\u0131k hizmetlerini \u00fcretirken kamu hastanelerin yan\u0131 s\u0131ra \u00f6zel sekt\u00f6r\u00fcn de bu i\u015fe destek vermesi bizim y\u00fck\u00fcm\u00fcz\u00fc azalt\u0131yor. \u00d6zel hastaneler bizim zenginli\u011fimiz. \u00d6zel hastanelerin daha \u00e7ok olmas\u0131n\u0131 istiyoruz. Sonu\u00e7ta bu insanlar ticaret de yapsalar insanlara \u015fifa da\u011f\u0131t\u0131yor. B\u00fcy\u00fck Anadolu Hastaneleri T\u00fcrkiye\u2019deki \u00f6zel hastanelerde \u00f6nc\u00fc. Kendini ispatlam\u0131\u015f bir hastane. \u0130n\u015fallah bu g\u00fczel hastanemizde hastalar\u0131m\u0131z kendilerini rahat hissedecek. Fiziki mekanlar psikolojiyi etkiliyor. Eski bir hastaneye gitti\u011fimizde psikolojimiz de onunla birlikte etkileniyor. Bizim milletimiz her \u015feyin en iyisine lay\u0131k\u201d \u015feklinde konu\u015ftu.<\/p>\n<p>Vali Kaymak ayr\u0131ca, hastane y\u00f6netiminden \u015fehit aileleri ve gazilere tedavi s\u00fcre\u00e7lerinde pozitif ayr\u0131mc\u0131l\u0131k yapmalar\u0131n\u0131 da istedi.<\/p>\n<p>Konu\u015fmalar\u0131n ard\u0131ndan Vali Kaymak ve beraberindeki protokol \u00fcyeleri hastane yetkilileriyle birlikte hastane birimlerini gezdi ve bilgi ald\u0131. Lansmana ayr\u0131ca, Tekkek\u00f6y Belediye Ba\u015fkan\u0131 Hasan Togar, \u0130l Emniyet M\u00fcd\u00fcr\u00fc Vedat Yavuz, B\u00fcy\u00fck\u015fehir Belediye Ba\u015fkan Vekili Yavuz Y\u0131lmaz, B\u00fcy\u00fck\u015fehir Belediyesi Genel Sekreteri \u0130lhan Bayram, B\u00fcy\u00fck\u015fehir Belediyesi \u00d6zel Kalem M\u00fcd\u00fcr\u00fc S\u00fcleyman Demirta\u015f, MHP \u0130l Ba\u015fkan\u0131 Abdullah Karap\u0131\u00e7ak, Samsun Kamu Hastaneleri Hizmetleri Ba\u015fkan\u0131 Uzman Dr. Mehmet K\u0131l\u0131n\u00e7, Gazi Devlet Hastanesi Ba\u015fhekimi Uzman Dr. Emine Sehmen ve hastane y\u00f6netimi kat\u0131ld\u0131.<\/p>\n","protected":false},"excerpt":{"rendered":"<p>B\u00dcY\u00dcK ANADOLU HASTANELER\u0130N\u0130N 150 YATAKLI YEN\u0130 HASTANE B\u0130NASININ \u0130K\u0130NC\u0130 LANSMAN TANITIMI PROTOKOL \u00dcYELER\u0130N\u0130N DE KATILIMIYLA GER\u00c7EKLE\u015eT\u0130R\u0130LD\u0130. SAMSUN\u2019UN \u0130LK \u00d6ZEL HASTANES\u0130 OLMA \u00d6ZELL\u0130\u011e\u0130N\u0130 TA\u015eIYAN B\u00dcY\u00dcK ANADOLU HASTANELER\u0130, \u0130ST\u0130KLAL CADDES\u0130\u2019NDE BULUNAN HASTANES\u0130N\u0130, \u0130STASYON MAHALLES\u0130 ATAT\u00dcRK BULVARI \u00dcZER\u0130NDEK\u0130 YEN\u0130 H\u0130ZMET B\u0130NASINA TA\u015eIDI. \u0130K\u0130NC\u0130 TANITIM LANSMANI DA YAPILAN HASTANEDE SA\u011eLIK H\u0130ZMET\u0130, 23 YILLIK TECR\u00dcBE VE SON TEKNOLOJ\u0130 \u0130LE VATANDA\u015eLARA VER\u0130LMEYE DEVAM ED\u0130LECEK.<\/p>\n","protected":false},"author":1,"featured_media":186771,"comment_status":"closed","ping_status":"open","sticky":false,"template":"","format":"standard","meta":{"jetpack_post_was_ever_published":false,"_jetpack_newsletter_access":"","_jetpack_dont_email_post_to_subs":false,"_jetpack_newsletter_tier_id":0,"_jetpack_memberships_contains_paywalled_content":false,"_jetpack_memberships_contains_paid_content":false,"footnotes":"","jetpack_publicize_message":"","jetpack_publicize_feature_enabled":true,"jetpack_social_post_already_shared":true,"jetpack_social_options":{"image_generator_settings":{"template":"highway","default_image_id":0,"font":"","enabled":false},"version":2}},"categories":[1],"tags":[1073,104,44793,16392,148,46418],"class_list":["post-186770","post","type-post","status-publish","format-standard","has-post-thumbnail","hentry","category-genel","tag-ozel","tag-bizim","tag-hastaneler","tag-kaymak","tag-vali","tag-zenginligimiz"],"jetpack_publicize_connections":[],"jetpack_featured_media_url":"https:\/\/i0.wp.com\/www.tvturk.com\/wp-content\/uploads\/2019\/07\/vali-kaymak-ozel-hastaneler-bizim-zenginligimiz_9ba7a98.jpg?fit=1000%2C666","jetpack_sharing_enabled":true,"jetpack_shortlink":"https:\/\/wp.me\/paKIfm-MAq","_links":{"self":[{"href":"http:\/\/www.tvturk.com\/index.php\/wp-json\/wp\/v2\/posts\/186770","targetHints":{"allow":["GET"]}}],"collection":[{"href":"http:\/\/www.tvturk.com\/index.php\/wp-json\/wp\/v2\/posts"}],"about":[{"href":"http:\/\/www.tvturk.com\/index.php\/wp-json\/wp\/v2\/types\/post"}],"author":[{"embeddable":true,"href":"http:\/\/www.tvturk.com\/index.php\/wp-json\/wp\/v2\/users\/1"}],"replies":[{"embeddable":true,"href":"http:\/\/www.tvturk.com\/index.php\/wp-json\/wp\/v2\/comments?post=186770"}],"version-history":[{"count":0,"href":"http:\/\/www.tvturk.com\/index.php\/wp-json\/wp\/v2\/posts\/186770\/revisions"}],"wp:featuredmedia":[{"embeddable":true,"href":"http:\/\/www.tvturk.com\/index.php\/wp-json\/wp\/v2\/media\/186771"}],"wp:attachment":[{"href":"http:\/\/www.tvturk.com\/index.php\/wp-json\/wp\/v2\/media?parent=186770"}],"wp:term":[{"taxonomy":"category","embeddable":true,"href":"http:\/\/www.tvturk.com\/index.php\/wp-json\/wp\/v2\/categories?post=186770"},{"taxonomy":"post_tag","embeddable":true,"href":"http:\/\/www.tvturk.com\/index.php\/wp-json\/wp\/v2\/tags?post=186770"}],"curies":[{"name":"wp","href":"https:\/\/api.w.org\/{rel}","templated":true}]}}