{"id":186790,"date":"2019-07-26T14:46:37","date_gmt":"2019-07-26T11:46:37","guid":{"rendered":"http:\/\/www.tvturk.com\/index.php\/20-uluslararasi-buyukcekmece-kultur-ve-sanat-festivaline-renkli-acilis\/"},"modified":"2019-07-26T14:46:37","modified_gmt":"2019-07-26T11:46:37","slug":"20-uluslararasi-buyukcekmece-kultur-ve-sanat-festivaline-renkli-acilis","status":"publish","type":"post","link":"http:\/\/www.tvturk.com\/index.php\/20-uluslararasi-buyukcekmece-kultur-ve-sanat-festivaline-renkli-acilis\/","title":{"rendered":"20. Uluslararas\u0131 B\u00fcy\u00fck\u00e7ekmece K\u00fclt\u00fcr ve Sanat Festivali\u2019ne renkli a\u00e7\u0131l\u0131\u015f"},"content":{"rendered":"<p>20. Uluslararas\u0131 B\u00fcy\u00fck\u00e7ekmece K\u00fclt\u00fcr ve Sanat Festivali, Taksim Cumhuriyet An\u0131t\u0131 \u00f6n\u00fcndeki renkli a\u00e7\u0131l\u0131\u015fla start ald\u0131. 71 \u00fclkeden gelen 1420 k\u00fclt\u00fcr ve sanat el\u00e7isi \u00fclkelerine ait halk oyunlar\u0131n\u0131 sergilerken, \u00e7evredeki vatanda\u015flar da renkli g\u00f6sterileri ilgiyle izleyerek cep telefonlar\u0131yla kaydetti. \u00d6te yandan Macaristanl\u0131 bir gen\u00e7 etkinlikte \u0130zmir Mar\u015f\u0131\u2019n\u0131 s\u00f6yledi.<\/p>\n<p>D\u00fcnya Festivaller Birli\u011fi  taraf\u0131ndan yedi kez d\u00fcnyan\u0131n en iyi festivali se\u00e7ilen Uluslararas\u0131 B\u00fcy\u00fck\u00e7ekmece K\u00fclt\u00fcr ve Sanat Festivali\u2019nin a\u00e7\u0131l\u0131\u015f\u0131 Taksim Cumhuriyet An\u0131t\u0131 \u00f6n\u00fcnde yap\u0131ld\u0131. Bu y\u0131l 20\u2019ncisi, 26 Temmuz &#8211; 3 A\u011fustos tarihleri aras\u0131nda ger\u00e7ekle\u015fecek olan festivale 71 \u00fclkeden 1420 k\u00fclt\u00fcr ve sanat el\u00e7isi kat\u0131ld\u0131. Renkli g\u00f6r\u00fcnt\u00fclerin olu\u015ftu\u011fu festivalin a\u00e7\u0131l\u0131\u015f\u0131nda B\u00fcy\u00fck\u00e7ekmece Belediye Ba\u015fkan\u0131 Dr. Hasan Akg\u00fcn Taksim Meydan\u0131\u2019nda bulunan Cumhuriyet An\u0131t\u0131\u2019na \u00e7elenk b\u0131rakt\u0131. Ukrayna, Brezilya, Macaristan, K\u0131br\u0131s, Panama, \u0130ran ve Polonya\u2019dan gelen k\u00fclt\u00fcr el\u00e7ileri, y\u00f6resel halk oyunlar\u0131n\u0131 sergiledi. Rengarenk k\u0131yafetleriyle kendi \u00fclkelerinin k\u00fclt\u00fcr\u00fcn\u00fc \u0130stanbullulara tan\u0131tan y\u00fczlerce k\u00fclt\u00fcr el\u00e7isi yo\u011fun ilgi g\u00f6rd\u00fc. Festivale farkl\u0131 \u00fclkelerden gelen el\u00e7iler etkinli\u011fin e\u011flenceli ge\u00e7ti\u011fini ve mutlu olduklar\u0131n\u0131 s\u00f6yledi. \u00d6te yandan Macaristanl\u0131 bir gen\u00e7 \u0130zmir Mar\u015f\u0131\u2019n\u0131 s\u00f6yledi.<\/p>\n<p>&#8220;Misafirperverli\u011fimizi \u015fehrimizin zenginli\u011fini tan\u0131taca\u011f\u0131z\u201d<\/p>\n<p>B\u00fcy\u00fck\u00e7ekmece Belediyesi\u2019nin 20 y\u0131ld\u0131r k\u00fclt\u00fcr\u00fc ve sanat\u0131 temsil etti\u011fini vurgulayan B\u00fcy\u00fck\u00e7ekmece Belediye Ba\u015fkan\u0131 Dr. Hasan Akg\u00fcn, \u201c\u0130stanbul\u2019da ve T\u00fcrkiye\u2019de uluslararas\u0131 boyutta yap\u0131lan festivallerden bir tanesi ve D\u00fcnya Festivaller Birli\u011fi\u2019nin ilk ve tek \u00fcyesi B\u00fcy\u00fck\u00e7ekmece Uluslararas\u0131 K\u00fclt\u00fcr ve Sanat Festivali\u2019dir. A kategorisinde, 20 y\u0131ldan beri \u00fclkemizde k\u00fclt\u00fcr\u00fc ve sanat\u0131 temsil etmeye devam ediyor. Bu sene 20.\u2019sini yapmaya ba\u015flad\u0131\u011f\u0131m\u0131z Uluslararas\u0131 K\u00fclt\u00fcr ve Sanat Festivali\u2019ne 71 \u00fclkeden 1420  sanat el\u00e7isi kat\u0131lmaktad\u0131r. 71 \u00fclkenin \u00fcniversite gen\u00e7leri ilk defa bu festivalde bir araya geliyorlar. Sadece el sanatlar\u0131yla burada ha\u015f\u0131r ne\u015fir olmuyorlar, sadece kukla yapm\u0131yorlar ayn\u0131 zamanda bu \u015fehri tan\u0131yorlar. Misafirperverli\u011fimizi \u015fehrimizin zenginli\u011fini tan\u0131taca\u011f\u0131z\u201d dedi.<\/p>\n<p>&#8220;\u0130stanbul\u2019u T\u00fcrkiye\u2019yi B\u00fcy\u00fck\u00e7ekmece olarak g\u00fczel temsil ediyoruz&#8221;<\/p>\n<p>Festivalde her sene renkli g\u00f6r\u00fcnt\u00fcler olu\u015ftu\u011funu aktaran Bilal Arslan, \u201cHer sene tecr\u00fcbemize dayanarak \u00e7ok g\u00fczel bir festival yapt\u0131\u011f\u0131m\u0131z kesin, \u0130stanbul\u2019u T\u00fcrkiye\u2019yi B\u00fcy\u00fck\u00e7ekmece olarak \u00e7ok g\u00fczel temsil etti\u011fimize inan\u0131yorum. Her sene birbirinden renkli g\u00f6r\u00fcnt\u00fclerle bitiyoruz\u201d ifadelerini kulland\u0131.<\/p>\n<p>&#8220;G\u00fczel aktiviteleri var \u00e7ok e\u011flenceli&#8221;<\/p>\n<p>Festivale K\u0131br\u0131s\u2019tan gelerek ilk kez kat\u0131ld\u0131\u011f\u0131n\u0131 s\u00f6yleyen \u015eerife S\u00fcnd\u00fc, \u201cG\u00fczel e\u011fleniyoruz. \u0130lk defa kat\u0131l\u0131yorum. G\u00fczel aktiviteleri var \u00e7ok e\u011flenceli g\u00fczel\u201d \u015feklinde konu\u015ftu.<\/p>\n<p>Festival boyunca \u00e7ok say\u0131da \u00fcnl\u00fc ismin sahne alaca\u011f\u0131 konserler, sergiler ve \u00e7e\u015fitli \u015fovlar ger\u00e7ekle\u015ftirilecek.<\/p>\n","protected":false},"excerpt":{"rendered":"<p>D\u00dcNYA FEST\u0130VALLER B\u0130RL\u0130\u011e\u0130  TARAFINDAN YED\u0130 KEZ D\u00dcNYANIN EN \u0130Y\u0130 FEST\u0130VAL\u0130 SE\u00c7\u0130LEN ULUSLARARASI B\u00dcY\u00dcK\u00c7EKMECE K\u00dcLT\u00dcR VE SANAT FEST\u0130VAL\u0130&#8217;N\u0130N A\u00c7ILI\u015eI TAKS\u0130M CUMHUR\u0130YET ANITI \u00d6N\u00dcNDE YAPILDI.<\/p>\n","protected":false},"author":1,"featured_media":186791,"comment_status":"closed","ping_status":"open","sticky":false,"template":"","format":"standard","meta":{"jetpack_post_was_ever_published":false,"_jetpack_newsletter_access":"","_jetpack_dont_email_post_to_subs":false,"_jetpack_newsletter_tier_id":0,"_jetpack_memberships_contains_paywalled_content":false,"_jetpack_memberships_contains_paid_content":false,"footnotes":"","jetpack_publicize_message":"","jetpack_publicize_feature_enabled":true,"jetpack_social_post_already_shared":true,"jetpack_social_options":{"image_generator_settings":{"template":"highway","default_image_id":0,"font":"","enabled":false},"version":2}},"categories":[1],"tags":[4839,13416,1350,11138,3007,630,4128,4854],"class_list":["post-186790","post","type-post","status-publish","format-standard","has-post-thumbnail","hentry","category-genel","tag-uluslararasi","tag-13416","tag-acilis","tag-buyukcekmece","tag-festivaline","tag-kultur","tag-renkli","tag-sanat"],"jetpack_publicize_connections":[],"jetpack_featured_media_url":"https:\/\/i0.wp.com\/www.tvturk.com\/wp-content\/uploads\/2019\/07\/20-uluslararasi-buyukcekmece-kultur-ve-sanat-festivaline-renkli-acilis_9f2a697.jpg?fit=1000%2C750","jetpack_sharing_enabled":true,"jetpack_shortlink":"https:\/\/wp.me\/paKIfm-MAK","_links":{"self":[{"href":"http:\/\/www.tvturk.com\/index.php\/wp-json\/wp\/v2\/posts\/186790","targetHints":{"allow":["GET"]}}],"collection":[{"href":"http:\/\/www.tvturk.com\/index.php\/wp-json\/wp\/v2\/posts"}],"about":[{"href":"http:\/\/www.tvturk.com\/index.php\/wp-json\/wp\/v2\/types\/post"}],"author":[{"embeddable":true,"href":"http:\/\/www.tvturk.com\/index.php\/wp-json\/wp\/v2\/users\/1"}],"replies":[{"embeddable":true,"href":"http:\/\/www.tvturk.com\/index.php\/wp-json\/wp\/v2\/comments?post=186790"}],"version-history":[{"count":0,"href":"http:\/\/www.tvturk.com\/index.php\/wp-json\/wp\/v2\/posts\/186790\/revisions"}],"wp:featuredmedia":[{"embeddable":true,"href":"http:\/\/www.tvturk.com\/index.php\/wp-json\/wp\/v2\/media\/186791"}],"wp:attachment":[{"href":"http:\/\/www.tvturk.com\/index.php\/wp-json\/wp\/v2\/media?parent=186790"}],"wp:term":[{"taxonomy":"category","embeddable":true,"href":"http:\/\/www.tvturk.com\/index.php\/wp-json\/wp\/v2\/categories?post=186790"},{"taxonomy":"post_tag","embeddable":true,"href":"http:\/\/www.tvturk.com\/index.php\/wp-json\/wp\/v2\/tags?post=186790"}],"curies":[{"name":"wp","href":"https:\/\/api.w.org\/{rel}","templated":true}]}}