{"id":186794,"date":"2019-07-26T15:01:52","date_gmt":"2019-07-26T12:01:52","guid":{"rendered":"http:\/\/www.tvturk.com\/index.php\/adanaya-sehit-atesi-dustu-2\/"},"modified":"2019-07-26T15:01:52","modified_gmt":"2019-07-26T12:01:52","slug":"adanaya-sehit-atesi-dustu-2","status":"publish","type":"post","link":"http:\/\/www.tvturk.com\/index.php\/adanaya-sehit-atesi-dustu-2\/","title":{"rendered":"Adana\u2019ya \u015fehit ate\u015fi d\u00fc\u015ft\u00fc"},"content":{"rendered":"<p>Hakkari\u2019nin \u00c7ukurca il\u00e7esi s\u0131n\u0131r b\u00f6lgesinde PKK\u2019l\u0131 ter\u00f6ristlerin sald\u0131r\u0131s\u0131nda \u015fehit olan Piyade S\u00f6zle\u015fmeli Er Metin Y\u0131ld\u0131z\u2019\u0131n Adana\u2019daki baba oca\u011f\u0131na ate\u015f d\u00fc\u015ft\u00fc.<\/p>\n<p>\u00c7ukurca\u2019n\u0131n Maydan Tepe B\u00f6lgesine b\u00f6l\u00fcc\u00fc ter\u00f6r \u00f6rg\u00fct\u00fc taraf\u0131ndan a\u00e7\u0131lan roketli taciz ate\u015fi sonucu \u015fehit olan Piyade S\u00f6zle\u015fmeli Er Metin Y\u0131ld\u0131z\u2019\u0131n (27), merkez \u00c7ukurova il\u00e7esine ba\u011fl\u0131 Bozcalar Mahallesindeki ailesine ac\u0131 haber verildi. \u015eehidin merkez Seyhan il\u00e7esi, G\u00fcrselpa\u015fa Mahallesindeki baba oca\u011f\u0131na da T\u00fcrk bayra\u011f\u0131 as\u0131ld\u0131.<\/p>\n<p>Ni\u015fanl\u0131 oldu\u011fu \u00f6\u011frenilen \u015fehidin cenazesi, 27 Temmuz Cumartesi g\u00fcn\u00fc Sabanc\u0131 Merkez Camii\u2019nde \u00f6\u011fle namaz\u0131n\u0131n ard\u0131ndan k\u0131l\u0131nacak namaz\u0131n ard\u0131ndan Bozcalar Mahallesi Mezarl\u0131\u011f\u0131na defnedilecek.<\/p>\n","protected":false},"excerpt":{"rendered":"<p>HAKKAR\u0130&#8217;N\u0130N \u00c7UKURCA \u0130L\u00c7ES\u0130 SINIR B\u00d6LGES\u0130NDE PKK\u2019LI TER\u00d6R\u0130STLER\u0130N SALDIRISI SONRASI \u00c7IKAN \u00c7ATI\u015eMADA P\u0130YADE S\u00d6ZLE\u015eMEL\u0130 ER MET\u0130N YILDIZ \u015eEH\u0130T OLDU.<\/p>\n","protected":false},"author":1,"featured_media":186795,"comment_status":"closed","ping_status":"open","sticky":false,"template":"","format":"standard","meta":{"jetpack_post_was_ever_published":false,"_jetpack_newsletter_access":"","_jetpack_dont_email_post_to_subs":false,"_jetpack_newsletter_tier_id":0,"_jetpack_memberships_contains_paywalled_content":false,"_jetpack_memberships_contains_paid_content":false,"footnotes":"","jetpack_publicize_message":"","jetpack_publicize_feature_enabled":true,"jetpack_social_post_already_shared":true,"jetpack_social_options":{"image_generator_settings":{"template":"highway","default_image_id":0,"font":"","enabled":false},"version":2}},"categories":[1],"tags":[13033,4592,1613,237],"class_list":["post-186794","post","type-post","status-publish","format-standard","has-post-thumbnail","hentry","category-genel","tag-adanaya","tag-atesi","tag-dustu","tag-sehit"],"jetpack_publicize_connections":[],"jetpack_featured_media_url":"https:\/\/i0.wp.com\/www.tvturk.com\/wp-content\/uploads\/2019\/07\/adanaya-sehit-atesi-dustu_64f3a1a.jpg?fit=720%2C720","jetpack_sharing_enabled":true,"jetpack_shortlink":"https:\/\/wp.me\/paKIfm-MAO","_links":{"self":[{"href":"http:\/\/www.tvturk.com\/index.php\/wp-json\/wp\/v2\/posts\/186794","targetHints":{"allow":["GET"]}}],"collection":[{"href":"http:\/\/www.tvturk.com\/index.php\/wp-json\/wp\/v2\/posts"}],"about":[{"href":"http:\/\/www.tvturk.com\/index.php\/wp-json\/wp\/v2\/types\/post"}],"author":[{"embeddable":true,"href":"http:\/\/www.tvturk.com\/index.php\/wp-json\/wp\/v2\/users\/1"}],"replies":[{"embeddable":true,"href":"http:\/\/www.tvturk.com\/index.php\/wp-json\/wp\/v2\/comments?post=186794"}],"version-history":[{"count":0,"href":"http:\/\/www.tvturk.com\/index.php\/wp-json\/wp\/v2\/posts\/186794\/revisions"}],"wp:featuredmedia":[{"embeddable":true,"href":"http:\/\/www.tvturk.com\/index.php\/wp-json\/wp\/v2\/media\/186795"}],"wp:attachment":[{"href":"http:\/\/www.tvturk.com\/index.php\/wp-json\/wp\/v2\/media?parent=186794"}],"wp:term":[{"taxonomy":"category","embeddable":true,"href":"http:\/\/www.tvturk.com\/index.php\/wp-json\/wp\/v2\/categories?post=186794"},{"taxonomy":"post_tag","embeddable":true,"href":"http:\/\/www.tvturk.com\/index.php\/wp-json\/wp\/v2\/tags?post=186794"}],"curies":[{"name":"wp","href":"https:\/\/api.w.org\/{rel}","templated":true}]}}