{"id":186802,"date":"2019-07-26T15:16:43","date_gmt":"2019-07-26T12:16:43","guid":{"rendered":"http:\/\/www.tvturk.com\/index.php\/icisleri-bakani-suleyman-soylu-arnavutlukta\/"},"modified":"2019-07-26T15:16:43","modified_gmt":"2019-07-26T12:16:43","slug":"icisleri-bakani-suleyman-soylu-arnavutlukta","status":"publish","type":"post","link":"http:\/\/www.tvturk.com\/index.php\/icisleri-bakani-suleyman-soylu-arnavutlukta\/","title":{"rendered":"\u0130\u00e7i\u015fleri Bakan\u0131 S\u00fcleyman Soylu Arnavutluk\u2019ta"},"content":{"rendered":"<p>\u0130\u00e7i\u015fleri Bakan\u0131 S\u00fcleyman Soylu resmi ziyaretlerde bulunmak i\u00e7in Arnavutluk\u2019un ba\u015fkenti Tiran\u2019a hareket etti. Tiran Uluslararas\u0131 Havaliman\u0131\u2019nda Arnavutluk \u0130\u00e7i\u015fleri Bakan Yard\u0131mc\u0131s\u0131 Besfort Lamallar\u0131, T\u00fcrkiye\u2019nin Tiran B\u00fcy\u00fckel\u00e7isi Murat Ahmet Y\u00f6r\u00fck ve di\u011fer ilgililer taraf\u0131ndan kar\u015f\u0131lanan Bakan Soylu, T\u00fcrkiye\u2019nin Tiran B\u00fcy\u00fckel\u00e7ili\u011fi\u2019ne ge\u00e7ti.<\/p>\n<p>B\u00fcy\u00fckel\u00e7i Y\u00f6r\u00fck taraf\u0131ndan verilen brifingin ard\u0131ndan Ba\u015fbakanl\u0131k Ofisi\u2019ne giden Bakan Soylu, Ba\u015fbakan Rama ile bir araya geldi.<\/p>\n<p>Bakan Soylu\u2019nun Arnavutluk Ba\u015fbakan\u0131 Rama ile g\u00f6r\u00fc\u015fmesinde, Fetullah\u00e7\u0131 Ter\u00f6r \u00d6rg\u00fct\u00fc (FET\u00d6) ile organize su\u00e7larla m\u00fccadele ve g\u00f6\u00e7 konular\u0131n\u0131n ele al\u0131nd\u0131\u011f\u0131 \u00f6\u011frenildi.<\/p>\n<p>G\u00f6r\u00fc\u015fmeye, T\u00fcrkiye\u2019nin Tiran B\u00fcy\u00fckel\u00e7isi Y\u00f6r\u00fck ile Ka\u00e7ak\u00e7\u0131l\u0131k ve Organize Su\u00e7larla M\u00fccadele Daire Ba\u015fkan\u0131 (KOM) Resul Holo\u011flu da kat\u0131ld\u0131.<\/p>\n","protected":false},"excerpt":{"rendered":"<p>\u0130\u00c7\u0130\u015eLER\u0130 BAKANI S\u00dcLEYMAN SOYLU RESM\u0130 Z\u0130YARETLERDE BULUNACA\u011eI ARNAVUTLUK\u2019UN BA\u015eKENT\u0130 T\u0130RAN\u2019A HAREKET ETT\u0130. T\u0130RAN ULUSLARARASI HAVAL\u0130MANI&#8217;NDA ARNAVUTLUK \u0130\u00c7\u0130\u015eLER\u0130 BAKAN YARDIMCISI BESFORT LAMALLARI, T\u00dcRK\u0130YE&#8217;N\u0130N T\u0130RAN B\u00dcY\u00dcKEL\u00c7\u0130S\u0130 MURAT AHMET Y\u00d6R\u00dcK VE D\u0130\u011eER \u0130LG\u0130L\u0130LER TARAFINDAN KAR\u015eILANAN SOYLU, T\u00dcRK\u0130YE&#8217;N\u0130N T\u0130RAN B\u00dcY\u00dcKEL\u00c7\u0130L\u0130\u011e\u0130&#8217;NE GE\u00c7T\u0130.<\/p>\n","protected":false},"author":1,"featured_media":186803,"comment_status":"closed","ping_status":"open","sticky":false,"template":"","format":"standard","meta":{"jetpack_post_was_ever_published":false,"_jetpack_newsletter_access":"","_jetpack_dont_email_post_to_subs":false,"_jetpack_newsletter_tier_id":0,"_jetpack_memberships_contains_paywalled_content":false,"_jetpack_memberships_contains_paid_content":false,"footnotes":"","jetpack_publicize_message":"","jetpack_publicize_feature_enabled":true,"jetpack_social_post_already_shared":true,"jetpack_social_options":{"image_generator_settings":{"template":"highway","default_image_id":0,"font":"","enabled":false},"version":2}},"categories":[1],"tags":[26990,933,1914,79,9519],"class_list":["post-186802","post","type-post","status-publish","format-standard","has-post-thumbnail","hentry","category-genel","tag-arnavutlukta","tag-bakani","tag-icisleri","tag-soylu","tag-suleyman"],"jetpack_publicize_connections":[],"jetpack_featured_media_url":"https:\/\/i0.wp.com\/www.tvturk.com\/wp-content\/uploads\/2019\/07\/icisleri-bakani-suleyman-soylu-arnavutlukta_31121c2.jpg?fit=1000%2C700","jetpack_sharing_enabled":true,"jetpack_shortlink":"https:\/\/wp.me\/paKIfm-MAW","_links":{"self":[{"href":"http:\/\/www.tvturk.com\/index.php\/wp-json\/wp\/v2\/posts\/186802","targetHints":{"allow":["GET"]}}],"collection":[{"href":"http:\/\/www.tvturk.com\/index.php\/wp-json\/wp\/v2\/posts"}],"about":[{"href":"http:\/\/www.tvturk.com\/index.php\/wp-json\/wp\/v2\/types\/post"}],"author":[{"embeddable":true,"href":"http:\/\/www.tvturk.com\/index.php\/wp-json\/wp\/v2\/users\/1"}],"replies":[{"embeddable":true,"href":"http:\/\/www.tvturk.com\/index.php\/wp-json\/wp\/v2\/comments?post=186802"}],"version-history":[{"count":0,"href":"http:\/\/www.tvturk.com\/index.php\/wp-json\/wp\/v2\/posts\/186802\/revisions"}],"wp:featuredmedia":[{"embeddable":true,"href":"http:\/\/www.tvturk.com\/index.php\/wp-json\/wp\/v2\/media\/186803"}],"wp:attachment":[{"href":"http:\/\/www.tvturk.com\/index.php\/wp-json\/wp\/v2\/media?parent=186802"}],"wp:term":[{"taxonomy":"category","embeddable":true,"href":"http:\/\/www.tvturk.com\/index.php\/wp-json\/wp\/v2\/categories?post=186802"},{"taxonomy":"post_tag","embeddable":true,"href":"http:\/\/www.tvturk.com\/index.php\/wp-json\/wp\/v2\/tags?post=186802"}],"curies":[{"name":"wp","href":"https:\/\/api.w.org\/{rel}","templated":true}]}}