{"id":186812,"date":"2019-07-26T15:31:57","date_gmt":"2019-07-26T12:31:57","guid":{"rendered":"http:\/\/www.tvturk.com\/index.php\/yildiz-kizlar-istanbulda\/"},"modified":"2019-07-26T15:31:57","modified_gmt":"2019-07-26T12:31:57","slug":"yildiz-kizlar-istanbulda","status":"publish","type":"post","link":"http:\/\/www.tvturk.com\/index.php\/yildiz-kizlar-istanbulda\/","title":{"rendered":"\u2018Y\u0131ld\u0131z k\u0131zlar\u2019 \u0130stanbul\u2019da"},"content":{"rendered":"<p>\u2019Her K\u0131z\u0131m\u0131z Bir Y\u0131ld\u0131z\u2019 projesi kapsam\u0131nda e\u011fitim deste\u011fi sa\u011flanan \u2018Y\u0131ld\u0131z K\u0131z\u2019lardan bir grup, \u0130stanbul\u2019da a\u011f\u0131rland\u0131.<\/p>\n<p>\u2019Her K\u0131z\u0131m\u0131z Bir Y\u0131ld\u0131z\u2019 projesi kapsam\u0131nda desteklenen k\u0131z \u00f6\u011frencilerden bir grup, geleneksel bir etkinlik olan yaz bulu\u015fmas\u0131 i\u00e7in bir hafta boyunca \u0130stanbul\u2019da a\u011f\u0131rland\u0131. Her y\u0131l farkl\u0131 illerden davet edilen \u00f6\u011frenciler, \u0130stanbul\u2019da bulunduklar\u0131 s\u00fcrede \u0130stanbul\u2019un tarihi ve k\u00fclt\u00fcrel zenginlikleri ile tan\u0131\u015ft\u0131, \u00e7e\u015fitli m\u00fczeleri ziyaret etti. Toplant\u0131da, Mercedes-Benz T\u00fcrk \u0130cra Kurulu Ba\u015fkan\u0131 S\u00fcer S\u00fcl\u00fcn, \u00c7a\u011fda\u015f Ya\u015fam\u0131 Destekleme Derne\u011fi Genel Ba\u015fkan\u0131 Prof. Dr. Ay\u015fe Y\u00fcksel ve bug\u00fcne kadar proje kapsam\u0131nda e\u011fitimlere kat\u0131lan, okul \u00e7a\u011f\u0131nda burs alarak bug\u00fcn i\u015f hayat\u0131na kat\u0131lm\u0131\u015f olan Y\u0131ld\u0131z K\u0131zlar konu\u015fma yapt\u0131lar.<\/p>\n<p>\u201c5 binden fazla \u00e7ocu\u011fumuza dokunduk\u201d<\/p>\n<p>\u2018Her K\u0131z\u0131m\u0131z Bir Y\u0131ld\u0131z\u2019 projemize 2004 y\u0131l\u0131nda ba\u015flad\u0131k ve 15 y\u0131ld\u0131r da devam ediyoruz. 17 ilde 200 k\u0131z \u00f6\u011frencimizle ba\u015flad\u0131klar\u0131n\u0131 belirten Mercedes-Benz T\u00fcrk \u0130cra Kurulu Ba\u015fkan\u0131 S\u00fcer S\u00fcl\u00fcn, \u201cBug\u00fcn itibari ile 60 ilde bin 200 tane \u00f6\u011frencimiz var. Bu bin 200 tane \u00f6\u011frencinin 200 tanesi \u00fcniversite \u00f6\u011frencisi. Bu 15 y\u0131ll\u0131k s\u00fcre\u00e7 i\u00e7erisinde ba\u015fland\u0131\u011f\u0131ndan bug\u00fcne kadar \u00c7a\u011fda\u015f Ya\u015fam\u0131 Destekleme Derne\u011fi (CYDD) ile bir i\u015f birli\u011fimiz var. Bu yolcu\u011fu hep beraber bug\u00fcnlere getirdik. Projenin ama\u00e7lar\u0131ndan bir tanesi \u00f6zellikle kad\u0131n n\u00fcfusun T\u00fcrk ekonomisine katk\u0131s\u0131 ve i\u015f hayat\u0131na girmesi hedefliyoruz. Birinci \u00f6ncelikle eri\u015filebilir olmas\u0131 laz\u0131m onun i\u00e7inde e\u011fitim gerekiyor. Ba\u015flang\u0131c\u0131nda teknik liselerden ba\u015flad\u0131k daha sonra biraz daha geni\u015flettik. T\u00fcrkiye\u2019deki kad\u0131nlar\u0131n i\u015f hayat\u0131na kat\u0131l\u0131m\u0131 son derece s\u0131n\u0131rl\u0131, dolay\u0131s\u0131yla \u00fclke olarak i\u015f g\u00fcc\u00fcm\u00fcz\u00fcn y\u00fczde 50\u2019si asl\u0131nda i\u015f hayat\u0131na kat\u0131lm\u0131yor. Bu da tabi bizi \u00fclke olarak geriye d\u00fc\u015f\u00fcr\u00fcyor. Bu maksatla 5 binden fazla \u00e7ocu\u011fumuza dokunduk\u201d dedi.<\/p>\n<p>\u201cKaliteli i\u015f g\u00fcc\u00fcn\u00fc \u00fclke ekonomisine katabilmek istiyoruz\u201d<\/p>\n<p>\u0130\u015fe kat\u0131l\u0131m oranlar\u0131nda ciddi bir art\u0131\u015f var oldu\u011funu vurgulayan S\u00fcer S\u00fcl\u00fcn, \u201c\u00d6zellikle \u00fcniversite mezunu k\u0131zlar\u0131m\u0131z\u0131n i\u015f hayat\u0131na kat\u0131l\u0131mlar\u0131nda daha b\u00fcy\u00fck oran\u0131 var. Bu oranlar\u0131 hep beraber daha yukar\u0131lar\u0131 \u00e7\u0131kar\u0131p, \u00fclke olarak, millet olarak refah ve \u00e7a\u011fda\u015f olarak \u00fcst d\u00fczeye ula\u015fal\u0131m. Biz sadece burs vermiyoruz, vermekte istemiyoruz. \u00c7\u00fcnk\u00fc sadece bursla belirli bir katk\u0131da bulunuyorsunuz ama biz \u00f6\u011frencilerin e\u011fitilmesini istiyoruz. Bu e\u011fitim dedi\u011fim \u015fey \u00f6\u011fretimden biraz daha farkl\u0131 tamamen sosyal anlamda yeteneklerin geli\u015ftirilmesi, i\u015f hayat\u0131na daha \u00e7abuk al\u0131\u015fmas\u0131n\u0131 sa\u011flamak istiyoruz. Dolay\u0131s\u0131yla b\u00fct\u00fcn yat\u0131r\u0131mlar\u0131m\u0131z burada. Bunu da bilimsel kriterlere g\u00f6re yapmak istiyoruz. \u00c7ok s\u0131k olarak etki analizleri yapt\u0131r\u0131yoruz. K\u0131zlar\u0131m\u0131zla irtibat\u0131 kesmek istemiyoruz ki \u00e7abalar\u0131m\u0131z bu y\u00f6nde takip edelim devam ettirelim diye. \u00c7al\u0131\u015fsa da \u00e7al\u0131\u015fmasa da, \u00fcniversiteye gitse de gitmese de iyile\u015ftirici ad\u0131mlar atabilmemiz i\u00e7in irtibat\u0131m\u0131z\u0131 devam ettirmek istiyoruz. Adetten daha fazla, kaliteli i\u015f g\u00fcc\u00fcn\u00fc \u00fclke ekonomisine katabilmek istiyoruz\u201d \u015feklinde konu\u015ftu.<\/p>\n","protected":false},"excerpt":{"rendered":"<p>\u2018YILDIZ KIZLAR\u2019 \u0130STANBUL\u2019DA<\/p>\n","protected":false},"author":1,"featured_media":186813,"comment_status":"closed","ping_status":"open","sticky":false,"template":"","format":"standard","meta":{"jetpack_post_was_ever_published":false,"_jetpack_newsletter_access":"","_jetpack_dont_email_post_to_subs":false,"_jetpack_newsletter_tier_id":0,"_jetpack_memberships_contains_paywalled_content":false,"_jetpack_memberships_contains_paid_content":false,"footnotes":"","jetpack_publicize_message":"","jetpack_publicize_feature_enabled":true,"jetpack_social_post_already_shared":true,"jetpack_social_options":{"image_generator_settings":{"template":"highway","default_image_id":0,"font":"","enabled":false},"version":2}},"categories":[1],"tags":[1268,3417,8902],"class_list":["post-186812","post","type-post","status-publish","format-standard","has-post-thumbnail","hentry","category-genel","tag-istanbulda","tag-kizlar","tag-yildiz"],"jetpack_publicize_connections":[],"jetpack_featured_media_url":"https:\/\/i0.wp.com\/www.tvturk.com\/wp-content\/uploads\/2019\/07\/yildiz-kizlar-istanbulda_9724f73.jpg?fit=847%2C1000","jetpack_sharing_enabled":true,"jetpack_shortlink":"https:\/\/wp.me\/paKIfm-MB6","_links":{"self":[{"href":"http:\/\/www.tvturk.com\/index.php\/wp-json\/wp\/v2\/posts\/186812","targetHints":{"allow":["GET"]}}],"collection":[{"href":"http:\/\/www.tvturk.com\/index.php\/wp-json\/wp\/v2\/posts"}],"about":[{"href":"http:\/\/www.tvturk.com\/index.php\/wp-json\/wp\/v2\/types\/post"}],"author":[{"embeddable":true,"href":"http:\/\/www.tvturk.com\/index.php\/wp-json\/wp\/v2\/users\/1"}],"replies":[{"embeddable":true,"href":"http:\/\/www.tvturk.com\/index.php\/wp-json\/wp\/v2\/comments?post=186812"}],"version-history":[{"count":0,"href":"http:\/\/www.tvturk.com\/index.php\/wp-json\/wp\/v2\/posts\/186812\/revisions"}],"wp:featuredmedia":[{"embeddable":true,"href":"http:\/\/www.tvturk.com\/index.php\/wp-json\/wp\/v2\/media\/186813"}],"wp:attachment":[{"href":"http:\/\/www.tvturk.com\/index.php\/wp-json\/wp\/v2\/media?parent=186812"}],"wp:term":[{"taxonomy":"category","embeddable":true,"href":"http:\/\/www.tvturk.com\/index.php\/wp-json\/wp\/v2\/categories?post=186812"},{"taxonomy":"post_tag","embeddable":true,"href":"http:\/\/www.tvturk.com\/index.php\/wp-json\/wp\/v2\/tags?post=186812"}],"curies":[{"name":"wp","href":"https:\/\/api.w.org\/{rel}","templated":true}]}}