{"id":186824,"date":"2019-07-26T15:46:41","date_gmt":"2019-07-26T12:46:41","guid":{"rendered":"http:\/\/www.tvturk.com\/index.php\/re360a-gayrimenkul-sektoru-stklarindan-tam-destek\/"},"modified":"2019-07-26T15:46:41","modified_gmt":"2019-07-26T12:46:41","slug":"re360a-gayrimenkul-sektoru-stklarindan-tam-destek","status":"publish","type":"post","link":"http:\/\/www.tvturk.com\/index.php\/re360a-gayrimenkul-sektoru-stklarindan-tam-destek\/","title":{"rendered":"RE360\u2019a gayrimenkul sekt\u00f6r\u00fc STK\u2019lar\u0131ndan tam destek"},"content":{"rendered":"<p>Bu y\u0131l \u00fc\u00e7\u00fcnc\u00fc kez kap\u0131lar\u0131n\u0131 a\u00e7acak olan Gayrimenkul\u00fcn B\u00fcy\u00fck Bulu\u015fmas\u0131 RE360 \u00f6ncesinde Cumhurba\u015fkanl\u0131\u011f\u0131 Yat\u0131r\u0131m Ofisi ve D\u0131\u015f Ekonomik \u0130li\u015fkiler Kurulu (DE\u0130K) ba\u015fta olmak \u00fczere sekt\u00f6r\u00fcn \u00f6nemli STK ve dernekleri bir araya gelerek g\u00f6r\u00fc\u015flerini RE360\u2019a destek verdi.<\/p>\n<p>Bu y\u0131l \u00fc\u00e7\u00fcnc\u00fc kez kap\u0131lar\u0131n\u0131 a\u00e7acak olan Gayrimenkul\u00fcn B\u00fcy\u00fck Bulu\u015fmas\u0131 RE360 \u00f6ncesinde Cumhurba\u015fkanl\u0131\u011f\u0131 Yat\u0131r\u0131m Ofisi ve D\u0131\u015f Ekonomik \u0130li\u015fkiler Kurulu  (DE\u0130K) ba\u015fta olmak \u00fczere sekt\u00f6r\u00fcn \u00f6nemli STK ve dernekleri bir araya gelerek g\u00f6r\u00fc\u015flerini dile getirdi<\/p>\n<p>MIPIM\u2019in T\u00fcrkiye\u2019de yap\u0131lmas\u0131 i\u00e7in k\u00fc\u00e7\u00fck bir prova niteli\u011finde ba\u015flayan RE360, yak\u0131n co\u011frafyadan da uluslararas\u0131 kat\u0131l\u0131m sa\u011flama hedefi ile global bir organizasyon olma yolunda ilerliyor. Alka\u015f taraf\u0131ndan bu y\u0131l \u00fc\u00e7\u00fcnc\u00fc kez Fiba Commercial Properties ana sponsorlu\u011funda d\u00fczenleniyor.<\/p>\n<p>Herkes ve her \u015fey diyerek sekt\u00f6r\u00fcn t\u00fcm payda\u015flar\u0131n\u0131 bir araya getirme amac\u0131 ile yola \u00e7\u0131kan ve ilk kez d\u00fczenlendi\u011fi Aral\u0131k 2017\u2019de yat\u0131r\u0131mc\u0131-geli\u015ftirici, mimar, sekt\u00f6r tedarik\u00e7isi, banka-fon \u015firketi, dan\u0131\u015fman, bili\u015fim teknolojicisi ve kamu kurulu\u015flar\u0131ndan toplam 671 nitelikli konu\u011fu a\u011f\u0131rlayan RE360, ge\u00e7en y\u0131lki organizasyonda kat\u0131l\u0131mc\u0131 say\u0131s\u0131n\u0131 738\u2019e y\u00fckseltti.<\/p>\n<p>Bu y\u0131l 10-11 Aral\u0131k tarihlerinde d\u00fczenlenecek RE360\u2019\u0131n k\u0131sa s\u00fcrede elde etti\u011fi ba\u015far\u0131 gayrimenkul sekt\u00f6r\u00fc i\u00e7in de ortak kayg\u0131lar\u0131n ve ortak taleplerin beraber s\u00f6ylenebilece\u011fi bir platform olmas\u0131na vesile oldu. \u201cGayrimenkul\u00fcn B\u00fcy\u00fck Bulu\u015fmas\u0131 RE360\u201d slogan\u0131 ile hayata ge\u00e7irilen RE360 2019 \u00f6ncesinde bu birlikteli\u011fin ve g\u00fc\u00e7 birli\u011finin g\u00f6stergesi olarak gerek kamu gerekse \u00f6zel sekt\u00f6r\u00fcn temsilcileri g\u00f6r\u00fc\u015f al\u0131\u015fveri\u015finde bulunmak amac\u0131yla bir araya geldi.<\/p>\n","protected":false},"excerpt":{"rendered":"<p>BU YIL \u00dc\u00c7\u00dcNC\u00dc KEZ KAPILARINI A\u00c7ACAK OLAN GAYR\u0130MENKUL\u00dcN B\u00dcY\u00dcK BULU\u015eMASI RE360 \u00d6NCES\u0130NDE CUMHURBA\u015eKANLI\u011eI YATIRIM OF\u0130S\u0130 VE DI\u015e EKONOM\u0130K \u0130L\u0130\u015eK\u0130LER KURULU (DE\u0130K) BA\u015eTA OLMAK \u00dcZERE SEKT\u00d6R\u00dcN \u00d6NEML\u0130 STK VE DERNEKLER\u0130 B\u0130R ARAYA GELEREK G\u00d6R\u00dc\u015eLER\u0130N\u0130 RE360\u2019A DESTEK VERD\u0130.<\/p>\n","protected":false},"author":1,"featured_media":186825,"comment_status":"closed","ping_status":"open","sticky":false,"template":"","format":"standard","meta":{"jetpack_post_was_ever_published":false,"_jetpack_newsletter_access":"","_jetpack_dont_email_post_to_subs":false,"_jetpack_newsletter_tier_id":0,"_jetpack_memberships_contains_paywalled_content":false,"_jetpack_memberships_contains_paid_content":false,"footnotes":"","jetpack_publicize_message":"","jetpack_publicize_feature_enabled":true,"jetpack_social_post_already_shared":true,"jetpack_social_options":{"image_generator_settings":{"template":"highway","default_image_id":0,"font":"","enabled":false},"version":2}},"categories":[1],"tags":[61,2407,46434,301,46435,629],"class_list":["post-186824","post","type-post","status-publish","format-standard","has-post-thumbnail","hentry","category-genel","tag-destek","tag-gayrimenkul","tag-re360a","tag-sektoru","tag-stklarindan","tag-tam"],"jetpack_publicize_connections":[],"jetpack_featured_media_url":"https:\/\/i0.wp.com\/www.tvturk.com\/wp-content\/uploads\/2019\/07\/re360a-gayrimenkul-sektoru-stklarindan-tam-destek_5f58e35.jpg?fit=1000%2C750","jetpack_sharing_enabled":true,"jetpack_shortlink":"https:\/\/wp.me\/paKIfm-MBi","_links":{"self":[{"href":"http:\/\/www.tvturk.com\/index.php\/wp-json\/wp\/v2\/posts\/186824","targetHints":{"allow":["GET"]}}],"collection":[{"href":"http:\/\/www.tvturk.com\/index.php\/wp-json\/wp\/v2\/posts"}],"about":[{"href":"http:\/\/www.tvturk.com\/index.php\/wp-json\/wp\/v2\/types\/post"}],"author":[{"embeddable":true,"href":"http:\/\/www.tvturk.com\/index.php\/wp-json\/wp\/v2\/users\/1"}],"replies":[{"embeddable":true,"href":"http:\/\/www.tvturk.com\/index.php\/wp-json\/wp\/v2\/comments?post=186824"}],"version-history":[{"count":0,"href":"http:\/\/www.tvturk.com\/index.php\/wp-json\/wp\/v2\/posts\/186824\/revisions"}],"wp:featuredmedia":[{"embeddable":true,"href":"http:\/\/www.tvturk.com\/index.php\/wp-json\/wp\/v2\/media\/186825"}],"wp:attachment":[{"href":"http:\/\/www.tvturk.com\/index.php\/wp-json\/wp\/v2\/media?parent=186824"}],"wp:term":[{"taxonomy":"category","embeddable":true,"href":"http:\/\/www.tvturk.com\/index.php\/wp-json\/wp\/v2\/categories?post=186824"},{"taxonomy":"post_tag","embeddable":true,"href":"http:\/\/www.tvturk.com\/index.php\/wp-json\/wp\/v2\/tags?post=186824"}],"curies":[{"name":"wp","href":"https:\/\/api.w.org\/{rel}","templated":true}]}}