{"id":186842,"date":"2019-07-26T16:17:28","date_gmt":"2019-07-26T13:17:28","guid":{"rendered":"http:\/\/www.tvturk.com\/index.php\/sessizliklerini-raketle-bozdular\/"},"modified":"2019-07-26T16:17:28","modified_gmt":"2019-07-26T13:17:28","slug":"sessizliklerini-raketle-bozdular","status":"publish","type":"post","link":"http:\/\/www.tvturk.com\/index.php\/sessizliklerini-raketle-bozdular\/","title":{"rendered":"Sessizliklerini raketle bozdular"},"content":{"rendered":"<p>Spor alan\u0131nda ciddi yat\u0131r\u0131mlara imza atan Osmangazi Belediyesi, farkl\u0131 e\u011fitim program\u0131yla tenis bran\u015f\u0131nda engelleri a\u015f\u0131yor.<\/p>\n<p>11 farkl\u0131 bran\u015fta, 3 bin 919 lisansl\u0131 sporcuyu b\u00fcnyesinde bar\u0131nd\u0131ran Osmangazi Belediyespor, her kesimden insan\u0131n hayat\u0131na dokunan akademik \u00e7al\u0131\u015fmalar\u0131 ile dikkat \u00e7ekiyor. \u0130\u015fitme engelli gen\u00e7 raketlere \u00f6zel Ertu\u011frul Sa\u011flam Spor Tesisleri\u2019nde ger\u00e7ekle\u015fen e\u011fitimler, sporcular\u0131n ki\u015filik ve beden\u00ee geli\u015fimlerinin yan\u0131 s\u0131ra \u00f6zg\u00fcvenlerinin artmas\u0131nda b\u00fcy\u00fck rol oynuyor. Haftan\u0131n 5 g\u00fcn\u00fc kondisyon, kuvvet ve dayan\u0131kl\u0131l\u0131k \u00fczerine idman yapan sporcular sessizliklerini kortta bozuyor.<\/p>\n<p>\u0130\u015fitme engelli milli tenis\u00e7i Emir Vatansever\u2019in \u00e7ocuklara \u0131\u015f\u0131k tuttu\u011funu belirten Ba\u015fantren\u00f6r Nazif Cesur, \u201cSporcum Emir, bu projenin ba\u015flamas\u0131na \u00f6nc\u00fc oldu. Ulusal ve uluslararas\u0131 g\u00f6sterdi\u011fi ba\u015far\u0131, bizleri umutland\u0131rd\u0131. Bu vesileyle ba\u015flatm\u0131\u015f oldu\u011fumuz i\u015fitme engellilere \u00f6zel tenis e\u011fitimlerimiz, \u00e7ocuklar\u0131m\u0131z ve ailelerinden olumlu tepkiler ald\u0131. Birbirimize bir \u015feyler katman\u0131n mutlulu\u011funu ya\u015fayarak, engelleri spor ile a\u015ft\u0131k. Ben de onlarla daha iyi ileti\u015fim kurabilmek ad\u0131na i\u015faret dili \u00f6\u011frendim. 2 y\u0131l sonra 18 Ya\u015f Alt\u0131 Tenis Milli Tak\u0131m\u0131\u2019n\u0131n y\u00fczde 90\u2019\u0131 Osmangazili sporcular olacak. Gelece\u011fin olimpiyat sporcular\u0131 ile bayra\u011f\u0131m\u0131z\u0131 g\u00f6ndere \u00e7ekmek i\u00e7in \u00e7al\u0131\u015fmalar\u0131m\u0131z\u0131 s\u00fcrd\u00fcrece\u011fiz\u201d dedi.<\/p>\n<p>Osmangazi Belediye Ba\u015fkan\u0131 Mustafa D\u00fcndar ise e\u011fitimlerin \u00e7ocuklar\u0131n sosyalle\u015fmesine b\u00fcy\u00fck katk\u0131 sa\u011flad\u0131\u011f\u0131n\u0131 ifade ederek, \u201c12 ay boyunca ara vermeden oynanabilen tenis bran\u015f\u0131nda her ge\u00e7en y\u0131l daha iddial\u0131 oluyor, daha ba\u015far\u0131l\u0131 sonu\u00e7lar al\u0131yoruz. Uzman antren\u00f6rlerimizle birlikte bu bran\u015fta zirve yapmak, ulusal ve uluslararas\u0131 ba\u015far\u0131lara imza atmak i\u00e7in yo\u011fun \u00e7aba harc\u0131yoruz\u201d diye konu\u015ftu.<\/p>\n","protected":false},"excerpt":{"rendered":"<p>SPOR ALANINDA C\u0130DD\u0130 YATIRIMLARA \u0130MZA ATAN OSMANGAZ\u0130 BELED\u0130YES\u0130, FARKLI E\u011e\u0130T\u0130M PROGRAMIYLA TEN\u0130S BRAN\u015eINDA ENGELLER\u0130 A\u015eIYOR.<\/p>\n","protected":false},"author":1,"featured_media":186843,"comment_status":"closed","ping_status":"open","sticky":false,"template":"","format":"standard","meta":{"jetpack_post_was_ever_published":false,"_jetpack_newsletter_access":"","_jetpack_dont_email_post_to_subs":false,"_jetpack_newsletter_tier_id":0,"_jetpack_memberships_contains_paywalled_content":false,"_jetpack_memberships_contains_paid_content":false,"footnotes":"","jetpack_publicize_message":"","jetpack_publicize_feature_enabled":true,"jetpack_social_post_already_shared":true,"jetpack_social_options":{"image_generator_settings":{"template":"highway","default_image_id":0,"font":"","enabled":false},"version":2}},"categories":[657],"tags":[46444,46443,46442],"class_list":["post-186842","post","type-post","status-publish","format-standard","has-post-thumbnail","hentry","category-spor","tag-bozdular","tag-raketle","tag-sessizliklerini"],"jetpack_publicize_connections":[],"jetpack_featured_media_url":"https:\/\/i0.wp.com\/www.tvturk.com\/wp-content\/uploads\/2019\/07\/sessizliklerini-raketle-bozdular_2f557b0.jpg?fit=1000%2C664","jetpack_sharing_enabled":true,"jetpack_shortlink":"https:\/\/wp.me\/paKIfm-MBA","_links":{"self":[{"href":"http:\/\/www.tvturk.com\/index.php\/wp-json\/wp\/v2\/posts\/186842","targetHints":{"allow":["GET"]}}],"collection":[{"href":"http:\/\/www.tvturk.com\/index.php\/wp-json\/wp\/v2\/posts"}],"about":[{"href":"http:\/\/www.tvturk.com\/index.php\/wp-json\/wp\/v2\/types\/post"}],"author":[{"embeddable":true,"href":"http:\/\/www.tvturk.com\/index.php\/wp-json\/wp\/v2\/users\/1"}],"replies":[{"embeddable":true,"href":"http:\/\/www.tvturk.com\/index.php\/wp-json\/wp\/v2\/comments?post=186842"}],"version-history":[{"count":0,"href":"http:\/\/www.tvturk.com\/index.php\/wp-json\/wp\/v2\/posts\/186842\/revisions"}],"wp:featuredmedia":[{"embeddable":true,"href":"http:\/\/www.tvturk.com\/index.php\/wp-json\/wp\/v2\/media\/186843"}],"wp:attachment":[{"href":"http:\/\/www.tvturk.com\/index.php\/wp-json\/wp\/v2\/media?parent=186842"}],"wp:term":[{"taxonomy":"category","embeddable":true,"href":"http:\/\/www.tvturk.com\/index.php\/wp-json\/wp\/v2\/categories?post=186842"},{"taxonomy":"post_tag","embeddable":true,"href":"http:\/\/www.tvturk.com\/index.php\/wp-json\/wp\/v2\/tags?post=186842"}],"curies":[{"name":"wp","href":"https:\/\/api.w.org\/{rel}","templated":true}]}}