{"id":186878,"date":"2019-07-26T18:01:52","date_gmt":"2019-07-26T15:01:52","guid":{"rendered":"http:\/\/www.tvturk.com\/index.php\/kibris-baris-harekati-gazileri-madalyalarini-aldi\/"},"modified":"2019-07-26T18:01:52","modified_gmt":"2019-07-26T15:01:52","slug":"kibris-baris-harekati-gazileri-madalyalarini-aldi","status":"publish","type":"post","link":"http:\/\/www.tvturk.com\/index.php\/kibris-baris-harekati-gazileri-madalyalarini-aldi\/","title":{"rendered":"K\u0131br\u0131s Bar\u0131\u015f Harekat\u0131 gazileri madalyalar\u0131n\u0131 ald\u0131"},"content":{"rendered":"<p>K\u0131br\u0131s Bar\u0131\u015f Harekat\u0131 gazileri 45 y\u0131l aradan sonra madalya ve beratlar\u0131n\u0131 ald\u0131.<\/p>\n<p>Samsun \u0130lkad\u0131m Kaymakaml\u0131\u011f\u0131 taraf\u0131ndan 19 May\u0131s Lisesinde d\u00fczenlenen t\u00f6rende K\u0131br\u0131s Bar\u0131\u015f Harekat\u0131\u2019nda gazi olan \u0130lkad\u0131m il\u00e7esindeki 121 K\u0131br\u0131s gazisine 45 y\u0131l aradan sonra madalya ve beratlar\u0131 teslim edildi.<\/p>\n<p>T\u00f6ren sayg\u0131 duru\u015funda bulunulmas\u0131 ve \u0130stiklal Mar\u015f\u0131\u2019n\u0131n okunmas\u0131yla ba\u015flad\u0131. Samsun Pazar Camisi \u0130mam Hatibi Resul G\u00fcne\u015f Kur\u2019an-\u0131 Kerim okudu. Akabinde K\u0131br\u0131s Bar\u0131\u015f Harekat\u0131\u2019n\u0131 anlatan video g\u00f6sterildi. K\u0131br\u0131s gazilerine madalyalar\u0131n\u0131, Samsun Valisi Osman Kaymak, Garnizon Komutan Vekili Albay Cengiz \u015eahing\u00f6z ve \u0130lkad\u0131m Kaymakam\u0131 \u0130brahim Keklik, Samsun Aile, \u00c7al\u0131\u015fma ve Sosyal Hizmetler \u0130l M\u00fcd\u00fcr\u00fc Tekin Balc\u0131 takdim etti.<\/p>\n<p>A\u00e7\u0131l\u0131\u015f konu\u015fmas\u0131n\u0131 yapan Muharip Gaziler Derne\u011fi Samsun \u015eube Ba\u015fkan\u0131 Ahmet Diril, \u201cBilindi\u011fi gibi 15 Temmuz 1974 tarihinde Yunanistan taraf\u0131ndan desteklenen \u2018Enosis\u2019 taraftarlar\u0131 EOKA\u2019c\u0131 Rum y\u00f6netimine kar\u015f\u0131 kanl\u0131 darbe giri\u015fiminde bulunmu\u015ftur. T\u00fcrkiye Cumhuriyeti\u2019nin uluslararas\u0131 garant\u00f6rl\u00fckten do\u011fan haklar\u0131 neticesinde bundan tam 45 y\u0131l \u00f6nce 20 Temmuz 1974 tarihinde birinci ve 14 A\u011fustos 1974 tarihinde \u2018Ay\u015fe Tatile \u00c7\u0131ks\u0131n\u2019 parolas\u0131yla ikinci K\u0131br\u0131s Bar\u0131\u015f Harek\u00e2t\u0131 ger\u00e7ekle\u015ftirilmi\u015ftir. Vurulunca de\u011fil unutulunca \u00f6len gazilerin unutulmad\u0131\u011f\u0131n\u0131n ni\u015fanesi olarak 45 y\u0131l sonra K\u0131br\u0131s gazilerine tevcih edilmek \u00fczere yapt\u0131r\u0131lan Milli M\u00fccadele madalyalar\u0131n\u0131n takdimi bizleri ziyadesiyle memnun ve bahtiyar etmi\u015ftir. Bir vefan\u0131n tezah\u00fcr\u00fc olarak g\u00f6\u011fs\u00fcm\u00fczde \u015fan ve \u015ferefle ta\u015f\u0131yacak oldu\u011fumuz Milli M\u00fccadele madalyalar\u0131n\u0131 yan\u0131m\u0131zda \u015fehit olan 498 kahraman\u0131n \u015fahitli\u011fini yapmaktad\u0131r\u201d dedi.<\/p>\n<p>\u201c\u015eehitlerimiz bizler i\u00e7in bu vatan, bayrak, ezan i\u00e7in canlar\u0131n\u0131 verdiler\u201d<\/p>\n<p>K\u0131br\u0131s\u2019\u0131n \u00e7ok \u00f6nemli bir konumumun oldu\u011funu belirten Samsun Valisi Osman Kaymak ise \u201c45 sene \u00f6nce K\u0131br\u0131s\u2019ta ba\u015flat\u0131lan Bar\u0131\u015f Harek\u00e2t\u0131 sonucunda K\u0131br\u0131s bug\u00fcn bizim yavru vatan\u0131m\u0131z olarak kald\u0131. Aksi takdirde K\u0131br\u0131s, T\u00fcrkiye\u2019den kopacakt\u0131 ve bizim i\u00e7in \u00e7ok b\u00fcy\u00fck bir tehlike olacakt\u0131. O y\u0131llarda bizler \u00e7ocuktuk. Ger\u00e7ekten T\u00fcrkiye zor \u015fartlarda sava\u015ft\u0131. K\u0131br\u0131s in\u015fallah tam ba\u011f\u0131ms\u0131z olarak varl\u0131\u011f\u0131n\u0131 devam ettirir. Bu madalya t\u00f6renine kat\u0131lan ve bu madalyalar\u0131 g\u00f6nderen de\u011ferli Kuzey K\u0131br\u0131s heyetine \u00e7ok te\u015fekk\u00fcr ediyoruz. Bir vefa duygusu olarak bu madalyalar\u0131 g\u00f6ndererek \u015fehitlik duygusunu ve gazilik duygusunu toplumda yer etmesini sa\u011fl\u0131yorlar. \u00c7\u00fcnk\u00fc \u015fehitlerimiz bizler i\u00e7in bu vatan, bayrak, ezan i\u00e7in canlar\u0131n\u0131 verdiler. Bizler onlara minnettar\u0131z\u201d \u015feklinde konu\u015ftu.<\/p>\n<p>T\u00f6rene \u00e7ok say\u0131da K\u0131br\u0131s gazisi ve yak\u0131nlar\u0131 kat\u0131ld\u0131. Gaziler madalya ve beratlar\u0131n\u0131 ald\u0131ktan sonra t\u00f6ren sona erdi.<\/p>\n","protected":false},"excerpt":{"rendered":"<p>KIBRIS BARI\u015e HAREKATI GAZ\u0130LER\u0130 45 YIL ARADAN SONRA MADALYA VE BERATLARINI ALDI.<\/p>\n","protected":false},"author":1,"featured_media":186879,"comment_status":"closed","ping_status":"open","sticky":false,"template":"","format":"standard","meta":{"jetpack_post_was_ever_published":false,"_jetpack_newsletter_access":"","_jetpack_dont_email_post_to_subs":false,"_jetpack_newsletter_tier_id":0,"_jetpack_memberships_contains_paywalled_content":false,"_jetpack_memberships_contains_paid_content":false,"footnotes":"","jetpack_publicize_message":"","jetpack_publicize_feature_enabled":true,"jetpack_social_post_already_shared":true,"jetpack_social_options":{"image_generator_settings":{"template":"highway","default_image_id":0,"font":"","enabled":false},"version":2}},"categories":[1],"tags":[1075,4256,16558,17305,7566,5817],"class_list":["post-186878","post","type-post","status-publish","format-standard","has-post-thumbnail","hentry","category-genel","tag-aldi","tag-baris","tag-gazileri","tag-harekati","tag-kibris","tag-madalyalarini"],"jetpack_publicize_connections":[],"jetpack_featured_media_url":"https:\/\/i0.wp.com\/www.tvturk.com\/wp-content\/uploads\/2019\/07\/kibris-baris-harekati-gazileri-madalyalarini-aldi_633c579.jpg?fit=1000%2C666","jetpack_sharing_enabled":true,"jetpack_shortlink":"https:\/\/wp.me\/paKIfm-MCa","_links":{"self":[{"href":"http:\/\/www.tvturk.com\/index.php\/wp-json\/wp\/v2\/posts\/186878","targetHints":{"allow":["GET"]}}],"collection":[{"href":"http:\/\/www.tvturk.com\/index.php\/wp-json\/wp\/v2\/posts"}],"about":[{"href":"http:\/\/www.tvturk.com\/index.php\/wp-json\/wp\/v2\/types\/post"}],"author":[{"embeddable":true,"href":"http:\/\/www.tvturk.com\/index.php\/wp-json\/wp\/v2\/users\/1"}],"replies":[{"embeddable":true,"href":"http:\/\/www.tvturk.com\/index.php\/wp-json\/wp\/v2\/comments?post=186878"}],"version-history":[{"count":0,"href":"http:\/\/www.tvturk.com\/index.php\/wp-json\/wp\/v2\/posts\/186878\/revisions"}],"wp:featuredmedia":[{"embeddable":true,"href":"http:\/\/www.tvturk.com\/index.php\/wp-json\/wp\/v2\/media\/186879"}],"wp:attachment":[{"href":"http:\/\/www.tvturk.com\/index.php\/wp-json\/wp\/v2\/media?parent=186878"}],"wp:term":[{"taxonomy":"category","embeddable":true,"href":"http:\/\/www.tvturk.com\/index.php\/wp-json\/wp\/v2\/categories?post=186878"},{"taxonomy":"post_tag","embeddable":true,"href":"http:\/\/www.tvturk.com\/index.php\/wp-json\/wp\/v2\/tags?post=186878"}],"curies":[{"name":"wp","href":"https:\/\/api.w.org\/{rel}","templated":true}]}}