{"id":186923,"date":"2019-07-26T22:47:26","date_gmt":"2019-07-26T19:47:26","guid":{"rendered":"http:\/\/www.tvturk.com\/index.php\/karius-hedefimiz-sampiyonluk\/"},"modified":"2019-07-26T22:47:26","modified_gmt":"2019-07-26T19:47:26","slug":"karius-hedefimiz-sampiyonluk","status":"publish","type":"post","link":"http:\/\/www.tvturk.com\/index.php\/karius-hedefimiz-sampiyonluk\/","title":{"rendered":"Karius:&#8221; Hedefimiz \u015fampiyonluk&#8221;"},"content":{"rendered":"<p>Be\u015fikta\u015f\u2019\u0131n Alman file bek\u00e7isi Loris Karius, siyah-beyazl\u0131lar\u0131n Avusturya kamp\u0131nda yapt\u0131\u011f\u0131 a\u00e7\u0131klamada, ligde hedeflerinin \u015fampiyonluk oldu\u011funu s\u00f6yledi.<\/p>\n<p>Be\u015fikta\u015f, Avusturya\u2019n\u0131n Saalfelden kasabas\u0131nda yeni sezon haz\u0131rl\u0131klar\u0131 s\u00fcrd\u00fcrd\u00fc. \u0130dman \u00f6ncesi Be\u015fikta\u015f\u2019\u0131n Alman file bek\u00e7isi Loris Karius a\u00e7\u0131klamalarda bulunarak, &#8220;Hedefimiz ligde \u015fampiyonluk ya\u015famak. Avrupa\u2019da da hedefimiz, ge\u00e7en sezon gitti\u011fimiz yerden daha ilerilere gitmek. Bu konuda kafamda bir teredd\u00fct yok. \u0130lk kamp d\u00f6nemini Riva\u2019da ge\u00e7irdik. Yakla\u015f\u0131k 8 g\u00fcn, bir tan\u0131\u015fma ve al\u0131\u015fma d\u00f6nemiydi. Yeni sezona uygulamak ad\u0131na buras\u0131 da ikinci kamp olacak ve buradaki her g\u00fcn \u00f6nemli. Tamamen yeni bir teknik ekiple \u00e7al\u0131\u015f\u0131yoruz. Onlar\u0131n bizden beklentilerini anlamaya \u00e7al\u0131\u015f\u0131yoruz ve her dakikan\u0131n bizim i\u00e7in bir \u00f6nemi var&#8221; dedi.<\/p>\n<p>Teknik Direkt\u00f6r Abdullah Avc\u0131\u2019n\u0131n kalecilerin geriden oyun kurmas\u0131n\u0131 istedi\u011fini belirten Karius, &#8220;Ge\u00e7en sezonun oyun plan\u0131 i\u00e7erisinde oyun kurma anlam\u0131nda tabii ki b\u00f6yle bir opsiyonunuz yoktu. Deyim yerindeyse bazen \u00e7ok kolaya ka\u00e7arak oyun kurmaya \u00e7al\u0131\u015f\u0131yorduk. \u015eimdi farkl\u0131 opsiyonlar var. Liverpool\u2019da da a\u015fa\u011f\u0131 yukar\u0131 ayn\u0131 durum vard\u0131 geriden oyun kurma a\u00e7\u0131s\u0131ndan, orada \u00e7ok aktiftim. Bu da benim i\u00e7in iyi bir \u015fey \u00e7\u00fcnk\u00fc b\u00f6ylece tak\u0131ma katk\u0131m\u0131 artt\u0131raca\u011f\u0131m\u0131 d\u00fc\u015f\u00fcn\u00fcyorum&#8221; \u015feklinde konu\u015ftu.<\/p>\n<p>&#8220;Bunun mesele haline gelmesini anlayamam\u0131\u015ft\u0131m&#8221;<\/p>\n<p>Siyah-beyazl\u0131lardan milli tak\u0131ma giden teknik direkt\u00f6r \u015eenol G\u00fcne\u015f\u2019in kendisi hakk\u0131nda s\u00f6yledi\u011fi s\u00f6zlerin hat\u0131rlat\u0131lmas\u0131 \u00fczerine ise 26 ya\u015f\u0131ndaki kaleci \u015funlar\u0131 kaydetti:<\/p>\n<p>&#8220;Buna \u00e7ok kat\u0131lm\u0131yorum. O benim i\u00e7in yeni bir motivasyon kayna\u011f\u0131 olmam\u0131\u015ft\u0131. Oradaki dedi\u011fim \u015fey; hocan\u0131n benimle direkt konu\u015fmas\u0131n\u0131 tercih ederdim. 10 ayl\u0131k s\u00fcre\u00e7te sadece bir kez konu\u015fma yapm\u0131\u015ft\u0131k. Do\u011fru hat\u0131rl\u0131yorsam 3-2 kazand\u0131\u011f\u0131m\u0131z bir ma\u00e7t\u0131. \u015eu an bunu d\u00fc\u015f\u00fcnm\u00fcyorum art\u0131k. Bunun mesele haline gelmesini anlayamam\u0131\u015ft\u0131m. \u015eu an yeni bir d\u00f6nem var ve buna odaklan\u0131yorum.<\/p>\n<p>Ge\u00e7en sezon kendimi yaln\u0131z hissetti\u011fimi s\u00f6yleyemem. Ancak genel olarak \u00e7ok sorunlu bir d\u00f6nem ve zor zamanlar ge\u00e7irdik. Bu da hi\u00e7bir futbolcuya iyi hissettirmiyor. Bazen bunlar oluyor, normaldir. Ancak o d\u00f6nem geride kald\u0131, \u015fimdi yeni bir d\u00f6nem var. Gelece\u011fim de benim burada, \u00f6n\u00fcmde 1 y\u0131ll\u0131k bir s\u00fcre\u00e7 var. Bu da futbolda 10 y\u0131l gibi ge\u00e7iyor. O y\u00fczden \u015fu an tek yapmak istedi\u011fim buraya verebilece\u011fim katk\u0131y\u0131 verebilmek. Bundan sonraki s\u00fcre\u00e7 bize ne olaca\u011f\u0131n\u0131 g\u00f6sterecek. Yeni sezonun ilk ma\u00e7\u0131n\u0131 heyecanla bekliyorum.Burada oldu\u011fum i\u00e7in \u00e7ok mutluyum. Taraftar\u0131m\u0131zla birlikte \u00e7ok iyi i\u015fler ger\u00e7ekle\u015ftirece\u011fimi d\u00fc\u015f\u00fcn\u00fcyorum ve ilk ma\u00e7\u0131 da sab\u0131rs\u0131zl\u0131kla bekliyorum.&#8221;<\/p>\n","protected":false},"excerpt":{"rendered":"<p>BE\u015e\u0130KTA\u015e&#8217;IN ALMAN F\u0130LE BEK\u00c7\u0130S\u0130 LOR\u0130S KAR\u0130US, S\u0130YAH-BEYAZLILARIN AVUSTURYA KAMPINDA YAPTI\u011eI A\u00c7IKLAMADA, L\u0130GDE HEDEFLER\u0130N\u0130N \u015eAMP\u0130YONLUK OLDU\u011eUNU S\u00d6YLED\u0130.<\/p>\n","protected":false},"author":1,"featured_media":186924,"comment_status":"closed","ping_status":"open","sticky":false,"template":"","format":"standard","meta":{"jetpack_post_was_ever_published":false,"_jetpack_newsletter_access":"","_jetpack_dont_email_post_to_subs":false,"_jetpack_newsletter_tier_id":0,"_jetpack_memberships_contains_paywalled_content":false,"_jetpack_memberships_contains_paid_content":false,"footnotes":"","jetpack_publicize_message":"","jetpack_publicize_feature_enabled":true,"jetpack_social_post_already_shared":true,"jetpack_social_options":{"image_generator_settings":{"template":"highway","default_image_id":0,"font":"","enabled":false},"version":2}},"categories":[657],"tags":[5159,46484,4694],"class_list":["post-186923","post","type-post","status-publish","format-standard","has-post-thumbnail","hentry","category-spor","tag-hedefimiz","tag-karius","tag-sampiyonluk"],"jetpack_publicize_connections":[],"jetpack_featured_media_url":"https:\/\/i0.wp.com\/www.tvturk.com\/wp-content\/uploads\/2019\/07\/karius-hedefimiz-sampiyonluk_846348a.jpg?fit=1000%2C680","jetpack_sharing_enabled":true,"jetpack_shortlink":"https:\/\/wp.me\/paKIfm-MCT","_links":{"self":[{"href":"http:\/\/www.tvturk.com\/index.php\/wp-json\/wp\/v2\/posts\/186923","targetHints":{"allow":["GET"]}}],"collection":[{"href":"http:\/\/www.tvturk.com\/index.php\/wp-json\/wp\/v2\/posts"}],"about":[{"href":"http:\/\/www.tvturk.com\/index.php\/wp-json\/wp\/v2\/types\/post"}],"author":[{"embeddable":true,"href":"http:\/\/www.tvturk.com\/index.php\/wp-json\/wp\/v2\/users\/1"}],"replies":[{"embeddable":true,"href":"http:\/\/www.tvturk.com\/index.php\/wp-json\/wp\/v2\/comments?post=186923"}],"version-history":[{"count":0,"href":"http:\/\/www.tvturk.com\/index.php\/wp-json\/wp\/v2\/posts\/186923\/revisions"}],"wp:featuredmedia":[{"embeddable":true,"href":"http:\/\/www.tvturk.com\/index.php\/wp-json\/wp\/v2\/media\/186924"}],"wp:attachment":[{"href":"http:\/\/www.tvturk.com\/index.php\/wp-json\/wp\/v2\/media?parent=186923"}],"wp:term":[{"taxonomy":"category","embeddable":true,"href":"http:\/\/www.tvturk.com\/index.php\/wp-json\/wp\/v2\/categories?post=186923"},{"taxonomy":"post_tag","embeddable":true,"href":"http:\/\/www.tvturk.com\/index.php\/wp-json\/wp\/v2\/tags?post=186923"}],"curies":[{"name":"wp","href":"https:\/\/api.w.org\/{rel}","templated":true}]}}