{"id":186929,"date":"2019-07-27T00:02:48","date_gmt":"2019-07-26T21:02:48","guid":{"rendered":"http:\/\/www.tvturk.com\/index.php\/douglas-istanbula-geldi\/"},"modified":"2019-07-27T00:02:48","modified_gmt":"2019-07-26T21:02:48","slug":"douglas-istanbula-geldi","status":"publish","type":"post","link":"http:\/\/www.tvturk.com\/index.php\/douglas-istanbula-geldi\/","title":{"rendered":"Douglas \u0130stanbul\u2019a geldi"},"content":{"rendered":"<p>Be\u015fikta\u015f\u2019\u0131n yeni transferi Douglas, siyah-beyazl\u0131larla resmi s\u00f6zle\u015fmeyi imzalamak \u00fczere \u0130stanbul\u2019a geldi.<\/p>\n<p>Be\u015fikta\u015f\u2019\u0131n prensip anla\u015fmas\u0131na vard\u0131\u011f\u0131 Douglas Pereira, \u0130stanbul\u2019a geldi. Barcelona ile s\u00f6zle\u015fmesi sona eren 28 ya\u015f\u0131ndaki futbolcuyu \u0130stanbul Havaalan\u0131\u2019nda siyah-beyazl\u0131 yetkililer kar\u015f\u0131lad\u0131. Ge\u00e7ti\u011fimiz sezonu Sivasspor\u2019da kiral\u0131k ge\u00e7iren ba\u015far\u0131l\u0131 futbolcu, yar\u0131n sabah sa\u011fl\u0131k kontrol\u00fcnden ge\u00e7tikten sonra resmi imzay\u0131 atacak ve Be\u015fikta\u015f\u2019\u0131n kamp\u0131na kat\u0131lmak \u00fczere Avusturya\u2019ya gidecek.<\/p>\n","protected":false},"excerpt":{"rendered":"<p>BE\u015e\u0130KTA\u015e&#8217;IN YEN\u0130 TRANSFER\u0130 DOUGLAS, S\u0130YAH-BEYAZLILARLA RESM\u0130 S\u00d6ZLE\u015eMEY\u0130 \u0130MZALAMAK \u00dcZERE \u0130STANBUL&#8217;A GELD\u0130.<\/p>\n","protected":false},"author":1,"featured_media":186930,"comment_status":"closed","ping_status":"open","sticky":false,"template":"","format":"standard","meta":{"jetpack_post_was_ever_published":false,"_jetpack_newsletter_access":"","_jetpack_dont_email_post_to_subs":false,"_jetpack_newsletter_tier_id":0,"_jetpack_memberships_contains_paywalled_content":false,"_jetpack_memberships_contains_paid_content":false,"footnotes":"","jetpack_publicize_message":"","jetpack_publicize_feature_enabled":true,"jetpack_social_post_already_shared":true,"jetpack_social_options":{"image_generator_settings":{"template":"highway","default_image_id":0,"font":"","enabled":false},"version":2}},"categories":[657],"tags":[28797,127,2174],"class_list":["post-186929","post","type-post","status-publish","format-standard","has-post-thumbnail","hentry","category-spor","tag-douglas","tag-geldi","tag-istanbula"],"jetpack_publicize_connections":[],"jetpack_featured_media_url":"https:\/\/i0.wp.com\/www.tvturk.com\/wp-content\/uploads\/2019\/07\/douglas-istanbula-geldi_5eda80c.jpg?fit=839%2C581","jetpack_sharing_enabled":true,"jetpack_shortlink":"https:\/\/wp.me\/paKIfm-MCZ","_links":{"self":[{"href":"http:\/\/www.tvturk.com\/index.php\/wp-json\/wp\/v2\/posts\/186929","targetHints":{"allow":["GET"]}}],"collection":[{"href":"http:\/\/www.tvturk.com\/index.php\/wp-json\/wp\/v2\/posts"}],"about":[{"href":"http:\/\/www.tvturk.com\/index.php\/wp-json\/wp\/v2\/types\/post"}],"author":[{"embeddable":true,"href":"http:\/\/www.tvturk.com\/index.php\/wp-json\/wp\/v2\/users\/1"}],"replies":[{"embeddable":true,"href":"http:\/\/www.tvturk.com\/index.php\/wp-json\/wp\/v2\/comments?post=186929"}],"version-history":[{"count":0,"href":"http:\/\/www.tvturk.com\/index.php\/wp-json\/wp\/v2\/posts\/186929\/revisions"}],"wp:featuredmedia":[{"embeddable":true,"href":"http:\/\/www.tvturk.com\/index.php\/wp-json\/wp\/v2\/media\/186930"}],"wp:attachment":[{"href":"http:\/\/www.tvturk.com\/index.php\/wp-json\/wp\/v2\/media?parent=186929"}],"wp:term":[{"taxonomy":"category","embeddable":true,"href":"http:\/\/www.tvturk.com\/index.php\/wp-json\/wp\/v2\/categories?post=186929"},{"taxonomy":"post_tag","embeddable":true,"href":"http:\/\/www.tvturk.com\/index.php\/wp-json\/wp\/v2\/tags?post=186929"}],"curies":[{"name":"wp","href":"https:\/\/api.w.org\/{rel}","templated":true}]}}