{"id":186933,"date":"2019-07-27T03:31:12","date_gmt":"2019-07-27T00:31:12","guid":{"rendered":"http:\/\/www.tvturk.com\/index.php\/istanbulda-kurban-denetimi-basladi\/"},"modified":"2019-07-27T03:31:12","modified_gmt":"2019-07-27T00:31:12","slug":"istanbulda-kurban-denetimi-basladi","status":"publish","type":"post","link":"http:\/\/www.tvturk.com\/index.php\/istanbulda-kurban-denetimi-basladi\/","title":{"rendered":"\u0130stanbul\u2019da kurban denetimi ba\u015flad\u0131"},"content":{"rendered":"<p>Yakla\u015fan Kurban Bayram\u0131 \u00f6ncesi canl\u0131 hayvanlar \u00fczerindeki denetim h\u0131z kazand\u0131. \u0130stanbul \u0130l Tar\u0131m ve Orman M\u00fcd\u00fcrl\u00fc\u011f\u00fc\u2019nden yap\u0131lan a\u00e7\u0131klamada \u0130stanbul\u2019a kara ve deniz yoluyla kurban hayvanlar\u0131n\u0131n giri\u015f yapaca\u011f\u0131 noktalar tamamen kontrol alt\u0131na al\u0131narak kurbanl\u0131klar\u0131n hijyenik ko\u015fullarda sat\u0131lmas\u0131 ve kesim i\u015flemlerinin ger\u00e7ekle\u015ftirilmesi hedefleniyor. Kuzey Marmara Otoyolu Riva mevkinde olu\u015fturulan kontrol noktas\u0131nda \u0130stanbul \u0130l Tar\u0131m ve Orman M\u00fcd\u00fcrl\u00fc\u011f\u00fcne ba\u011fl\u0131 Veteriner hekimler, Jandarma ekiplerinin deste\u011fiyle Anadolu yakas\u0131ndan Avrupa yakas\u0131na ge\u00e7mesi planlanan kurbanl\u0131klar\u0131 denetledi.<\/p>\n<p>Veteriner hekimler kurbanl\u0131klar\u0131 denetledi<\/p>\n<p>11 A\u011fustos g\u00fcn\u00fc ba\u015flayacak olan Kurban Bayram\u0131 \u00f6ncesi \u0130stanbul\u2019da kurbanl\u0131klar\u0131n denetimi de h\u0131z kazand\u0131. Anadolu\u2019dan Avrupa yakas\u0131na ge\u00e7ecek olan kurbanl\u0131klar, Yavuz Sultan Selim k\u00f6pr\u00fcs\u00fcne yakla\u015ft\u0131klar\u0131nda Riva mevkinde kurulan kontrol noktas\u0131nda \u0130stanbul \u0130l Tar\u0131m ve Orman M\u00fcd\u00fcrl\u00fc\u011f\u00fc Veteriner hekimlerince denetlendi. K\u00fcpesiz, belgesiz hi\u00e7bir hayvan\u0131n sevkine izin verilmezken gerekli belgeleri bulundurmayan yeti\u015ftiricilere ve nakil ara\u00e7lar\u0131na yasal i\u015flem uyguland\u0131. Hayvan mevcudiyetinin korunmas\u0131 amac\u0131yla gebe ve dam\u0131zl\u0131k hayvanlar\u0131n kurbanl\u0131k alanlara giri\u015fine izin verilmemesiyle birlikte 2010 y\u0131l\u0131nda kazan\u0131lan \u2019Trakya B\u00f6lgesinin \u015eap Hastal\u0131\u011f\u0131ndan A\u015f\u0131l\u0131 Arilik Stat\u00fcs\u00fcn\u00fcn\u2019 s\u00fcrd\u00fcr\u00fclebilmesi i\u00e7in Tar\u0131m ve Orman Bakanl\u0131\u011f\u0131nca yay\u0131mlanan genelge \u015fartlar\u0131na uymayan kurbanl\u0131klar\u0131n da Trakya b\u00f6lgesine ge\u00e7mesine de kurulan kontrol noktas\u0131nda izin verilmiyor. \u0130\u00e7erisinde canl\u0131 hayvan bulunan kamyon ve TIR\u2019lar Jandarma ekiplerince kontrol noktas\u0131na y\u00f6nlendirilirken Veteriner hekimlerce kurbanl\u0131klar\u0131n denetimleri ger\u00e7ekle\u015ftirildi. Denetime \u0130stanbul \u0130l Tar\u0131m ve Orman M\u00fcd\u00fcr\u00fc Ahmet Yavuz Karaca\u2019da kat\u0131ld\u0131. Karaca, &#8220;Bilindi\u011fi \u00fczere Kurban hizmetleri tebli\u011fi uyar\u0131nca \u0130stanbul iline 27 Temmuz itibariyle bu gece 00.01 itibariyle kurbanl\u0131k giri\u015fleri ba\u015flam\u0131\u015ft\u0131r. Biz burada \u00c7aml\u0131ca ve Riva Hayvan sevk kontrol noktalar\u0131nda gelen hayvanlar\u0131n veteriner sa\u011fl\u0131k raporlar\u0131na e\u011fer Anadolu yakas\u0131na gelecekse yurt i\u00e7i veteriner sa\u011fl\u0131k raporuna ve pasaportlar\u0131na bak\u0131yoruz. Anadolu yakas\u0131ndan Trakya b\u00f6lgesine ge\u00e7ecekse gerekli \u015fartlar\u0131 sa\u011flay\u0131p sa\u011flamad\u0131\u011f\u0131na bak\u0131yoruz. Bilindi\u011fi \u00fczere 2010 y\u0131l\u0131ndan itibaren Trakya b\u00f6lgemiz \u2019\u015eap Hastal\u0131\u011f\u0131ndan Arilik Stat\u00fcs\u00fc\u2019 kazanm\u0131\u015f ve dokuz y\u0131ld\u0131r bu stat\u00fcy\u00fc koruyoruz. Bu \u00e7er\u00e7evede Anadolu\u2019dan Avrupa\u2019ya ge\u00e7i\u015f belli \u015fartlara ba\u011fl\u0131. Bu \u015fartlar\u0131 sa\u011flayan hayvanlar kan testleri yap\u0131ld\u0131ktan sonra Trakya\u2019ya Ge\u00e7i\u015f Sa\u011fl\u0131k Sertifikas\u0131 almas\u0131yla ge\u00e7i\u015fine izin veriyoruz. Bu sene yine bir Kurban arifesindeyiz, vatanda\u015flar\u0131m\u0131z\u0131n sa\u011fl\u0131kl\u0131 bir \u015fekilde kurbanl\u0131k hayvanlar\u0131n\u0131 almalar\u0131, sa\u011fl\u0131kl\u0131 bir \u015fekilde kestirmeleri ve g\u00fczel bir kurban ge\u00e7irmeleri i\u00e7in 7 g\u00fcn 24 saat esas\u0131na g\u00f6re payda\u015f kurumlar\u0131m\u0131zla beraber denetimlerimizde Jandarmam\u0131z ve Emniyet M\u00fcd\u00fcrl\u00fc\u011f\u00fcm\u00fczle beraber, saha kontrol\u00fcnde Zab\u0131tam\u0131zla beraber 24 saat esas\u0131na g\u00f6re \u00e7al\u0131\u015fmam\u0131z s\u00fcr\u00fcyor. Biz vatanda\u015flar\u0131m\u0131zdan \u015funu rica ediyoruz, kurbanl\u0131k hayvanlar\u0131n\u0131n bizim taraf\u0131m\u0131zdan \u0130l Kurban Hizmetleri Komisyonu taraf\u0131ndan izinlendirilmi\u015f kurbanl\u0131k sat\u0131\u015f yerlerinden almalar\u0131n\u0131 ve izinli yerlerde kesmelerini rica ediyoruz. \u00d6zellikle son iki y\u0131ld\u0131r Bakanl\u0131\u011f\u0131m\u0131z taraf\u0131ndan uygulanmaya konulan \u2019HAYSAK\u2019 diye IOS ve Android sisteminden indirebilece\u011finiz bir uygulamam\u0131z var. Bu programda sat\u0131n ald\u0131klar\u0131 b\u00fct\u00fcn bilgiler mevcut olup, k\u00fcpe bilgilerini girdiklerinde istedikleri b\u00fct\u00fcn bilgiler kendilerinin \u00f6n\u00fcne geliyor. Ayr\u0131ca kar\u015f\u0131la\u015fabilecekleri hastal\u0131klar konusunda ne yapmalar\u0131 gerekti\u011fiyle ilgili bilgilendirmeler de bu programda mevcut. Bakanl\u0131\u011f\u0131m\u0131z taraf\u0131ndan yine b\u00fct\u00fcn 81 ile da\u011f\u0131t\u0131lmak \u00fczere Kurban Hizmetleriyle ilgili olarak bir rehber yay\u0131nland\u0131. Bununda da\u011f\u0131t\u0131m\u0131n\u0131 ger\u00e7ekle\u015ftirdik. \u0130n\u015fallah yar\u0131ndan itibaren hayvanlar\u0131m\u0131z pazarlarda olacak, deyim yerindeyse g\u00f6r\u00fcc\u00fcye \u00e7\u0131kacak&#8221; ifadelerini kullan\u0131rken hayvan pazarlar\u0131nda yap\u0131lan \u00e7al\u0131\u015fmalara da de\u011finen \u0130stanbul \u0130l Tar\u0131m ve Orman M\u00fcd\u00fcr\u00fc Karaca, &#8220;Hayvan pazarlar\u0131nda yakla\u015f\u0131k olarak 230 civar\u0131nda izinlendirilmi\u015f \u015fu an hayvan pazar\u0131m\u0131z var, 540 civar\u0131nda hala devam ediliyor belirlenen kesim yerlerinde kesimleri yap\u0131lacak. Bizim denetimlerimiz s\u0131k\u0131 bir \u015fekilde kurban\u0131n son g\u00fcn\u00fcne kadar devam edecek. Vatanda\u015flar\u0131m\u0131z\u0131n sa\u011fl\u0131kl\u0131 ve g\u00fczel bir g\u00fcn ge\u00e7irmelerini diliyorum&#8221; ifadelerini kulland\u0131.<\/p>\n<p>\u0130l Tar\u0131m ve Orman M\u00fcd\u00fcr\u00fc denetim ger\u00e7ekle\u015ftirdi<\/p>\n<p>Trakya b\u00f6lgesine hayvanlar\u0131n ge\u00e7i\u015fiyle ilgili de a\u00e7\u0131klama yapan \u0130stanbul \u0130l Tar\u0131m ve Orman M\u00fcd\u00fcr\u00fc Ahmet Yavuz Karaca, &#8220;2010 y\u0131l\u0131ndan itibaren Trakya b\u00f6lgemiz \u015eap\u2019dan Ari b\u00f6lge olarak ilan edildikten sonra Bakanl\u0131\u011f\u0131m\u0131z taraf\u0131ndan kan testi yap\u0131lm\u0131\u015f ve kar\u015f\u0131ya ge\u00e7mek i\u00e7in hak sertifikas\u0131 alm\u0131\u015f hayvan say\u0131m\u0131z her y\u0131l art\u0131\u015f g\u00f6steriyor. Bu sene de yakla\u015f\u0131k olarak 25 bin civar\u0131nda b\u00fcy\u00fckba\u015f hayvan\u0131n kar\u015f\u0131ya ge\u00e7mesini planl\u0131yoruz. Biz sadece bug\u00fcn denetim yapm\u0131yoruz Trakya\u2019ya ge\u00e7i\u015fle ilgili olarak, 365 g\u00fcn 7 g\u00fcn 24 saat esas\u0131na g\u00f6re \u00c7aml\u0131ca ve Riva hayvan sevk noktalar\u0131nda denetimlerimizi yap\u0131yoruz. Kurban Bayram\u0131 d\u00f6neminde hayvan hareketleri \u00e7ok artt\u0131\u011f\u0131ndan dolay\u0131 daha da s\u0131kla\u015ft\u0131r\u0131yoruz bunlar\u0131. E\u011fer Trakya\u2019ya ge\u00e7i\u015f sertifikas\u0131 yoksa hayvan\u0131n iki \u00e7e\u015fit uygulamam\u0131z var. E\u011fer Anadolu\u2019ya ge\u00e7i\u015fiyle ilgili sa\u011fl\u0131k raporu varsa Tuzla Hayvan Borsas\u0131na al\u0131yoruz ve Anadolu yakas\u0131nda bir sat\u0131\u015f noktas\u0131nda sat\u0131\u015f\u0131na izin veriyoruz e\u011fer herhangi bir belgesi yok, men\u015fei belli de\u011filse ona g\u00f6re men\u015fei ara\u015ft\u0131rmas\u0131 yap\u0131p karantina da tutuyoruz. E\u011fer k\u00fcpesi ve pasaportu yoksa da kesime sevk ediyoruz, bu arada yasal i\u015flemleri de yap\u0131yoruz&#8221; dedi. M\u00fcd\u00fcr Karaca, a\u00e7\u0131klamas\u0131n\u0131n ard\u0131ndan Anadolu yakas\u0131ndan Avrupa yakas\u0131na ge\u00e7mek i\u00e7in kontrol noktas\u0131na gelen canl\u0131 hayvan ta\u015f\u0131yan bir kamyonetin denetimini veteriner hekimlerle birlikte ger\u00e7ekle\u015ftirdi.<\/p>\n<p>Hayvan yeti\u015ftiricileri Kurban Bayram\u0131\u2019ndan umutlu<\/p>\n<p>Tokat Zile\u2019den Yavuz Sultan Selim k\u00f6pr\u00fcs\u00fcn\u00fc kullanarak Avrupa yakas\u0131na ge\u00e7mek isteyen hayvan yeti\u015ftiricisi Mehmet \u00c7amk\u0131ran, &#8220;Allah nasip ederse Beylikd\u00fcz\u00fc\u2019ne gidece\u011fiz. \u015eu an en pahal\u0131 hayvan\u0131m 20 bin lira, \u015fu an da bir ton. Beklentim bu sene in\u015fallah iyi olacak, hayvan say\u0131s\u0131 biraz az, hayvan yeti\u015ftiricisi kalmad\u0131 bizim memleketimizde eskisi gibi baya\u011f\u0131 hayvan s\u0131k\u0131nt\u0131s\u0131 var. Allah\u2019tan hay\u0131rl\u0131s\u0131 bu sene iyi olur kurbanl\u0131klar sat\u0131l\u0131r, hi\u00e7 s\u0131k\u0131nt\u0131m\u0131z yok&#8221; dedi. Sultangazi\u2019ye kurbanl\u0131k g\u00f6t\u00fcren bir di\u011fer hayvan yeti\u015ftiricisi Recep \u00d6nc\u00fcl, &#8220;\u0130yi olmas\u0131n\u0131 bekliyoruz yani temenni ediyoruz t\u00fcm kurbanc\u0131lara ba\u015far\u0131lar diliyoruz, Allah utand\u0131rmas\u0131n. Maliyetler fazla, masraflar \u00e7ok, Allah utand\u0131rmas\u0131n&#8221; ifadelerini kulland\u0131.<\/p>\n","protected":false},"excerpt":{"rendered":"<p>KURBANLIK<\/p>\n","protected":false},"author":1,"featured_media":186934,"comment_status":"closed","ping_status":"open","sticky":false,"template":"","format":"standard","meta":{"jetpack_post_was_ever_published":false,"_jetpack_newsletter_access":"","_jetpack_dont_email_post_to_subs":false,"_jetpack_newsletter_tier_id":0,"_jetpack_memberships_contains_paywalled_content":false,"_jetpack_memberships_contains_paid_content":false,"footnotes":"","jetpack_publicize_message":"","jetpack_publicize_feature_enabled":true,"jetpack_social_post_already_shared":true,"jetpack_social_options":{"image_generator_settings":{"template":"highway","default_image_id":0,"font":"","enabled":false},"version":2}},"categories":[1],"tags":[55,132,1268,20956],"class_list":["post-186933","post","type-post","status-publish","format-standard","has-post-thumbnail","hentry","category-genel","tag-basladi","tag-denetimi","tag-istanbulda","tag-kurban"],"jetpack_publicize_connections":[],"jetpack_featured_media_url":"https:\/\/i0.wp.com\/www.tvturk.com\/wp-content\/uploads\/2019\/07\/istanbulda-kurban-denetimi-basladi_dcbab05.jpg?fit=1000%2C750","jetpack_sharing_enabled":true,"jetpack_shortlink":"https:\/\/wp.me\/paKIfm-MD3","_links":{"self":[{"href":"http:\/\/www.tvturk.com\/index.php\/wp-json\/wp\/v2\/posts\/186933","targetHints":{"allow":["GET"]}}],"collection":[{"href":"http:\/\/www.tvturk.com\/index.php\/wp-json\/wp\/v2\/posts"}],"about":[{"href":"http:\/\/www.tvturk.com\/index.php\/wp-json\/wp\/v2\/types\/post"}],"author":[{"embeddable":true,"href":"http:\/\/www.tvturk.com\/index.php\/wp-json\/wp\/v2\/users\/1"}],"replies":[{"embeddable":true,"href":"http:\/\/www.tvturk.com\/index.php\/wp-json\/wp\/v2\/comments?post=186933"}],"version-history":[{"count":0,"href":"http:\/\/www.tvturk.com\/index.php\/wp-json\/wp\/v2\/posts\/186933\/revisions"}],"wp:featuredmedia":[{"embeddable":true,"href":"http:\/\/www.tvturk.com\/index.php\/wp-json\/wp\/v2\/media\/186934"}],"wp:attachment":[{"href":"http:\/\/www.tvturk.com\/index.php\/wp-json\/wp\/v2\/media?parent=186933"}],"wp:term":[{"taxonomy":"category","embeddable":true,"href":"http:\/\/www.tvturk.com\/index.php\/wp-json\/wp\/v2\/categories?post=186933"},{"taxonomy":"post_tag","embeddable":true,"href":"http:\/\/www.tvturk.com\/index.php\/wp-json\/wp\/v2\/tags?post=186933"}],"curies":[{"name":"wp","href":"https:\/\/api.w.org\/{rel}","templated":true}]}}