{"id":18696,"date":"2019-02-10T15:59:49","date_gmt":"2019-02-10T12:59:49","guid":{"rendered":"http:\/\/www.tvturk.com\/index.php\/ispartada-yasli-bakim-merkezinin-temeli-atildi\/"},"modified":"2019-02-10T15:59:52","modified_gmt":"2019-02-10T12:59:52","slug":"ispartada-yasli-bakim-merkezinin-temeli-atildi","status":"publish","type":"post","link":"http:\/\/www.tvturk.com\/index.php\/ispartada-yasli-bakim-merkezinin-temeli-atildi\/","title":{"rendered":"Isparta\u2019da Ya\u015fl\u0131 Bak\u0131m Merkezinin temeli at\u0131ld\u0131"},"content":{"rendered":"<p>Isparta\u2019da 5 katl\u0131 ve toplamda 2 bin 800 metrekarelik kullan\u0131m alan\u0131 bulanacak Ya\u015fl\u0131 Bak\u0131m Merkezinin temeli at\u0131ld\u0131.<\/p>\n<p>Isparta Belediyesi taraf\u0131ndan G\u00f6k\u00e7ay Mevkiinde bulunan ve depreme dayan\u0131ks\u0131z oldu\u011fu i\u00e7in y\u0131k\u0131m karar\u0131 \u00e7\u0131kan Huzurevi binas\u0131n\u0131n arkas\u0131na Ya\u015fl\u0131 Bak\u0131m Merkezi yap\u0131yor. Ya\u015fl\u0131 Bak\u0131m Merkezi temel atma t\u00f6renine kat\u0131lan Belediye Ba\u015fkan\u0131 Yusuf Ziya G\u00fcnayd\u0131n, 13 bin metrekarelik bah\u00e7e alan\u0131, 561 metrekare in\u015faat alan\u0131 ile 5 kattan olu\u015fan toplam 2 bin 800 metrekarelik kapal\u0131 alan\u0131 bulunan merkezi k\u0131sa s\u00fcrede bitireceklerini s\u00f6yledi. Proje \u00e7al\u0131\u015fmalar\u0131n\u0131n bir y\u0131ldan buyana yo\u011fun bir \u015fekilde devam etti\u011fini aktaran G\u00fcnayd\u0131n, projenin en g\u00fczel \u015fekilde uygulanmas\u0131 i\u00e7in \u00e7al\u0131\u015ft\u0131klar\u0131n\u0131 belirtti. \u00c7ok fonksiyonlu bir yap\u0131 olaca\u011f\u0131n\u0131 kaydeden G\u00fcnayd\u0131n, mevcut depreme dayan\u0131ks\u0131z binan\u0131n da y\u0131k\u0131laca\u011f\u0131n\u0131 aktard\u0131. G\u00fcnayd\u0131n, y\u0131k\u0131lacak olan binan\u0131n yap\u0131m\u0131 i\u00e7in emek g\u00f6steren d\u00f6nenim Belediye Ba\u015fkan\u0131 Fuat Uyar, vak\u0131f y\u00f6neticileri ve odalar\u0131n tefri\u015flerini sa\u011flayan vatanda\u015flar ile eme\u011fi ge\u00e7en herkese te\u015fekk\u00fcr ederek, \u201cIsparta\u2019m\u0131za bir ta\u015f koyan\u0131 yad ederiz. Vefat edenlere Allah\u2019tan rahmet, ya\u015fayanlara da sa\u011fl\u0131kl\u0131, huzurlu uzun \u00f6m\u00fcr diliyorum\u201d dedi.<\/p>\n<p>\u201cOtel konforunda odalar\u201d<\/p>\n<p>Temeli at\u0131lan Ya\u015fl\u0131 Bak\u0131m Merkezinde ya\u015fl\u0131lar\u0131n daha kaliteli vakit ge\u00e7irebilmeleri amac\u0131yla \u00e7ok fonksiyonlu alanlar bulunaca\u011f\u0131n\u0131 belirten Yusuf Ziya G\u00fcnayd\u0131n, \u201cOtel konforunda odalar bulunacak, ya\u015fl\u0131lar\u0131m\u0131z m\u00fcstakil tek ki\u015filik odalarda kalacak\u201d diye konu\u015ftu.<\/p>\n<p>\u201cG\u00f6k\u00e7ay\u2019\u0131 ya\u015fl\u0131lar\u0131m\u0131z\u0131n sevgisi ortaya \u00e7\u0131kartt\u0131\u201d<\/p>\n<p>Ya\u015fl\u0131 Bak\u0131m Merkezinin sadece binadan ibaret olmayaca\u011f\u0131n\u0131 bah\u00e7esinde y\u00fcr\u00fcy\u00fc\u015f yollar\u0131, botanik bah\u00e7e, havuzlar, rekreasyon alanlar\u0131, hobi alanlar\u0131 gibi \u00e7ok say\u0131da aktiviteye ev sahipli\u011fi yapabilecek b\u00f6l\u00fcmler bulunaca\u011f\u0131n\u0131 aktaran G\u00fcnayd\u0131n, merkezde Alzheimer hastalar\u0131n\u0131n da g\u00fcnl\u00fck vakitlerini ge\u00e7irebilmelerinin de ama\u00e7land\u0131\u011f\u0131n\u0131 s\u00f6ylerken, \u201cBu alan\u0131m\u0131z\u0131 tam olarak kullanarak bir k\u00fclliyeye d\u00f6n\u00fc\u015ft\u00fcr\u00fcyoruz. Eski binam\u0131z\u0131 kald\u0131raca\u011f\u0131z. O b\u00f6l\u00fcmde i\u00e7 avlu, i\u00e7 meydanlar oluyor. Huzurevimiz, G\u00f6k\u00e7ay Mesirelik alan\u0131m\u0131z\u0131n yap\u0131lmas\u0131na da vesile olmu\u015ftur. G\u00f6k\u00e7ay\u2019\u0131 ya\u015fl\u0131lar\u0131m\u0131z\u0131n sevgisi ortaya \u00e7\u0131kard\u0131\u201d \u015feklinde konu\u015ftu.<\/p>\n<p>Bina m\u00fcjdesi<\/p>\n<p>Yap\u0131m\u0131na ba\u015flanan merkezin hemen yan\u0131na bir bina daha yapacaklar\u0131n\u0131 m\u00fcjdeleyen G\u00fcnayd\u0131n, \u201c\u00d6n\u00fcm\u00fczdeki d\u00f6nemin ilk yar\u0131s\u0131nda da bu b\u00f6l\u00fcm\u00fc de bitirmi\u015f olaca\u011f\u0131z ve buras\u0131 k\u00fclliyeye d\u00f6n\u00fc\u015fecek. Ya\u015fl\u0131lar\u0131m\u0131z de\u011fil, bana g\u00f6re de\u011ferli gen\u00e7lerimiz bahar\u0131n\u0131 en g\u00fczel \u015fekilde ya\u015fayacak. Isparta\u2019m\u0131z\u0131n n\u00fcfusu \u015fu an 230 bin. N\u00fcfus 500 bine de \u00e7\u0131ksa bu k\u00fclliye yetecek. Buras\u0131 cennet bah\u00e7esi olacak. Mevcut y\u0131k\u0131lacak olan binam\u0131z\u0131n da y\u0131k\u0131m\u0131ndan elde edilecek gelirin vakf\u0131m\u0131za bir miktar gelir getirmesini istiyorum\u201d dedi.<\/p>\n<p>Konu\u015fmalar\u0131n ard\u0131ndan Ya\u015fl\u0131 Bak\u0131m Merkezinin temeli at\u0131ld\u0131.<\/p>\n<p>Huzur Engelliler Bak\u0131m Merkezini ziyaret etti<\/p>\n<p>Isparta Belediye Ba\u015fkan\u0131 G\u00fcnayd\u0131n, Temel Atma T\u00f6reninin ard\u0131ndan Huzur Engelliler Bak\u0131m Merkezine ge\u00e7erek buradaki sakinlerle bir araya geldi.<div class=\"tiled-gallery type-rectangular tiled-gallery-unresized\" data-original-width=\"500\" data-carousel-extra='null' itemscope itemtype=\"http:\/\/schema.org\/ImageGallery\" > <div class=\"gallery-row\" style=\"width: 500px; height: 224px;\" data-original-width=\"500\" data-original-height=\"224\" > <div class=\"gallery-group images-1\" style=\"width: 334px; height: 224px;\" data-original-width=\"334\" data-original-height=\"224\" > <div class=\"tiled-gallery-item tiled-gallery-item-large\" itemprop=\"associatedMedia\" itemscope itemtype=\"http:\/\/schema.org\/ImageObject\"> <a href=\"http:\/\/www.tvturk.com\/index.php\/ispartada-yasli-bakim-merkezinin-temeli-atildi\/ispartada-yasli-bakim-merkezinin-temeli-atildi-3\/\" border=\"0\" itemprop=\"url\"> <meta itemprop=\"width\" content=\"330\"> <meta itemprop=\"height\" content=\"220\"> <img decoding=\"async\" class=\"\" data-attachment-id=\"18698\" data-orig-file=\"http:\/\/www.tvturk.com\/wp-content\/uploads\/2019\/02\/ispartada-yasli-bakim-merkezinin-temeli-atildi_222cdb5.jpg\" data-orig-size=\"1000,666\" data-comments-opened=\"\" data-image-meta=\"{&quot;aperture&quot;:&quot;0&quot;,&quot;credit&quot;:&quot;IHA&quot;,&quot;camera&quot;:&quot;&quot;,&quot;caption&quot;:&quot;ISPARTA\\u2019DA 5 KATLI VE TOPLAMDA 2 B\\u0130N 800 METREKAREL\\u0130K KULLANIM ALANI BULANACAK YA\\u015eLI BAKIM MERKEZ\\u0130N\\u0130N TEMEL\\u0130 ATILDI. (\\u0130HA\\\/ISPARTA-\\u0130HA)&quot;,&quot;created_timestamp&quot;:&quot;0&quot;,&quot;copyright&quot;:&quot;\\u0130HLAS HABER AJANSI, www.iha.com.tr&quot;,&quot;focal_length&quot;:&quot;0&quot;,&quot;iso&quot;:&quot;0&quot;,&quot;shutter_speed&quot;:&quot;0&quot;,&quot;title&quot;:&quot;ISPARTA\\u2019DA YA\\u015eLI BAKIM MERKEZ\\u0130N\\u0130N TEMEL\\u0130 ATILDI&quot;,&quot;orientation&quot;:&quot;0&quot;}\" data-image-title=\"Isparta\u2019da Ya\u015fl\u0131 Bak\u0131m Merkezinin temeli at\u0131ld\u0131\" data-image-description=\"&lt;p&gt;Isparta\u2019da Ya\u015fl\u0131 Bak\u0131m Merkezinin temeli at\u0131ld\u0131&lt;\/p&gt; \" data-medium-file=\"https:\/\/i0.wp.com\/www.tvturk.com\/wp-content\/uploads\/2019\/02\/ispartada-yasli-bakim-merkezinin-temeli-atildi_222cdb5.jpg?fit=300%2C200\" data-large-file=\"https:\/\/i0.wp.com\/www.tvturk.com\/wp-content\/uploads\/2019\/02\/ispartada-yasli-bakim-merkezinin-temeli-atildi_222cdb5.jpg?fit=1000%2C666\" src=\"https:\/\/i0.wp.com\/www.tvturk.com\/wp-content\/uploads\/2019\/02\/ispartada-yasli-bakim-merkezinin-temeli-atildi_222cdb5.jpg?w=330&#038;h=220\" srcset=\"https:\/\/i0.wp.com\/www.tvturk.com\/wp-content\/uploads\/2019\/02\/ispartada-yasli-bakim-merkezinin-temeli-atildi_222cdb5.jpg?w=1000 1000w, https:\/\/i0.wp.com\/www.tvturk.com\/wp-content\/uploads\/2019\/02\/ispartada-yasli-bakim-merkezinin-temeli-atildi_222cdb5.jpg?resize=150%2C100 150w, https:\/\/i0.wp.com\/www.tvturk.com\/wp-content\/uploads\/2019\/02\/ispartada-yasli-bakim-merkezinin-temeli-atildi_222cdb5.jpg?resize=300%2C200 300w, https:\/\/i0.wp.com\/www.tvturk.com\/wp-content\/uploads\/2019\/02\/ispartada-yasli-bakim-merkezinin-temeli-atildi_222cdb5.jpg?resize=768%2C511 768w, https:\/\/i0.wp.com\/www.tvturk.com\/wp-content\/uploads\/2019\/02\/ispartada-yasli-bakim-merkezinin-temeli-atildi_222cdb5.jpg?resize=170%2C113 170w, https:\/\/i0.wp.com\/www.tvturk.com\/wp-content\/uploads\/2019\/02\/ispartada-yasli-bakim-merkezinin-temeli-atildi_222cdb5.jpg?resize=120%2C80 120w\" width=\"330\" height=\"220\" loading=\"lazy\" data-original-width=\"330\" data-original-height=\"220\" itemprop=\"http:\/\/schema.org\/image\" title=\"Isparta\u2019da Ya\u015fl\u0131 Bak\u0131m Merkezinin temeli at\u0131ld\u0131\" alt=\"Isparta\u2019da Ya\u015fl\u0131 Bak\u0131m Merkezinin temeli at\u0131ld\u0131\" style=\"width: 330px; height: 220px;\" \/> <\/a> <\/div> <\/div> <!-- close group --> <div class=\"gallery-group images-2\" style=\"width: 166px; height: 224px;\" data-original-width=\"166\" data-original-height=\"224\" > <div class=\"tiled-gallery-item tiled-gallery-item-small\" itemprop=\"associatedMedia\" itemscope itemtype=\"http:\/\/schema.org\/ImageObject\"> <a href=\"http:\/\/www.tvturk.com\/index.php\/ispartada-yasli-bakim-merkezinin-temeli-atildi\/ispartada-yasli-bakim-merkezinin-temeli-atildi-4\/\" border=\"0\" itemprop=\"url\"> <meta itemprop=\"width\" content=\"162\"> <meta itemprop=\"height\" content=\"108\"> <img decoding=\"async\" class=\"\" data-attachment-id=\"18699\" data-orig-file=\"http:\/\/www.tvturk.com\/wp-content\/uploads\/2019\/02\/ispartada-yasli-bakim-merkezinin-temeli-atildi_ab14322.jpg\" data-orig-size=\"1000,666\" data-comments-opened=\"\" data-image-meta=\"{&quot;aperture&quot;:&quot;0&quot;,&quot;credit&quot;:&quot;IHA&quot;,&quot;camera&quot;:&quot;&quot;,&quot;caption&quot;:&quot;ISPARTA\\u2019DA 5 KATLI VE TOPLAMDA 2 B\\u0130N 800 METREKAREL\\u0130K KULLANIM ALANI BULANACAK YA\\u015eLI BAKIM MERKEZ\\u0130N\\u0130N TEMEL\\u0130 ATILDI. (\\u0130HA\\\/ISPARTA-\\u0130HA)&quot;,&quot;created_timestamp&quot;:&quot;0&quot;,&quot;copyright&quot;:&quot;\\u0130HLAS HABER AJANSI, www.iha.com.tr&quot;,&quot;focal_length&quot;:&quot;0&quot;,&quot;iso&quot;:&quot;0&quot;,&quot;shutter_speed&quot;:&quot;0&quot;,&quot;title&quot;:&quot;ISPARTA\\u2019DA YA\\u015eLI BAKIM MERKEZ\\u0130N\\u0130N TEMEL\\u0130 ATILDI&quot;,&quot;orientation&quot;:&quot;0&quot;}\" data-image-title=\"Isparta\u2019da Ya\u015fl\u0131 Bak\u0131m Merkezinin temeli at\u0131ld\u0131\" data-image-description=\"&lt;p&gt;Isparta\u2019da Ya\u015fl\u0131 Bak\u0131m Merkezinin temeli at\u0131ld\u0131&lt;\/p&gt; \" data-medium-file=\"https:\/\/i0.wp.com\/www.tvturk.com\/wp-content\/uploads\/2019\/02\/ispartada-yasli-bakim-merkezinin-temeli-atildi_ab14322.jpg?fit=300%2C200\" data-large-file=\"https:\/\/i0.wp.com\/www.tvturk.com\/wp-content\/uploads\/2019\/02\/ispartada-yasli-bakim-merkezinin-temeli-atildi_ab14322.jpg?fit=1000%2C666\" src=\"https:\/\/i0.wp.com\/www.tvturk.com\/wp-content\/uploads\/2019\/02\/ispartada-yasli-bakim-merkezinin-temeli-atildi_ab14322.jpg?w=162&#038;h=108\" srcset=\"https:\/\/i0.wp.com\/www.tvturk.com\/wp-content\/uploads\/2019\/02\/ispartada-yasli-bakim-merkezinin-temeli-atildi_ab14322.jpg?w=1000 1000w, https:\/\/i0.wp.com\/www.tvturk.com\/wp-content\/uploads\/2019\/02\/ispartada-yasli-bakim-merkezinin-temeli-atildi_ab14322.jpg?resize=150%2C100 150w, https:\/\/i0.wp.com\/www.tvturk.com\/wp-content\/uploads\/2019\/02\/ispartada-yasli-bakim-merkezinin-temeli-atildi_ab14322.jpg?resize=300%2C200 300w, https:\/\/i0.wp.com\/www.tvturk.com\/wp-content\/uploads\/2019\/02\/ispartada-yasli-bakim-merkezinin-temeli-atildi_ab14322.jpg?resize=768%2C511 768w, https:\/\/i0.wp.com\/www.tvturk.com\/wp-content\/uploads\/2019\/02\/ispartada-yasli-bakim-merkezinin-temeli-atildi_ab14322.jpg?resize=170%2C113 170w, https:\/\/i0.wp.com\/www.tvturk.com\/wp-content\/uploads\/2019\/02\/ispartada-yasli-bakim-merkezinin-temeli-atildi_ab14322.jpg?resize=120%2C80 120w\" width=\"162\" height=\"108\" loading=\"lazy\" data-original-width=\"162\" data-original-height=\"108\" itemprop=\"http:\/\/schema.org\/image\" title=\"Isparta\u2019da Ya\u015fl\u0131 Bak\u0131m Merkezinin temeli at\u0131ld\u0131\" alt=\"Isparta\u2019da Ya\u015fl\u0131 Bak\u0131m Merkezinin temeli at\u0131ld\u0131\" style=\"width: 162px; height: 108px;\" \/> <\/a> <\/div> <div class=\"tiled-gallery-item tiled-gallery-item-small\" itemprop=\"associatedMedia\" itemscope itemtype=\"http:\/\/schema.org\/ImageObject\"> <a href=\"http:\/\/www.tvturk.com\/index.php\/ispartada-yasli-bakim-merkezinin-temeli-atildi\/ispartada-yasli-bakim-merkezinin-temeli-atildi-5\/\" border=\"0\" itemprop=\"url\"> <meta itemprop=\"width\" content=\"162\"> <meta itemprop=\"height\" content=\"108\"> <img decoding=\"async\" class=\"\" data-attachment-id=\"18700\" data-orig-file=\"http:\/\/www.tvturk.com\/wp-content\/uploads\/2019\/02\/ispartada-yasli-bakim-merkezinin-temeli-atildi_760a89d.jpg\" data-orig-size=\"1000,667\" data-comments-opened=\"\" data-image-meta=\"{&quot;aperture&quot;:&quot;0&quot;,&quot;credit&quot;:&quot;IHA&quot;,&quot;camera&quot;:&quot;&quot;,&quot;caption&quot;:&quot;ISPARTA BELED\\u0130YE BA\\u015eKANI YUSUF Z\\u0130YA G\\u00dcNAYDIN, 13 B\\u0130N METREKAREL\\u0130K BAH\\u00c7E ALANI, 561 METREKARE \\u0130N\\u015eAAT ALANI \\u0130LE 5 KATTAN OLU\\u015eAN TOPLAM 2 B\\u0130N 800 METREKAREL\\u0130K KAPALI ALANI BULUNAN YA\\u015eLI BAKIM MERKEZ\\u0130 KISA S\\u00dcREDE B\\u0130T\\u0130RECEKLER\\u0130N\\u0130 S\\u00d6YLED\\u0130. (\\u0130HA\\\/ISPARTA-\\u0130HA)&quot;,&quot;created_timestamp&quot;:&quot;0&quot;,&quot;copyright&quot;:&quot;\\u0130HLAS HABER AJANSI, www.iha.com.tr&quot;,&quot;focal_length&quot;:&quot;0&quot;,&quot;iso&quot;:&quot;0&quot;,&quot;shutter_speed&quot;:&quot;0&quot;,&quot;title&quot;:&quot;ISPARTA\\u2019DA YA\\u015eLI BAKIM MERKEZ\\u0130N\\u0130N TEMEL\\u0130 ATILDI&quot;,&quot;orientation&quot;:&quot;0&quot;}\" data-image-title=\"Isparta\u2019da Ya\u015fl\u0131 Bak\u0131m Merkezinin temeli at\u0131ld\u0131\" data-image-description=\"&lt;p&gt;Isparta\u2019da Ya\u015fl\u0131 Bak\u0131m Merkezinin temeli at\u0131ld\u0131&lt;\/p&gt; \" data-medium-file=\"https:\/\/i0.wp.com\/www.tvturk.com\/wp-content\/uploads\/2019\/02\/ispartada-yasli-bakim-merkezinin-temeli-atildi_760a89d.jpg?fit=300%2C200\" data-large-file=\"https:\/\/i0.wp.com\/www.tvturk.com\/wp-content\/uploads\/2019\/02\/ispartada-yasli-bakim-merkezinin-temeli-atildi_760a89d.jpg?fit=1000%2C667\" src=\"https:\/\/i0.wp.com\/www.tvturk.com\/wp-content\/uploads\/2019\/02\/ispartada-yasli-bakim-merkezinin-temeli-atildi_760a89d.jpg?w=162&#038;h=108\" srcset=\"https:\/\/i0.wp.com\/www.tvturk.com\/wp-content\/uploads\/2019\/02\/ispartada-yasli-bakim-merkezinin-temeli-atildi_760a89d.jpg?w=1000 1000w, https:\/\/i0.wp.com\/www.tvturk.com\/wp-content\/uploads\/2019\/02\/ispartada-yasli-bakim-merkezinin-temeli-atildi_760a89d.jpg?resize=150%2C100 150w, https:\/\/i0.wp.com\/www.tvturk.com\/wp-content\/uploads\/2019\/02\/ispartada-yasli-bakim-merkezinin-temeli-atildi_760a89d.jpg?resize=300%2C200 300w, https:\/\/i0.wp.com\/www.tvturk.com\/wp-content\/uploads\/2019\/02\/ispartada-yasli-bakim-merkezinin-temeli-atildi_760a89d.jpg?resize=768%2C512 768w, https:\/\/i0.wp.com\/www.tvturk.com\/wp-content\/uploads\/2019\/02\/ispartada-yasli-bakim-merkezinin-temeli-atildi_760a89d.jpg?resize=170%2C113 170w, https:\/\/i0.wp.com\/www.tvturk.com\/wp-content\/uploads\/2019\/02\/ispartada-yasli-bakim-merkezinin-temeli-atildi_760a89d.jpg?resize=120%2C80 120w\" width=\"162\" height=\"108\" loading=\"lazy\" data-original-width=\"162\" data-original-height=\"108\" itemprop=\"http:\/\/schema.org\/image\" title=\"Isparta\u2019da Ya\u015fl\u0131 Bak\u0131m Merkezinin temeli at\u0131ld\u0131\" alt=\"Isparta\u2019da Ya\u015fl\u0131 Bak\u0131m Merkezinin temeli at\u0131ld\u0131\" style=\"width: 162px; height: 108px;\" \/> <\/a> <\/div> <\/div> <!-- close group --> <\/div> <!-- close row --> <div class=\"gallery-row\" style=\"width: 500px; height: 334px;\" data-original-width=\"500\" data-original-height=\"334\" > <div class=\"gallery-group images-1\" style=\"width: 500px; height: 334px;\" data-original-width=\"500\" data-original-height=\"334\" > <div class=\"tiled-gallery-item tiled-gallery-item-large\" itemprop=\"associatedMedia\" itemscope itemtype=\"http:\/\/schema.org\/ImageObject\"> <a href=\"http:\/\/www.tvturk.com\/index.php\/ispartada-yasli-bakim-merkezinin-temeli-atildi\/ispartada-yasli-bakim-merkezinin-temeli-atildi-6\/\" border=\"0\" itemprop=\"url\"> <meta itemprop=\"width\" content=\"496\"> <meta itemprop=\"height\" content=\"330\"> <img decoding=\"async\" class=\"\" data-attachment-id=\"18701\" data-orig-file=\"http:\/\/www.tvturk.com\/wp-content\/uploads\/2019\/02\/ispartada-yasli-bakim-merkezinin-temeli-atildi_894fa4e.jpg\" data-orig-size=\"1000,666\" data-comments-opened=\"\" data-image-meta=\"{&quot;aperture&quot;:&quot;0&quot;,&quot;credit&quot;:&quot;IHA&quot;,&quot;camera&quot;:&quot;&quot;,&quot;caption&quot;:&quot;ISPARTA BELED\\u0130YE BA\\u015eKANI YUSUF Z\\u0130YA G\\u00dcNAYDIN, HUZUR ENGELL\\u0130LER BAKIM MERKEZ\\u0130 SAK\\u0130NLER\\u0130N\\u0130 Z\\u0130YARET ETT\\u0130 (\\u0130HA\\\/ISPARTA-\\u0130HA)&quot;,&quot;created_timestamp&quot;:&quot;0&quot;,&quot;copyright&quot;:&quot;\\u0130HLAS HABER AJANSI, www.iha.com.tr&quot;,&quot;focal_length&quot;:&quot;0&quot;,&quot;iso&quot;:&quot;0&quot;,&quot;shutter_speed&quot;:&quot;0&quot;,&quot;title&quot;:&quot;ISPARTA\\u2019DA YA\\u015eLI BAKIM MERKEZ\\u0130N\\u0130N TEMEL\\u0130 ATILDI&quot;,&quot;orientation&quot;:&quot;0&quot;}\" data-image-title=\"Isparta\u2019da Ya\u015fl\u0131 Bak\u0131m Merkezinin temeli at\u0131ld\u0131\" data-image-description=\"&lt;p&gt;Isparta\u2019da Ya\u015fl\u0131 Bak\u0131m Merkezinin temeli at\u0131ld\u0131&lt;\/p&gt; \" data-medium-file=\"https:\/\/i0.wp.com\/www.tvturk.com\/wp-content\/uploads\/2019\/02\/ispartada-yasli-bakim-merkezinin-temeli-atildi_894fa4e.jpg?fit=300%2C200\" data-large-file=\"https:\/\/i0.wp.com\/www.tvturk.com\/wp-content\/uploads\/2019\/02\/ispartada-yasli-bakim-merkezinin-temeli-atildi_894fa4e.jpg?fit=1000%2C666\" src=\"https:\/\/i0.wp.com\/www.tvturk.com\/wp-content\/uploads\/2019\/02\/ispartada-yasli-bakim-merkezinin-temeli-atildi_894fa4e.jpg?w=496&#038;h=330\" srcset=\"https:\/\/i0.wp.com\/www.tvturk.com\/wp-content\/uploads\/2019\/02\/ispartada-yasli-bakim-merkezinin-temeli-atildi_894fa4e.jpg?w=1000 1000w, https:\/\/i0.wp.com\/www.tvturk.com\/wp-content\/uploads\/2019\/02\/ispartada-yasli-bakim-merkezinin-temeli-atildi_894fa4e.jpg?resize=150%2C100 150w, https:\/\/i0.wp.com\/www.tvturk.com\/wp-content\/uploads\/2019\/02\/ispartada-yasli-bakim-merkezinin-temeli-atildi_894fa4e.jpg?resize=300%2C200 300w, https:\/\/i0.wp.com\/www.tvturk.com\/wp-content\/uploads\/2019\/02\/ispartada-yasli-bakim-merkezinin-temeli-atildi_894fa4e.jpg?resize=768%2C511 768w, https:\/\/i0.wp.com\/www.tvturk.com\/wp-content\/uploads\/2019\/02\/ispartada-yasli-bakim-merkezinin-temeli-atildi_894fa4e.jpg?resize=170%2C113 170w, https:\/\/i0.wp.com\/www.tvturk.com\/wp-content\/uploads\/2019\/02\/ispartada-yasli-bakim-merkezinin-temeli-atildi_894fa4e.jpg?resize=120%2C80 120w\" width=\"496\" height=\"330\" loading=\"lazy\" data-original-width=\"496\" data-original-height=\"330\" itemprop=\"http:\/\/schema.org\/image\" title=\"Isparta\u2019da Ya\u015fl\u0131 Bak\u0131m Merkezinin temeli at\u0131ld\u0131\" alt=\"Isparta\u2019da Ya\u015fl\u0131 Bak\u0131m Merkezinin temeli at\u0131ld\u0131\" style=\"width: 496px; height: 330px;\" \/> <\/a> <\/div> <\/div> <!-- close group --> <\/div> <!-- close row --> <\/div><\/p>\n","protected":false},"excerpt":{"rendered":"<p>ISPARTA\u2019DA 5 KATLI VE TOPLAMDA 2 B\u0130N 800 METREKAREL\u0130K KULLANIM ALANI BULANACAK YA\u015eLI BAKIM MERKEZ\u0130N\u0130N TEMEL\u0130 ATILDI.<\/p>\n","protected":false},"author":1,"featured_media":18697,"comment_status":"closed","ping_status":"open","sticky":false,"template":"","format":"standard","meta":{"jetpack_post_was_ever_published":false,"_jetpack_newsletter_access":"","_jetpack_dont_email_post_to_subs":false,"_jetpack_newsletter_tier_id":0,"_jetpack_memberships_contains_paywalled_content":false,"_jetpack_memberships_contains_paid_content":false,"footnotes":"","jetpack_publicize_message":"","jetpack_publicize_feature_enabled":true,"jetpack_social_post_already_shared":false,"jetpack_social_options":{"image_generator_settings":{"template":"highway","default_image_id":0,"font":"","enabled":false},"version":2}},"categories":[655],"tags":[3030,2270,5679,8472,5300,1051],"class_list":["post-18696","post","type-post","status-publish","format-standard","has-post-thumbnail","hentry","category-son-dakika","tag-atildi","tag-bakim","tag-ispartada","tag-merkezinin","tag-temeli","tag-yasli"],"jetpack_publicize_connections":[],"jetpack_featured_media_url":"https:\/\/i0.wp.com\/www.tvturk.com\/wp-content\/uploads\/2019\/02\/ispartada-yasli-bakim-merkezinin-temeli-atildi_fe07399.jpg?fit=1000%2C666","jetpack_sharing_enabled":true,"jetpack_shortlink":"https:\/\/wp.me\/paKIfm-4Ry","_links":{"self":[{"href":"http:\/\/www.tvturk.com\/index.php\/wp-json\/wp\/v2\/posts\/18696","targetHints":{"allow":["GET"]}}],"collection":[{"href":"http:\/\/www.tvturk.com\/index.php\/wp-json\/wp\/v2\/posts"}],"about":[{"href":"http:\/\/www.tvturk.com\/index.php\/wp-json\/wp\/v2\/types\/post"}],"author":[{"embeddable":true,"href":"http:\/\/www.tvturk.com\/index.php\/wp-json\/wp\/v2\/users\/1"}],"replies":[{"embeddable":true,"href":"http:\/\/www.tvturk.com\/index.php\/wp-json\/wp\/v2\/comments?post=18696"}],"version-history":[{"count":1,"href":"http:\/\/www.tvturk.com\/index.php\/wp-json\/wp\/v2\/posts\/18696\/revisions"}],"predecessor-version":[{"id":18702,"href":"http:\/\/www.tvturk.com\/index.php\/wp-json\/wp\/v2\/posts\/18696\/revisions\/18702"}],"wp:featuredmedia":[{"embeddable":true,"href":"http:\/\/www.tvturk.com\/index.php\/wp-json\/wp\/v2\/media\/18697"}],"wp:attachment":[{"href":"http:\/\/www.tvturk.com\/index.php\/wp-json\/wp\/v2\/media?parent=18696"}],"wp:term":[{"taxonomy":"category","embeddable":true,"href":"http:\/\/www.tvturk.com\/index.php\/wp-json\/wp\/v2\/categories?post=18696"},{"taxonomy":"post_tag","embeddable":true,"href":"http:\/\/www.tvturk.com\/index.php\/wp-json\/wp\/v2\/tags?post=18696"}],"curies":[{"name":"wp","href":"https:\/\/api.w.org\/{rel}","templated":true}]}}