{"id":186973,"date":"2019-07-27T10:02:00","date_gmt":"2019-07-27T07:02:00","guid":{"rendered":"http:\/\/www.tvturk.com\/index.php\/erol-bedir-deniz-turuc-icin-son-tarihi-verdi\/"},"modified":"2019-07-27T10:02:00","modified_gmt":"2019-07-27T07:02:00","slug":"erol-bedir-deniz-turuc-icin-son-tarihi-verdi","status":"publish","type":"post","link":"http:\/\/www.tvturk.com\/index.php\/erol-bedir-deniz-turuc-icin-son-tarihi-verdi\/","title":{"rendered":"Erol Bedir, Deniz T\u00fcr\u00fc\u00e7 i\u00e7in son tarihi verdi."},"content":{"rendered":"<p>\u0130stikbal Mobilya Kayserispor Ba\u015fkan\u0131 Erol Bedir, transferi g\u00fcndemde olan Deniz T\u00fcr\u00fc\u00e7 ile ilgili a\u00e7\u0131klama yapt\u0131.<\/p>\n<p>Spor Toto S\u00fcper Lig 2019-2020 sezonu haz\u0131rl\u0131klar\u0131n\u0131 Avusturya\u2019da s\u00fcrd\u00fcren \u0130stikbal Mobilya Kayserispor\u2019da tak\u0131m kaptan\u0131 Deniz T\u00fcr\u00fc\u00e7\u2019\u00fcn transfer olup olmayaca\u011f\u0131 konu\u015fuluyor. Tak\u0131mla birlikte \u00e7al\u0131\u015fmalar\u0131n\u0131 s\u00fcrd\u00fcren Deniz T\u00fcr\u00fc\u00e7 ile ilgili olarak Ba\u015fkan Erol Bedir, \u201cGalatasaray ve Fenerbah\u00e7e ile g\u00f6r\u00fc\u015fmeler var. Belli noktalara gelindi ama \u015fu an neticelenmi\u015f bir durum yok. 3 A\u011fustos\u2019a kadar Deniz g\u00fcndemde olabilir ama bu tarihten sonra kaptan\u0131m\u0131z\u0131 vermemiz s\u00f6z konusu olamaz\u201d dedi.<\/p>\n<p>Fenerbah\u00e7e ve Galatasaray, sar\u0131 k\u0131rm\u0131z\u0131l\u0131 kul\u00fcbe futbolcu+para teklifi yapm\u0131\u015ft\u0131.<\/p>\n","protected":false},"excerpt":{"rendered":"<p>\u0130ST\u0130KBAL MOB\u0130LYA KAYSER\u0130SPOR BA\u015eKANI EROL BED\u0130R(SOLDA), TRANSFER\u0130 G\u00dcNDEMDE OLAN DEN\u0130Z T\u00dcR\u00dc\u00c7 (ORTADA) \u0130LE \u0130LG\u0130L\u0130 A\u00c7IKLAMA YAPTI<\/p>\n","protected":false},"author":1,"featured_media":186974,"comment_status":"closed","ping_status":"open","sticky":false,"template":"","format":"standard","meta":{"jetpack_post_was_ever_published":false,"_jetpack_newsletter_access":"","_jetpack_dont_email_post_to_subs":false,"_jetpack_newsletter_tier_id":0,"_jetpack_memberships_contains_paywalled_content":false,"_jetpack_memberships_contains_paid_content":false,"footnotes":"","jetpack_publicize_message":"","jetpack_publicize_feature_enabled":true,"jetpack_social_post_already_shared":true,"jetpack_social_options":{"image_generator_settings":{"template":"highway","default_image_id":0,"font":"","enabled":false},"version":2}},"categories":[657],"tags":[11309,1471,8518,44,1240,800,37979,386],"class_list":["post-186973","post","type-post","status-publish","format-standard","has-post-thumbnail","hentry","category-spor","tag-bedir","tag-deniz","tag-erol","tag-icin","tag-son","tag-tarihi","tag-turuc","tag-verdi"],"jetpack_publicize_connections":[],"jetpack_featured_media_url":"https:\/\/i0.wp.com\/www.tvturk.com\/wp-content\/uploads\/2019\/07\/erol-bedir-deniz-turuc-icin-son-tarihi-verdi_fe25b4b.jpg?fit=1000%2C750","jetpack_sharing_enabled":true,"jetpack_shortlink":"https:\/\/wp.me\/paKIfm-MDH","_links":{"self":[{"href":"http:\/\/www.tvturk.com\/index.php\/wp-json\/wp\/v2\/posts\/186973","targetHints":{"allow":["GET"]}}],"collection":[{"href":"http:\/\/www.tvturk.com\/index.php\/wp-json\/wp\/v2\/posts"}],"about":[{"href":"http:\/\/www.tvturk.com\/index.php\/wp-json\/wp\/v2\/types\/post"}],"author":[{"embeddable":true,"href":"http:\/\/www.tvturk.com\/index.php\/wp-json\/wp\/v2\/users\/1"}],"replies":[{"embeddable":true,"href":"http:\/\/www.tvturk.com\/index.php\/wp-json\/wp\/v2\/comments?post=186973"}],"version-history":[{"count":0,"href":"http:\/\/www.tvturk.com\/index.php\/wp-json\/wp\/v2\/posts\/186973\/revisions"}],"wp:featuredmedia":[{"embeddable":true,"href":"http:\/\/www.tvturk.com\/index.php\/wp-json\/wp\/v2\/media\/186974"}],"wp:attachment":[{"href":"http:\/\/www.tvturk.com\/index.php\/wp-json\/wp\/v2\/media?parent=186973"}],"wp:term":[{"taxonomy":"category","embeddable":true,"href":"http:\/\/www.tvturk.com\/index.php\/wp-json\/wp\/v2\/categories?post=186973"},{"taxonomy":"post_tag","embeddable":true,"href":"http:\/\/www.tvturk.com\/index.php\/wp-json\/wp\/v2\/tags?post=186973"}],"curies":[{"name":"wp","href":"https:\/\/api.w.org\/{rel}","templated":true}]}}