{"id":186989,"date":"2019-07-27T10:31:57","date_gmt":"2019-07-27T07:31:57","guid":{"rendered":"http:\/\/www.tvturk.com\/index.php\/46-ulkeden-fotograf-kareleri-buyukcekmecede-sergilendi\/"},"modified":"2019-07-27T10:31:57","modified_gmt":"2019-07-27T07:31:57","slug":"46-ulkeden-fotograf-kareleri-buyukcekmecede-sergilendi","status":"publish","type":"post","link":"http:\/\/www.tvturk.com\/index.php\/46-ulkeden-fotograf-kareleri-buyukcekmecede-sergilendi\/","title":{"rendered":"46 \u00fclkeden foto\u011fraf kareleri B\u00fcy\u00fck\u00e7ekmece\u2019de sergilendi"},"content":{"rendered":"<p>20. Uluslararas\u0131 B\u00fcy\u00fck\u00e7ekmece K\u00fclt\u00fcr ve Sanat Festivali kapsam\u0131nda ger\u00e7ekle\u015ftirilen 10. Uluslararas\u0131 G\u00fcler Ertan Foto\u011fraf Yar\u0131\u015fmas\u0131\u2019nda dereceye giren foto\u011fraflar sergilendi.<\/p>\n<p>B\u00fcy\u00fck\u00e7ekmece Belediyesi Hizmet Binas\u0131 \u00f6n\u00fcndeki meydanda ger\u00e7ekle\u015ftirilen sergi a\u00e7\u0131l\u0131\u015f\u0131na sanatseverlerin ilgisi olduk\u00e7a yo\u011fundu. T\u00fcrkiye Foto\u011fraf Sanat\u0131 Federasyonu (TFST) onayl\u0131 yar\u0131\u015fmaya 46 \u00fclkeden bin 35 foto\u011fraf sanat\u00e7\u0131s\u0131 7 bin 861 foto\u011fraf ile yar\u0131\u015fmaya kat\u0131ld\u0131.<\/p>\n<p>Akg\u00fcn, ba\u015far\u0131l\u0131 foto\u011fraf\u00e7\u0131lar\u0131 tebrik etti<\/p>\n<p>B\u00fcy\u00fck\u00e7ekmece Belediyesi ile B\u00fcy\u00fck\u00e7ekmece Foto\u011fraf Derne\u011fi i\u015fbirli\u011fiyle ger\u00e7ekle\u015ftirilen yar\u0131\u015fmada bu y\u0131l \u201cRenkli Serbest, Siyah &#8211; Beyaz Serbest ve Okumak\u201d kategorileri olmak \u00fczere \u00fc\u00e7 farkl\u0131 tema se\u00e7ildi. Sergi a\u00e7\u0131l\u0131\u015f\u0131nda 10. G\u00fcler Ertan Foto\u011fraf Yar\u0131\u015fmas\u0131 hakk\u0131nda bilgi veren B\u00dcFOD Ba\u015fkan\u0131 H\u00fcrriyet Ak\u0131n, Belediye Ba\u015fkan\u0131 Dr. Hasan Akg\u00fcn\u2019e foto\u011fraf sanat\u0131na verdi\u011fi katk\u0131lardan dolay\u0131 te\u015fekk\u00fcr etti. Ba\u015fkan Akg\u00fcn\u2019de yapt\u0131\u011f\u0131 konu\u015fmada Uluslararas\u0131 B\u00fcy\u00fck\u00e7ekmece K\u00fclt\u00fcr ve Sanat Festivali\u2019nin en \u00f6nemli etkinliklerinden birinin Uluslararas\u0131 G\u00fcler Ertan Foto\u011fraf yar\u0131\u015fmas\u0131 oldu\u011funu s\u00f6yledi. Akg\u00fcn, yar\u0131\u015fmada dereceye giren foto\u011fraf\u00e7\u0131lar\u0131 da tebrik etti. Konu\u015fmalar\u0131n ard\u0131ndan serginin a\u00e7\u0131l\u0131\u015f kurdelas\u0131 B\u00fcy\u00fck\u00e7ekmece Belediye Ba\u015fkan\u0131 Dr. Hasan Akg\u00fcn, Uluslararas\u0131 Dans Festivalleri Federasyonu (FIDAF) 2. Ba\u015fkan\u0131 Hayri G\u00fcrhan Ozano\u011flu, Prof. G\u00fcler Ertan, B\u00dcFOD Ba\u015fkan\u0131 H\u00fcrriyet Ak\u0131n ve Foto\u011fraf Sanat\u00e7\u0131s\u0131 \u00c7o\u015fkun Aral taraf\u0131ndan kesildi.<\/p>\n","protected":false},"excerpt":{"rendered":"<p>20. ULUSLARARASI B\u00dcY\u00dcK\u00c7EKMECE K\u00dcLT\u00dcR VE SANAT FEST\u0130VAL\u0130 KAPSAMINDA GER\u00c7EKLE\u015eT\u0130R\u0130LEN 10. ULUSLARARASI G\u00dcLER ERTAN FOTO\u011eRAF YARI\u015eMASI\u2019NDA DERECEYE G\u0130REN FOTO\u011eRAFLAR SERG\u0130LEND\u0130.<\/p>\n","protected":false},"author":1,"featured_media":186990,"comment_status":"closed","ping_status":"open","sticky":false,"template":"","format":"standard","meta":{"jetpack_post_was_ever_published":false,"_jetpack_newsletter_access":"","_jetpack_dont_email_post_to_subs":false,"_jetpack_newsletter_tier_id":0,"_jetpack_memberships_contains_paywalled_content":false,"_jetpack_memberships_contains_paid_content":false,"footnotes":"","jetpack_publicize_message":"","jetpack_publicize_feature_enabled":true,"jetpack_social_post_already_shared":true,"jetpack_social_options":{"image_generator_settings":{"template":"highway","default_image_id":0,"font":"","enabled":false},"version":2}},"categories":[1],"tags":[5881,5874,44834,6654,5357],"class_list":["post-186989","post","type-post","status-publish","format-standard","has-post-thumbnail","hentry","category-genel","tag-buyukcekmecede","tag-fotograf","tag-kareleri","tag-sergilendi","tag-ulkeden"],"jetpack_publicize_connections":[],"jetpack_featured_media_url":"https:\/\/i0.wp.com\/www.tvturk.com\/wp-content\/uploads\/2019\/07\/46-ulkeden-fotograf-kareleri-buyukcekmecede-sergilendi_cea8526.jpg?fit=1000%2C666","jetpack_sharing_enabled":true,"jetpack_shortlink":"https:\/\/wp.me\/paKIfm-MDX","_links":{"self":[{"href":"http:\/\/www.tvturk.com\/index.php\/wp-json\/wp\/v2\/posts\/186989","targetHints":{"allow":["GET"]}}],"collection":[{"href":"http:\/\/www.tvturk.com\/index.php\/wp-json\/wp\/v2\/posts"}],"about":[{"href":"http:\/\/www.tvturk.com\/index.php\/wp-json\/wp\/v2\/types\/post"}],"author":[{"embeddable":true,"href":"http:\/\/www.tvturk.com\/index.php\/wp-json\/wp\/v2\/users\/1"}],"replies":[{"embeddable":true,"href":"http:\/\/www.tvturk.com\/index.php\/wp-json\/wp\/v2\/comments?post=186989"}],"version-history":[{"count":0,"href":"http:\/\/www.tvturk.com\/index.php\/wp-json\/wp\/v2\/posts\/186989\/revisions"}],"wp:featuredmedia":[{"embeddable":true,"href":"http:\/\/www.tvturk.com\/index.php\/wp-json\/wp\/v2\/media\/186990"}],"wp:attachment":[{"href":"http:\/\/www.tvturk.com\/index.php\/wp-json\/wp\/v2\/media?parent=186989"}],"wp:term":[{"taxonomy":"category","embeddable":true,"href":"http:\/\/www.tvturk.com\/index.php\/wp-json\/wp\/v2\/categories?post=186989"},{"taxonomy":"post_tag","embeddable":true,"href":"http:\/\/www.tvturk.com\/index.php\/wp-json\/wp\/v2\/tags?post=186989"}],"curies":[{"name":"wp","href":"https:\/\/api.w.org\/{rel}","templated":true}]}}