{"id":187015,"date":"2019-07-27T11:16:42","date_gmt":"2019-07-27T08:16:42","guid":{"rendered":"http:\/\/www.tvturk.com\/index.php\/gaziantepin-akcigerleri-onlara-emanet\/"},"modified":"2019-07-27T11:16:42","modified_gmt":"2019-07-27T08:16:42","slug":"gaziantepin-akcigerleri-onlara-emanet","status":"publish","type":"post","link":"http:\/\/www.tvturk.com\/index.php\/gaziantepin-akcigerleri-onlara-emanet\/","title":{"rendered":"Gaziantep\u2019in akci\u011ferleri onlara emanet"},"content":{"rendered":"<p>Gaziantep ormanlar\u0131 olu\u015fabilecek yang\u0131nlara an\u0131nda m\u00fcdahale edilebilmesi i\u00e7in 7 g\u00fcn 24 saat kulelerden g\u00f6zetleniyor.<\/p>\n<p>Yaz aylar\u0131nda havalar\u0131n\u0131n \u0131s\u0131nmas\u0131yla ormanl\u0131k alanlarda yang\u0131n sezonu da a\u00e7\u0131ld\u0131. Gaziantep Orman \u0130\u015fletme M\u00fcd\u00fcrl\u00fc\u011f\u00fc b\u00fcnyesinde bulunan 3 orman g\u00f6zetleme kulesinde orman memurlar\u0131 mesai yap\u0131yor. Gaziantep genelindeki 120 bin hektarl\u0131k ormanl\u0131k alan, 3 kuleden 7 g\u00fcn 24 saat orman memurlar\u0131 taraf\u0131ndan g\u00f6zetleniyor. Elinde d\u00fcrb\u00fcnle ormanl\u0131k alan\u0131 g\u00f6zetleyen orman memuru, olas\u0131 bir yang\u0131nda personellere bilgi vererek yang\u0131na an\u0131nda m\u00fcdahalede \u00f6nemli bir rol oynuyor. G\u00f6revini fedakarl\u0131k ve titizlikle yapan orman g\u00f6zetleme memurlar\u0131, kuleden kentteki ormanlar\u0131 7 g\u00fcn 24 saat boyunca g\u00f6zetliyor.<\/p>\n<p>\u201cGaziantep\u2019in akci\u011ferlerini koruyoruz\u201d<\/p>\n<p>Gaziantep\u2019te 112 bin hektar ormanl\u0131k alan\u0131n bulundu\u011funu belirten Gaziantep Orman \u0130\u015fletme M\u00fcd\u00fcr\u00fc K\u00f6ksal Kaya, kentin akci\u011ferlerini koruduklar\u0131n\u0131 s\u00f6yleyerek, \u201cGaziantep ilimizin yakla\u015f\u0131k 112 bin hektar orman alan\u0131 var. Bu orman alan\u0131n\u0131 i\u015fletme m\u00fcd\u00fcrl\u00fc\u011f\u00fcm\u00fcze ba\u011fl\u0131 toplam 3 adet kule ve 3 ilk m\u00fcdahale ekibimizle orman yang\u0131nlar\u0131na m\u00fcdahale ediyoruz. 12 adet yang\u0131na m\u00fcdahale arac\u0131m\u0131z mevcut. Ayn\u0131 zamanda bunlarla ilgili olarak \u00e7al\u0131\u015fan 50\u2019ye yak\u0131n personelimiz var. Haziran-Ekim aylar\u0131nda orman yang\u0131nlar\u0131yla m\u00fcdahale konusunda 24 saat esas\u0131na dayal\u0131 olarak ekiplerimiz n\u00f6betteler. Ayn\u0131 zamanda ALO 177 orman yang\u0131n\u0131 ihbar hatt\u0131m\u0131z var. Buradan gelen ihbarlar\u0131 ekiplerimiz 24 saat esas\u0131na dayanaraktan de\u011ferlendirmektedir ve en yak\u0131n orman ekibimizi oraya y\u00f6nlendirmektedir. \u015eu an i\u00e7erisinde bulundu\u011fumuz D\u00fcl\u00fckbaba ve Erik\u00e7e ormanlar\u0131 1952 y\u0131l\u0131nda insan eliyle dikilmeye ba\u015flanan T\u00fcrkiye\u2019nin ilk blok a\u011fa\u00e7land\u0131rma sahalar\u0131ndan bir tanesidir. Gaziantep\u2019in buras\u0131 akci\u011feridir. Bulundu\u011fumuz kuleyle yakla\u015f\u0131k 3 bin hektar orman alan\u0131n\u0131 kulemizde g\u00f6zetliyoruz. Gaziantep\u2019in akci\u011ferlerini korumaya \u00e7al\u0131\u015f\u0131yoruz\u201d dedi.<\/p>\n<p>Piknik\u00e7ilere uyar\u0131<\/p>\n<p>Orman yang\u0131nlar\u0131n\u0131n y\u00fczde 92 oran\u0131nda insan kaynakl\u0131 oldu\u011funu kaydeden Kaya, piknik yapanlar\u0131 uyararak \u015funlar\u0131 dedi:<\/p>\n<p>\u201cOrman yang\u0131nlar\u0131 maalesef y\u00fczde 92 oran\u0131nda insan kaynakl\u0131. \u0130nsan kaynakl\u0131 olmas\u0131ndan dolay\u0131 insanlar\u0131m\u0131z\u0131n piknik ate\u015finde duyarl\u0131 olmalar\u0131, an\u0131z yakmamalar\u0131, yakt\u0131klar\u0131 ate\u015fleri tedbirli yakmalar\u0131 bunun d\u0131\u015f\u0131nda da \u015fof\u00f6r arkada\u015flar\u0131m\u0131z\u0131n i\u00e7ti\u011fi sigaralar\u0131 ara\u00e7lardan atmamalar\u0131n\u0131 istiyoruz. Ormanlar\u0131m\u0131z kolay \u00fcretilmemektedir. Kolay bir \u015fekilde tesis edilmemektedir. Bu nedenle k\u00fc\u00e7\u00fck bir hatayla bu ormanlar\u0131m\u0131z zarar g\u00f6rebilmektedir. Bizin ricam\u0131z insanlar\u0131m\u0131z\u0131n bu konuda tedbirli olmalar\u0131.\u201d<\/p>\n<p>Ormanlar\u0131 koruyup, a\u011fa\u00e7land\u0131rma \u00e7al\u0131\u015fmalar\u0131 yap\u0131yorlar<\/p>\n<p>Kentteki ormanlar\u0131 b\u00fcy\u00fck \u00f6zveriyle koruduklar\u0131n\u0131 dile getiren Kaya, her y\u0131l bin 500 hektarl\u0131k alanda a\u011fa\u00e7land\u0131rma \u00e7al\u0131\u015fmalar\u0131 yapt\u0131klar\u0131n\u0131 ifade ederek, \u201c\u0130\u015fletme m\u00fcd\u00fcrl\u00fc\u011f\u00fc olarak biz orman alanlar\u0131n\u0131 hem koruyoruz hem de bunun d\u0131\u015f\u0131nda a\u011fa\u00e7land\u0131rma \u00e7al\u0131\u015fmalar\u0131 yap\u0131yoruz. Y\u0131ll\u0131k bin 500 hektar alanda a\u011fa\u00e7land\u0131rma \u00e7al\u0131\u015fmas\u0131 yap\u0131yoruz. Yapt\u0131\u011f\u0131m\u0131z a\u011fa\u00e7land\u0131rma \u00e7al\u0131\u015fmas\u0131nda a\u011f\u0131rl\u0131k olarak k\u0131z\u0131l\u00e7am, f\u0131st\u0131k \u00e7am oluyor ama bunlar\u0131n d\u0131\u015f\u0131nda da meyveli t\u00fcrler dedi\u011fimiz orman k\u00f6ylerimizi gelir getiren t\u00fcrleri de dikiyoruz. Antepf\u0131st\u0131\u011f\u0131, badem, ceviz gibi a\u011fa\u00e7lar da dikiyoruz. Bura da amac\u0131m\u0131z orman k\u00f6ylerin de geliri artt\u0131rmak. Dikti\u011fimiz bu meyveli t\u00fcrlerde ormanlar\u0131m\u0131zdaki yabani hayvanlarda besin olarak kullanabiliyor. Ayn\u0131 zamanda i\u015fletme m\u00fcd\u00fcrl\u00fc\u011f\u00fcm\u00fczde y\u0131ll\u0131k 1 bu\u00e7uk milyon t\u00fcpleme y\u00f6ntemiyle fidan \u00fcretiyoruz. \u00dcretilen bu fidanlar\u0131 da orman alanlar\u0131na dikiyoruz. Y\u0131lda yakla\u015f\u0131k 5 milyon fidan dikiyoruz\u201d \u015feklinde konu\u015ftu.<\/p>\n","protected":false},"excerpt":{"rendered":"<p>GAZ\u0130ANTEP ORMANLARI OLU\u015eAB\u0130LECEK YANGINLARA ANINDA M\u00dcDAHALE ED\u0130LEB\u0130LMES\u0130 \u0130\u00c7\u0130N 7 G\u00dcN 24 SAAT KULELERDEN G\u00d6ZETLEN\u0130YOR.<\/p>\n","protected":false},"author":1,"featured_media":187016,"comment_status":"closed","ping_status":"open","sticky":false,"template":"","format":"standard","meta":{"jetpack_post_was_ever_published":false,"_jetpack_newsletter_access":"","_jetpack_dont_email_post_to_subs":false,"_jetpack_newsletter_tier_id":0,"_jetpack_memberships_contains_paywalled_content":false,"_jetpack_memberships_contains_paid_content":false,"footnotes":"","jetpack_publicize_message":"","jetpack_publicize_feature_enabled":true,"jetpack_social_post_already_shared":true,"jetpack_social_options":{"image_generator_settings":{"template":"highway","default_image_id":0,"font":"","enabled":false},"version":2}},"categories":[1],"tags":[37744,9958,14766,9795],"class_list":["post-187015","post","type-post","status-publish","format-standard","has-post-thumbnail","hentry","category-genel","tag-akcigerleri","tag-emanet","tag-gaziantepin","tag-onlara"],"jetpack_publicize_connections":[],"jetpack_featured_media_url":"https:\/\/i0.wp.com\/www.tvturk.com\/wp-content\/uploads\/2019\/07\/gaziantepin-akcigerleri-onlara-emanet_d4b96d8.jpg?fit=1000%2C666","jetpack_sharing_enabled":true,"jetpack_shortlink":"https:\/\/wp.me\/paKIfm-MEn","_links":{"self":[{"href":"http:\/\/www.tvturk.com\/index.php\/wp-json\/wp\/v2\/posts\/187015","targetHints":{"allow":["GET"]}}],"collection":[{"href":"http:\/\/www.tvturk.com\/index.php\/wp-json\/wp\/v2\/posts"}],"about":[{"href":"http:\/\/www.tvturk.com\/index.php\/wp-json\/wp\/v2\/types\/post"}],"author":[{"embeddable":true,"href":"http:\/\/www.tvturk.com\/index.php\/wp-json\/wp\/v2\/users\/1"}],"replies":[{"embeddable":true,"href":"http:\/\/www.tvturk.com\/index.php\/wp-json\/wp\/v2\/comments?post=187015"}],"version-history":[{"count":0,"href":"http:\/\/www.tvturk.com\/index.php\/wp-json\/wp\/v2\/posts\/187015\/revisions"}],"wp:featuredmedia":[{"embeddable":true,"href":"http:\/\/www.tvturk.com\/index.php\/wp-json\/wp\/v2\/media\/187016"}],"wp:attachment":[{"href":"http:\/\/www.tvturk.com\/index.php\/wp-json\/wp\/v2\/media?parent=187015"}],"wp:term":[{"taxonomy":"category","embeddable":true,"href":"http:\/\/www.tvturk.com\/index.php\/wp-json\/wp\/v2\/categories?post=187015"},{"taxonomy":"post_tag","embeddable":true,"href":"http:\/\/www.tvturk.com\/index.php\/wp-json\/wp\/v2\/tags?post=187015"}],"curies":[{"name":"wp","href":"https:\/\/api.w.org\/{rel}","templated":true}]}}