{"id":187067,"date":"2019-07-27T13:01:51","date_gmt":"2019-07-27T10:01:51","guid":{"rendered":"http:\/\/www.tvturk.com\/index.php\/sicaktan-bunalan-uludaga-kacti\/"},"modified":"2019-07-27T13:01:51","modified_gmt":"2019-07-27T10:01:51","slug":"sicaktan-bunalan-uludaga-kacti","status":"publish","type":"post","link":"http:\/\/www.tvturk.com\/index.php\/sicaktan-bunalan-uludaga-kacti\/","title":{"rendered":"S\u0131caktan bunalan Uluda\u011f\u2019a ka\u00e7t\u0131"},"content":{"rendered":"<p>Bursa\u2019da hava s\u0131cakl\u0131\u011f\u0131n\u0131n 32 dereceyi g\u00f6rmesi \u00fczerine \u015fehir merkezinde neminde etkisiyle bunalan vatanda\u015flar Uluda\u011f\u2019a pikni\u011fe ve kamp kurmaya gitti.<\/p>\n<p>Uluda\u011f\u2019\u0131n eteklerindeki bin rak\u0131ml\u0131 k\u00f6ylerde hava s\u0131cakl\u0131\u011f\u0131 8 derece serinlerken, nemin olmamas\u0131 sebebiyle \u015fehre g\u00f6re 12 derece daha serinlik hissediliyor. Bin 800 rak\u0131ml\u0131 Uluda\u011f Milli Park b\u00f6lgesindeki Sar\u0131alan ve \u00c7obankaya kamp alanlar\u0131nda ise s\u0131cakl\u0131k normal \u00f6l\u00e7\u00fcmlere g\u00f6re 11 derece, nem dikkate al\u0131nd\u0131\u011f\u0131nda 15-16 derece daha serin oluyor. \u00d6zellikle hafta sonu tatilini f\u0131rsat bilen Bursal\u0131 ve \u0130stanbullular Uluda\u011f\u2019a \u00e7ad\u0131r kamp\u0131 kuruyor. Arabalar\u0131n bagajlar\u0131na koyduklar\u0131 kamp malzemeleriyle Uluda\u011f Milli Park\u0131na gelen tabiat severler, k\u00f6knar ve \u00e7am ormanlar\u0131n\u0131n i\u00e7inde Milli Park M\u00fcd\u00fcrl\u00fc\u011f\u00fc\u2019n\u00fcn belirledi\u011fi \u00e7ad\u0131r kamp alanlar\u0131na g\u00fcnl\u00fc\u011f\u00fc 25 TL\u2019den \u00f6deme yaparak \u00e7ad\u0131rlar\u0131n\u0131 kurabiliyor. Sabah\u0131n erken saatlerinde kahvalt\u0131lar\u0131n\u0131 yapmak i\u00e7in Uluda\u011f\u2019a \u00e7\u0131kan kamp\u00e7\u0131lar ise, \u00f6\u011flende de \u00e7ad\u0131rlar\u0131n\u0131 kurarak i\u00e7erisini d\u00fczenliyor. Cumartesi ak\u015famlar\u0131 \u00e7ad\u0131rlar\u0131nda kalan do\u011faseverler g\u00fcnd\u00fcz, Softabo\u011fan Deresi\u2019ndeki Dombay \u00e7ukurundaki koyun havuzlar\u0131 ve \u015felale mevkinde buz gibi kar sular\u0131nda y\u00fcz\u00fcyorlar. Saat 12.00 ile 15.00 aras\u0131nda suya girilen bu b\u00f6lgelerde merakl\u0131lar\u0131n \u00e7elikleme denilen so\u011fuk suyla v\u00fccut diren\u00e7lerini artt\u0131r\u0131yorlar. Ak\u015famlar\u0131 ise, kamp alanlar\u0131ndaki uygun yerlerde ate\u015fler yakarak \u0131s\u0131nmaya \u00e7al\u0131\u015fan kamp\u00e7\u0131lar insanlar\u0131n \u015fehirde s\u0131caktan uyuyamad\u0131\u011f\u0131 saatlerde uyku tulumlar\u0131na girerek, uyuyor. Da\u011fdaki ilk gece, oksijen azl\u0131\u011f\u0131 ve temiz hava sebebiyle baz\u0131 b\u00fcnyeler uykuya dalmakta g\u00fc\u00e7l\u00fck \u00e7ekiyor. Ancak bu durum ikinci geceden itibaren v\u00fccudun al\u0131\u015fmas\u0131 ile normale d\u00f6n\u00fcyor.<\/p>\n<p>\u00c7ocuklar keyfini \u00e7\u0131kart\u0131yor<\/p>\n<p>Uluda\u011f\u2019\u0131n ve orman\u0131n keyfini ise en \u00e7ok \u00e7ocuklar \u00e7\u0131kart\u0131yor. Bisikletleri ile ormandaki patikalara dalan gen\u00e7ler \u00c7obankaya, Y\u0131lanl\u0131kaya gibi mevkilere t\u0131rmanarak Uluda\u011f\u2019\u0131 eskiden ke\u015fif da\u011f\u0131 dedi\u011fi Uluda\u011f\u2019\u0131 b\u00fct\u00fcn yerleri ile g\u00f6r\u00fcyorlar. Ayr\u0131ca \u00c7obankaya ve Sar\u0131alan\u2019da y\u0131l\u0131n 4 ay\u0131 \u00e7ad\u0131r ve barakalarda kalan \u00e7ok say\u0131da m\u00fcdavinde kanlar\u0131n\u0131n (alyuvarlar\u0131n\u0131n) yenilendi\u011fini ve sa\u011fl\u0131k buldu\u011funu ifade ediyorlar. Uluda\u011f\u2019da Sar\u0131alan-\u00c7obankaya, Sar\u0131alan-oteller, maden-rasat d\u00fczl\u00fc\u011f\u00fc, rasat d\u00fczl\u00fc\u011f\u00fc-g\u00f6ller, rasat d\u00fczl\u00fc\u011f\u00fc-zirve, maden-Cumal\u0131k\u0131z\u0131k, \u00c7obankaya-Erikli yayla gibi patikalar bulunuyor. Ayr\u0131ca baz\u0131 oteller hizmet veriyor. Alternatifi olarak orman\u0131n i\u00e7erisindeki a\u011fa\u00e7 evlerde geceli\u011fi 40 TL\u2019ye kalmak m\u00fcmk\u00fcn.<\/p>\n","protected":false},"excerpt":{"rendered":"<p>BURSA\u2019DA HAVA SICAKLI\u011eININ 32 DERECEY\u0130 G\u00d6RMES\u0130 \u00dcZER\u0130NE \u015eEH\u0130R MERKEZ\u0130NDE NEM\u0130NDE ETK\u0130S\u0130YLE BUNALAN VATANDA\u015eLAR ULUDA\u011e\u2019A P\u0130KN\u0130\u011eE VE KAMP KURMAYA G\u0130TT\u0130.<\/p>\n","protected":false},"author":1,"featured_media":187068,"comment_status":"closed","ping_status":"open","sticky":false,"template":"","format":"standard","meta":{"jetpack_post_was_ever_published":false,"_jetpack_newsletter_access":"","_jetpack_dont_email_post_to_subs":false,"_jetpack_newsletter_tier_id":0,"_jetpack_memberships_contains_paywalled_content":false,"_jetpack_memberships_contains_paid_content":false,"footnotes":"","jetpack_publicize_message":"","jetpack_publicize_feature_enabled":true,"jetpack_social_post_already_shared":true,"jetpack_social_options":{"image_generator_settings":{"template":"highway","default_image_id":0,"font":"","enabled":false},"version":2}},"categories":[1],"tags":[37503,4907,37502,2356],"class_list":["post-187067","post","type-post","status-publish","format-standard","has-post-thumbnail","hentry","category-genel","tag-bunalan","tag-kacti","tag-sicaktan","tag-uludaga"],"jetpack_publicize_connections":[],"jetpack_featured_media_url":"https:\/\/i0.wp.com\/www.tvturk.com\/wp-content\/uploads\/2019\/07\/sicaktan-bunalan-uludaga-kacti_100a295.jpg?fit=1000%2C750","jetpack_sharing_enabled":true,"jetpack_shortlink":"https:\/\/wp.me\/paKIfm-MFd","_links":{"self":[{"href":"http:\/\/www.tvturk.com\/index.php\/wp-json\/wp\/v2\/posts\/187067","targetHints":{"allow":["GET"]}}],"collection":[{"href":"http:\/\/www.tvturk.com\/index.php\/wp-json\/wp\/v2\/posts"}],"about":[{"href":"http:\/\/www.tvturk.com\/index.php\/wp-json\/wp\/v2\/types\/post"}],"author":[{"embeddable":true,"href":"http:\/\/www.tvturk.com\/index.php\/wp-json\/wp\/v2\/users\/1"}],"replies":[{"embeddable":true,"href":"http:\/\/www.tvturk.com\/index.php\/wp-json\/wp\/v2\/comments?post=187067"}],"version-history":[{"count":0,"href":"http:\/\/www.tvturk.com\/index.php\/wp-json\/wp\/v2\/posts\/187067\/revisions"}],"wp:featuredmedia":[{"embeddable":true,"href":"http:\/\/www.tvturk.com\/index.php\/wp-json\/wp\/v2\/media\/187068"}],"wp:attachment":[{"href":"http:\/\/www.tvturk.com\/index.php\/wp-json\/wp\/v2\/media?parent=187067"}],"wp:term":[{"taxonomy":"category","embeddable":true,"href":"http:\/\/www.tvturk.com\/index.php\/wp-json\/wp\/v2\/categories?post=187067"},{"taxonomy":"post_tag","embeddable":true,"href":"http:\/\/www.tvturk.com\/index.php\/wp-json\/wp\/v2\/tags?post=187067"}],"curies":[{"name":"wp","href":"https:\/\/api.w.org\/{rel}","templated":true}]}}