{"id":187073,"date":"2019-07-27T13:31:56","date_gmt":"2019-07-27T10:31:56","guid":{"rendered":"http:\/\/www.tvturk.com\/index.php\/umkenin-tatbikati-nefes-kesti\/"},"modified":"2019-07-27T13:31:56","modified_gmt":"2019-07-27T10:31:56","slug":"umkenin-tatbikati-nefes-kesti","status":"publish","type":"post","link":"http:\/\/www.tvturk.com\/index.php\/umkenin-tatbikati-nefes-kesti\/","title":{"rendered":"UMKE\u2019nin tatbikat\u0131 nefes kesti"},"content":{"rendered":"<p>81 ilde faaliyet y\u00fcr\u00fcten Ulusal Medikal Kurtarma (UMKE) ekipleri taraf\u0131ndan Malatya\u2019da yap\u0131lan tatbikat ger\u00e7e\u011fini aratmad\u0131. Ana temas\u0131 deprem olan tatbikat nefesleri kesti.<\/p>\n<p>Afete m\u00fcdahale kapasitesinin art\u0131r\u0131lmas\u0131, mevcut bilgi ve becerilerinin geli\u015ftirilmesi ve di\u011fer kurum ve kurulu\u015flar ile ortak \u00e7al\u0131\u015fma ortam\u0131n\u0131n sa\u011flanabilmesi amac\u0131yla d\u00fczenlenen 8. Ulusal UMKE tatbikat\u0131 Malatya \u015eeker Fabrikas\u0131 yerle\u015fkesinde yap\u0131ld\u0131.<\/p>\n<p>Acil Sa\u011fl\u0131k Hizmetleri Genel M\u00fcd\u00fcrl\u00fc\u011f\u00fc taraf\u0131ndan planlanan ve \u0130l Sa\u011fl\u0131k M\u00fcd\u00fcrl\u00fc\u011f\u00fc taraf\u0131ndan koordine edilen tatbikat, 500 UMKE ve 36 destek personeli ile 79 tam donan\u0131ml\u0131 UMKE arac\u0131, 29 tam donan\u0131ml\u0131 ambulans, 9 Mobil Komuta Arac\u0131, 2 helikopter, 1 hava ambulans\u0131 ve 10 hizmet arac\u0131yla di\u011fer payda\u015f kurum ve kurulu\u015flardan m\u00fcdahale ekipleri, \u0130slam \u0130\u015f Birli\u011fi Te\u015fkilat\u0131 (\u0130\u0130T) ve D\u00fcnya Sa\u011fl\u0131k \u00d6rg\u00fct\u00fc (DS\u00d6) temsilcilerinin kat\u0131l\u0131mlar\u0131 ger\u00e7ekle\u015ftirildi. Tatbikat \u00f6ncesi bir konu\u015fma yapan Sa\u011fl\u0131k Bakan\u0131 Yar\u0131mc\u0131s\u0131 Dr. \u015euayip Birinci tatbikat\u0131n Malatya\u2019da olmas\u0131ndan b\u00fcy\u00fck bir keyif duydu\u011funu belirterek, 2004 y\u0131l\u0131nda kurulan UMKE\u2019nin 12 bin g\u00f6n\u00fcll\u00fcyle hizmet verdi\u011fini s\u00f6yledi. Tatbikat\u0131n ana temas\u0131n\u0131n deprem oldu\u011funu aktaran Birinci, ama\u00e7lar\u0131n\u0131n olas\u0131 bir depremde \u00e7ok k\u0131sa bir s\u00fcrede UMKE ve sa\u011fl\u0131k ekiplerini haz\u0131r hale getirmek oldu\u011funu ifade etti. Bakan Yard\u0131mc\u0131s\u0131 Birinci daha sonra tatbikat ba\u015flama anonsunu yapt\u0131. Anonsun ard\u0131ndan senaryo gere\u011fi 7,2 b\u00fcy\u00fckl\u00fc\u011f\u00fcndeki deprem meydana geldi. Tatbikatta deprem sonras\u0131 meydana gelen, \u015feker fabrikas\u0131 yerle\u015fkesi i\u00e7erisinde kimyasal tank\u0131n devrilmesi,  y\u00fcksek bir kule \u00fczerinde \u00e7al\u0131\u015fan bir ki\u015finin d\u00fc\u015fmesi, Ak\u00e7ada\u011f il\u00e7esi Levent Vadisi Kanyonunda kayal\u0131klar \u00fczerinden 1 ki\u015finin d\u00fc\u015fmesi, Battalgazi il\u00e7esi Beyda\u011f\u0131 Mahallesinde \u00e7ok say\u0131da evin y\u0131k\u0131lmas\u0131 ve bir binada yang\u0131n \u00e7\u0131kmas\u0131, Ye\u015filyurt il\u00e7esi Ye\u015filtepe mevkisi Demiryollar\u0131 \u0130\u015fletme M\u00fcd\u00fcrl\u00fc\u011f\u00fc \u00f6n\u00fcnde yolcu treninin yanmas\u0131 ve bir vagonun devrilmesi, Ye\u015filyurt il\u00e7esi Beylerderesi mevkii viyad\u00fck yan yolunda zincirleme trafik kazas\u0131 meydana gelmesi, Ye\u015filyurt il\u00e7esinde bulunan Malatya E\u011fitim Ara\u015ft\u0131rma Hastanesi Beyda\u011f\u0131 Kamp\u00fcs\u00fc Kad\u0131n Do\u011fum ve \u00c7ocuk Hastanesi binas\u0131nda hastalar\u0131n tahliyesi gibi senaryolar i\u015flendi.<\/p>\n<p>Meydana gelen olaylarda yaral\u0131lara acil m\u00fcdahalede bulunularak yaral\u0131lar\u0131n k\u0131sa s\u00fcrede hastanelere sevki sa\u011fland\u0131.<\/p>\n<p>Ger\u00e7e\u011fini aratmayan tatbikat nefesleri keserken UMKE ve sa\u011fl\u0131k ekiplerinin manevra kabiliyeti ve yararl\u0131lara m\u00fcdahale h\u0131z\u0131 takdir toplad\u0131.<\/p>\n","protected":false},"excerpt":{"rendered":"<p>81 \u0130LDE FAAL\u0130YET Y\u00dcR\u00dcTEN ULUSAL MED\u0130KAL KURTARMA (UMKE) EK\u0130PLER\u0130 TARAFINDAN MALATYA\u2019DA YAPILAN TATB\u0130KAT GER\u00c7E\u011e\u0130N\u0130 ARATMADI. ANA TEMASI DEPREM OLAN TATB\u0130KAT NEFESLER\u0130 KEST\u0130.<\/p>\n","protected":false},"author":1,"featured_media":187074,"comment_status":"closed","ping_status":"open","sticky":false,"template":"","format":"standard","meta":{"jetpack_post_was_ever_published":false,"_jetpack_newsletter_access":"","_jetpack_dont_email_post_to_subs":false,"_jetpack_newsletter_tier_id":0,"_jetpack_memberships_contains_paywalled_content":false,"_jetpack_memberships_contains_paid_content":false,"footnotes":"","jetpack_publicize_message":"","jetpack_publicize_feature_enabled":true,"jetpack_social_post_already_shared":true,"jetpack_social_options":{"image_generator_settings":{"template":"highway","default_image_id":0,"font":"","enabled":false},"version":2}},"categories":[1],"tags":[224,223,222,46532],"class_list":["post-187073","post","type-post","status-publish","format-standard","has-post-thumbnail","hentry","category-genel","tag-kesti","tag-nefes","tag-tatbikati","tag-umkenin"],"jetpack_publicize_connections":[],"jetpack_featured_media_url":"https:\/\/i0.wp.com\/www.tvturk.com\/wp-content\/uploads\/2019\/07\/umkenin-tatbikati-nefes-kesti_19251a1.jpg?fit=1000%2C666","jetpack_sharing_enabled":true,"jetpack_shortlink":"https:\/\/wp.me\/paKIfm-MFj","_links":{"self":[{"href":"http:\/\/www.tvturk.com\/index.php\/wp-json\/wp\/v2\/posts\/187073","targetHints":{"allow":["GET"]}}],"collection":[{"href":"http:\/\/www.tvturk.com\/index.php\/wp-json\/wp\/v2\/posts"}],"about":[{"href":"http:\/\/www.tvturk.com\/index.php\/wp-json\/wp\/v2\/types\/post"}],"author":[{"embeddable":true,"href":"http:\/\/www.tvturk.com\/index.php\/wp-json\/wp\/v2\/users\/1"}],"replies":[{"embeddable":true,"href":"http:\/\/www.tvturk.com\/index.php\/wp-json\/wp\/v2\/comments?post=187073"}],"version-history":[{"count":0,"href":"http:\/\/www.tvturk.com\/index.php\/wp-json\/wp\/v2\/posts\/187073\/revisions"}],"wp:featuredmedia":[{"embeddable":true,"href":"http:\/\/www.tvturk.com\/index.php\/wp-json\/wp\/v2\/media\/187074"}],"wp:attachment":[{"href":"http:\/\/www.tvturk.com\/index.php\/wp-json\/wp\/v2\/media?parent=187073"}],"wp:term":[{"taxonomy":"category","embeddable":true,"href":"http:\/\/www.tvturk.com\/index.php\/wp-json\/wp\/v2\/categories?post=187073"},{"taxonomy":"post_tag","embeddable":true,"href":"http:\/\/www.tvturk.com\/index.php\/wp-json\/wp\/v2\/tags?post=187073"}],"curies":[{"name":"wp","href":"https:\/\/api.w.org\/{rel}","templated":true}]}}