{"id":187087,"date":"2019-07-27T13:46:43","date_gmt":"2019-07-27T10:46:43","guid":{"rendered":"http:\/\/www.tvturk.com\/index.php\/ulastirma-ve-altyapi-bakani-turhan-izmir-istanbul-otoyolunu-inceledi\/"},"modified":"2019-07-27T13:46:43","modified_gmt":"2019-07-27T10:46:43","slug":"ulastirma-ve-altyapi-bakani-turhan-izmir-istanbul-otoyolunu-inceledi","status":"publish","type":"post","link":"http:\/\/www.tvturk.com\/index.php\/ulastirma-ve-altyapi-bakani-turhan-izmir-istanbul-otoyolunu-inceledi\/","title":{"rendered":"Ula\u015ft\u0131rma ve Altyap\u0131 Bakan\u0131 Turhan, \u0130zmir-\u0130stanbul Otoyolunu inceledi"},"content":{"rendered":"<p>Ula\u015ft\u0131rma ve Altyap\u0131 Bakan\u0131 Mehmet Cahit Turhan, \u0130zmir-\u0130stanbul Otoyolu\u2019nun Akhisar-K\u0131rka\u011fa\u00e7 ve Soma kesiminde incelemelerde bulundu.<\/p>\n<p>\u0130zmir Adnan Menderes Havaliman\u0131\u2019ndan karayoluyla Manisa\u2019n\u0131n Akhisar il\u00e7esine ge\u00e7en Bakan Turhan\u2019\u0131 Manisa Vali Vekili Hasan Volkan K\u00f6ksal ve \u0130l Emniyet M\u00fcd\u00fcr\u00fc Fevzi Bilgi\u00e7 Akhisar gi\u015felerinde kar\u015f\u0131lad\u0131. \u0130zmir-\u0130stanbul Otoyolu\u2019nun yap\u0131m a\u015famas\u0131nda sona gelinen b\u00f6l\u00fcmlerinde incelemelerde bulunan Bakan Turhan, Vali Vekili Hasan Volkan K\u00f6ksal ve karayollar\u0131 yetkililerinden \u00e7al\u0131\u015fmalardaki son durum hakk\u0131nda bilgi ald\u0131.<\/p>\n<p>Bakan Turhan daha sonra otoyolundan K\u0131rka\u011fa\u00e7 ve Soma istikametine do\u011fru hareket etti. Manisa il s\u0131n\u0131r\u0131 bitiminde AK Parti Manisa Milletvekili U\u011fur Aydemir ile bir s\u00fcre sohbet eden Bakan Turhan\u2019\u0131n g\u00fcn i\u00e7erisinde otoyolun Bal\u0131kesir ve Bursa kesimlerinde de incelemelerde bulunaca\u011f\u0131 ve projenin son durumuyla ilgili Bal\u0131kesir\u2019de a\u00e7\u0131klamalar yapaca\u011f\u0131 bildirildi.<\/p>\n","protected":false},"excerpt":{"rendered":"<p>ULA\u015eTIRMA VE ALTYAPI BAKANI MEHMET CAH\u0130T TURHAN, \u0130ZM\u0130R-\u0130STANBUL OTOYOLU&#8217;NUN AKH\u0130SAR-KIRKA\u011eA\u00c7 VE SOMA KES\u0130M\u0130NDE \u0130NCELEMELERDE BULUNDU.<\/p>\n","protected":false},"author":1,"featured_media":187088,"comment_status":"closed","ping_status":"open","sticky":false,"template":"","format":"standard","meta":{"jetpack_post_was_ever_published":false,"_jetpack_newsletter_access":"","_jetpack_dont_email_post_to_subs":false,"_jetpack_newsletter_tier_id":0,"_jetpack_memberships_contains_paywalled_content":false,"_jetpack_memberships_contains_paid_content":false,"footnotes":"","jetpack_publicize_message":"","jetpack_publicize_feature_enabled":true,"jetpack_social_post_already_shared":true,"jetpack_social_options":{"image_generator_settings":{"template":"highway","default_image_id":0,"font":"","enabled":false},"version":2}},"categories":[1],"tags":[932,933,311,46539,42805,934,931],"class_list":["post-187087","post","type-post","status-publish","format-standard","has-post-thumbnail","hentry","category-genel","tag-altyapi","tag-bakani","tag-inceledi","tag-izmir-istanbul","tag-otoyolunu","tag-turhan","tag-ulastirma"],"jetpack_publicize_connections":[],"jetpack_featured_media_url":"https:\/\/i0.wp.com\/www.tvturk.com\/wp-content\/uploads\/2019\/07\/ulastirma-ve-altyapi-bakani-turhan-izmir-istanbul-otoyolunu-inceledi_babae15.jpg?fit=1000%2C666","jetpack_sharing_enabled":true,"jetpack_shortlink":"https:\/\/wp.me\/paKIfm-MFx","_links":{"self":[{"href":"http:\/\/www.tvturk.com\/index.php\/wp-json\/wp\/v2\/posts\/187087","targetHints":{"allow":["GET"]}}],"collection":[{"href":"http:\/\/www.tvturk.com\/index.php\/wp-json\/wp\/v2\/posts"}],"about":[{"href":"http:\/\/www.tvturk.com\/index.php\/wp-json\/wp\/v2\/types\/post"}],"author":[{"embeddable":true,"href":"http:\/\/www.tvturk.com\/index.php\/wp-json\/wp\/v2\/users\/1"}],"replies":[{"embeddable":true,"href":"http:\/\/www.tvturk.com\/index.php\/wp-json\/wp\/v2\/comments?post=187087"}],"version-history":[{"count":0,"href":"http:\/\/www.tvturk.com\/index.php\/wp-json\/wp\/v2\/posts\/187087\/revisions"}],"wp:featuredmedia":[{"embeddable":true,"href":"http:\/\/www.tvturk.com\/index.php\/wp-json\/wp\/v2\/media\/187088"}],"wp:attachment":[{"href":"http:\/\/www.tvturk.com\/index.php\/wp-json\/wp\/v2\/media?parent=187087"}],"wp:term":[{"taxonomy":"category","embeddable":true,"href":"http:\/\/www.tvturk.com\/index.php\/wp-json\/wp\/v2\/categories?post=187087"},{"taxonomy":"post_tag","embeddable":true,"href":"http:\/\/www.tvturk.com\/index.php\/wp-json\/wp\/v2\/tags?post=187087"}],"curies":[{"name":"wp","href":"https:\/\/api.w.org\/{rel}","templated":true}]}}