{"id":187091,"date":"2019-07-27T13:46:52","date_gmt":"2019-07-27T10:46:52","guid":{"rendered":"http:\/\/www.tvturk.com\/index.php\/benim-odullerimi-verin-diyen-14-yasindaki-ilayda-kdkya-basvurdu\/"},"modified":"2019-07-27T13:46:52","modified_gmt":"2019-07-27T10:46:52","slug":"benim-odullerimi-verin-diyen-14-yasindaki-ilayda-kdkya-basvurdu","status":"publish","type":"post","link":"http:\/\/www.tvturk.com\/index.php\/benim-odullerimi-verin-diyen-14-yasindaki-ilayda-kdkya-basvurdu\/","title":{"rendered":"\u201cBenim \u00f6d\u00fcllerimi verin\u201d diyen 14 ya\u015f\u0131ndaki \u0130layda, KDK\u2019ya ba\u015fvurdu"},"content":{"rendered":"<p>Samsunlu 14 ya\u015f\u0131ndaki \u0130layda, resim yar\u0131\u015fmalar\u0131nda kazand\u0131\u011f\u0131 d\u00fcnya dereceleri kar\u015f\u0131l\u0131\u011f\u0131nda kendisine verilecek alt\u0131nlar\u0131n verilmedi\u011fini iddia ederek, Kamu Denet\u00e7ili\u011fi Kurumu\u2019na (KDK) ba\u015fvurdu.<\/p>\n<p>Anadolu Lisesi \u00f6\u011frencisi \u0130layda, \u201cResim benim her \u015feyim, \u00e7ocuklu\u011fumdan bu yana tuval ba\u015f\u0131nday\u0131m. Resim yapmay\u0131 \u00e7ok seviyorum. Onlarca yar\u0131\u015fmaya kat\u0131ld\u0131m, \u00e7o\u011funda ilk \u00fc\u00e7e girdim. Geceler boyu uyumuyor resim yap\u0131yorum ama bu s\u0131ralar b\u00fcy\u00fck bir \u00fcz\u00fcnt\u00fcm var. Kazand\u0131\u011f\u0131m \u00f6d\u00fcllerimi bir t\u00fcrl\u00fc bana vermiyorlar\u201d dedi.<\/p>\n<p>\u0130layda \u201c2016\u2019da Azerbaycan Uluslararas\u0131 Resim Yar\u0131\u015fmas\u0131\u2019nda kendi ya\u015f grubumda d\u00fcnya birincisi oldum. Diplomam ve madalyam\u0131 T\u00fcrk b\u00fcy\u00fckel\u00e7ili\u011fi bize ula\u015ft\u0131rd\u0131. 2017\u2019de yine D\u00fcnya Resim Yar\u0131\u015fmas\u0131\u2019nda d\u00fcnya birincisi oldum. 2019\u2019da Mizyal Art resim yar\u0131\u015fmas\u0131nda d\u00fcnya ikincisi oldum. T\u00fcm d\u00fcnya g\u00f6\u011fs\u00fcmde ta\u015f\u0131d\u0131\u011f\u0131m T\u00fcrk bayra\u011f\u0131 ile beni alk\u0131\u015fl\u0131yor ama ben \u00f6d\u00fcllerimi hala alamad\u0131m. Resmi tebli\u011fe g\u00f6re yar\u0131\u015fma ba\u015f\u0131na 2 Cumhuriyet alt\u0131n\u0131 vermeleri gerekir. Benim almam gereken 6 tane alt\u0131n\u0131m var ama ilgili kurumlar sessiz kal\u0131yor, bizlere gerek\u00e7e sunam\u0131yorlar. Ka\u00e7 y\u0131l oldu \u00f6d\u00fcllerimi bekliyorum, ben \u00f6\u011frenciyim onunla boya ve resim malzemeleri alaca\u011f\u0131m, hayallerime yat\u0131r\u0131m yapaca\u011f\u0131m. Bu durum beni \u00e7ok \u00fcz\u00fcyor, hakk\u0131m\u0131 istiyorum\u201d diyerek KDK\u2019ya ba\u015fvurdu.<\/p>\n<p>\u201cO resimleri yapmak i\u00e7in gece yar\u0131s\u0131na kadar uyumad\u0131m\u201d<\/p>\n<p>\u0130layda resim yar\u0131\u015fmalar\u0131ndaki dereceleri kar\u015f\u0131l\u0131\u011f\u0131nda bekleyip alamad\u0131\u011f\u0131 Cumhuriyet alt\u0131nlar\u0131 y\u00fcz\u00fcnden resme ve sanata k\u00fcsme noktas\u0131na geldi\u011fini s\u00f6yledi. \u201cSanatsever bir Milli E\u011fitim Bakan\u0131na sahip olan bir \u00fclke olmam\u0131za ra\u011fmen beni bekletiyorlar\u201d diyen 10. s\u0131n\u0131f \u00f6\u011frencisi KDK\u2019dan yard\u0131m istedi.<\/p>\n<p>Eme\u011finin kar\u015f\u0131l\u0131\u011f\u0131nda kazand\u0131\u011f\u0131 alt\u0131nlarla alaca\u011f\u0131 \u015feylerin hayalini kurdu\u011funu ve T\u00fcrkiye\u2019ye bu alanda temsil eden iyi bir ressam olarak yeni ba\u015far\u0131lara imza atmak istedi\u011fini s\u00f6yleyen \u0130layda\u2019n\u0131n ba\u015fvurusu KDK taraf\u0131ndan incelenmek \u00fczere i\u015fleme al\u0131nd\u0131.<\/p>\n","protected":false},"excerpt":{"rendered":"<p>SAMSUNLU 14 YA\u015eINDAK\u0130 \u0130LAYDA, RES\u0130M YARI\u015eMALARINDA KAZANDI\u011eI D\u00dcNYA DERECELER\u0130 KAR\u015eILI\u011eINDA KEND\u0130S\u0130NE VER\u0130LECEK ALTINLARIN VER\u0130LMED\u0130\u011e\u0130N\u0130 \u0130DD\u0130A EDEREK KAMU DENET\u00c7\u0130L\u0130\u011e\u0130 KURUMU\u2019NA (KDK) BA\u015eVURDU.<\/p>\n","protected":false},"author":1,"featured_media":187092,"comment_status":"closed","ping_status":"open","sticky":false,"template":"","format":"standard","meta":{"jetpack_post_was_ever_published":false,"_jetpack_newsletter_access":"","_jetpack_dont_email_post_to_subs":false,"_jetpack_newsletter_tier_id":0,"_jetpack_memberships_contains_paywalled_content":false,"_jetpack_memberships_contains_paid_content":false,"footnotes":"","jetpack_publicize_message":"","jetpack_publicize_feature_enabled":true,"jetpack_social_post_already_shared":true,"jetpack_social_options":{"image_generator_settings":{"template":"highway","default_image_id":0,"font":"","enabled":false},"version":2}},"categories":[1],"tags":[9029,13964,4672,24326,29170,46540,6306,1063],"class_list":["post-187091","post","type-post","status-publish","format-standard","has-post-thumbnail","hentry","category-genel","tag-basvurdu","tag-benim","tag-diyen","tag-ilayda","tag-kdkya","tag-odullerimi","tag-verin","tag-yasindaki"],"jetpack_publicize_connections":[],"jetpack_featured_media_url":"https:\/\/i0.wp.com\/www.tvturk.com\/wp-content\/uploads\/2019\/07\/benim-odullerimi-verin-diyen-14-yasindaki-ilayda-kdkya-basvurdu_d5e558d.jpg?fit=1000%2C666","jetpack_sharing_enabled":true,"jetpack_shortlink":"https:\/\/wp.me\/paKIfm-MFB","_links":{"self":[{"href":"http:\/\/www.tvturk.com\/index.php\/wp-json\/wp\/v2\/posts\/187091","targetHints":{"allow":["GET"]}}],"collection":[{"href":"http:\/\/www.tvturk.com\/index.php\/wp-json\/wp\/v2\/posts"}],"about":[{"href":"http:\/\/www.tvturk.com\/index.php\/wp-json\/wp\/v2\/types\/post"}],"author":[{"embeddable":true,"href":"http:\/\/www.tvturk.com\/index.php\/wp-json\/wp\/v2\/users\/1"}],"replies":[{"embeddable":true,"href":"http:\/\/www.tvturk.com\/index.php\/wp-json\/wp\/v2\/comments?post=187091"}],"version-history":[{"count":0,"href":"http:\/\/www.tvturk.com\/index.php\/wp-json\/wp\/v2\/posts\/187091\/revisions"}],"wp:featuredmedia":[{"embeddable":true,"href":"http:\/\/www.tvturk.com\/index.php\/wp-json\/wp\/v2\/media\/187092"}],"wp:attachment":[{"href":"http:\/\/www.tvturk.com\/index.php\/wp-json\/wp\/v2\/media?parent=187091"}],"wp:term":[{"taxonomy":"category","embeddable":true,"href":"http:\/\/www.tvturk.com\/index.php\/wp-json\/wp\/v2\/categories?post=187091"},{"taxonomy":"post_tag","embeddable":true,"href":"http:\/\/www.tvturk.com\/index.php\/wp-json\/wp\/v2\/tags?post=187091"}],"curies":[{"name":"wp","href":"https:\/\/api.w.org\/{rel}","templated":true}]}}