{"id":187093,"date":"2019-07-27T13:47:23","date_gmt":"2019-07-27T10:47:23","guid":{"rendered":"http:\/\/www.tvturk.com\/index.php\/koy-cocuklari-cektigi-koyde-fotograf-sergisi-acildi\/"},"modified":"2019-07-27T13:47:23","modified_gmt":"2019-07-27T10:47:23","slug":"koy-cocuklari-cektigi-koyde-fotograf-sergisi-acildi","status":"publish","type":"post","link":"http:\/\/www.tvturk.com\/index.php\/koy-cocuklari-cektigi-koyde-fotograf-sergisi-acildi\/","title":{"rendered":"K\u00f6y \u00e7ocuklar\u0131, \u00e7ekti\u011fi k\u00f6yde foto\u011fraf sergisi a\u00e7\u0131ld\u0131"},"content":{"rendered":"<p>Tunceli, Bing\u00f6l ve Elaz\u0131\u011f\u2019\u0131n baz\u0131 k\u00f6ylerinde \u201cOyuncak Makinam\u201d projesi kapsam\u0131nda \u00e7ocuklar\u0131n \u00e7ekti\u011fi foto\u011fraflarla bir k\u00f6yde sergi a\u00e7\u0131ld\u0131.<\/p>\n<p>Do\u011fa Foto\u011fraf\u00e7\u0131s\u0131 Mahmut Bozta\u015f, Naz\u0131miye \u0130l\u00e7esi\u2019ne ba\u011fl\u0131 A\u015fa\u011f\u0131 Doluca, Bing\u00f6l\u2019\u00fcn Yayladere ve Elaz\u0131\u011f\u2019\u0131n Karako\u00e7an \u0130l\u00e7esi\u2019ne ba\u011fl\u0131 k\u00f6ylerde toplam 90 \u00e7ocu\u011fa \u201cOyuncam Makinam\u201d projesi kapsam\u0131nda foto\u011fraf\u00e7\u0131l\u0131k e\u011fitimi verdi. E\u011fitimin ard\u0131ndan \u0130stanbul\u2019dan temin etti\u011fi ve \u201c\u00c7ek At\u201d diye tabir edilen makineleri \u00e7ocuklara veren Bozta\u015f, \u00e7ocuklar\u0131n serbest \u015fekilde foto\u011fraflar \u00e7ekmesini sa\u011flad\u0131. Bir y\u0131ldan fazla s\u00fcren proje kapsam\u0131nda \u00e7ocuklar\u0131n \u00e7ekti\u011fi foto\u011fraflar, toplanarak sergi i\u00e7in haz\u0131rland\u0131. Haz\u0131rl\u0131klar\u0131n tamamlanmas\u0131 ile \u00e7ocuklar\u0131n foto\u011fraflar\u0131yla Naz\u0131miye il\u00e7esi A\u015fa\u011f\u0131 Doluca K\u00f6y\u00fc k\u00f6y evinde sergi a\u00e7\u0131ld\u0131. Sergide \u00e7ektikleri foto\u011fraflar\u0131 g\u00f6ren \u00e7ocuklar mutluluklar\u0131n\u0131 dile getirirken, k\u00f6y sakinleri de memnuniyetini dile getirdi.<\/p>\n<p>Daha \u00f6nce \u0130stanbul\u2019da \u201cDo\u011fadan Sanata Seyyah\u201d isimli foto\u011fraf sergisi a\u00e7t\u0131\u011f\u0131n\u0131 an\u0131msatan Proje koordinat\u00f6r\u00fc Mahmut Bozta\u015f, &#8220;Bu serginin ard\u0131ndan bir\u00e7ok teklif ald\u0131m. O zaman \u015funu belirtmi\u015ftim \u0130stanbul\u2019da y\u00fczlerce sergi a\u00e7\u0131l\u0131yor ancak Anadolu\u2019da y\u0131lda bir iki defa olabiliyor. Sponsorluk yap\u0131n bu sergileri Anadolu\u2019nun k\u00f6ylerine ta\u015f\u0131yal\u0131m demi\u015ftim ancak olumlu bir kar\u015f\u0131l\u0131k alamam\u0131\u015ft\u0131m\u201d dedi.<\/p>\n<p>\u00c7ocuklarla sanatsal \u00e7al\u0131\u015fma yapman\u0131n s\u00fcrekli hayali oldu\u011funu ve bunu ger\u00e7ekle\u015ftirmek i\u00e7in \u0130stanbul\u2019da foto bask\u0131 makinesi sahibi Olcay T\u00fcrk\u00f6z\u2019\u00fcn kendisine 200 \u00e7ek at makine verdi\u011fini dile getiren Bozta\u015f, \u201cAnadolu\u2019daki \u00e7ocuklar\u0131n \u00e7ok yetenekli olduklar\u0131n\u0131 g\u00f6rd\u00fcm. Ke\u015ffedilmemi\u015f \u00e7ocuklar var. Bu \u00e7ocuklar\u0131n e\u011fitilmesinden ziyade bir yol ve y\u00f6ntem g\u00f6sterilmesi gerekir.  Resim \u00e7izerken hangi f\u0131r\u00e7ay\u0131 hangi teknikleri kullanacak. Biz bunlar\u0131 \u00f6\u011frettikten sonra kendileri zaten \u00fczerine bir \u015feyler koyuyor. Biz bu \u00e7al\u0131\u015fmay\u0131 yaparken \u00e7ocuklara y\u00f6nlendirme de bulunmad\u0131k. Zaten makineler oyuncakt\u0131. Ama biz bu durumu onlara hissettirmedik. Konu olarak onlar\u0131 serbest b\u0131rakt\u0131m. Kendi d\u00fcnyalar\u0131n\u0131 ve d\u00fc\u015f\u00fcncelerini yans\u0131tt\u0131lar foto\u011frafa. G\u00fcn\u00fcm\u00fcz teknolojisiyle her \u015feyi telefonlardan g\u00f6r\u00fcyorlar. Fakat projede ondan uzak bir \u015fekilde foto\u011fraf \u00e7ektiler. \u00c7ok g\u00fczel foto\u011fraflar ortaya \u00e7\u0131kt\u0131\u201d diye bilgi verdi.<\/p>\n<p>\u00d6teyandan, Bozta\u015f, destek olunmas\u0131 halinde \u00e7ocuklarla foto\u011fraf\u00e7\u0131l\u0131\u011f\u0131n yan\u0131 s\u0131ra m\u00fczik, resim gibi at\u00f6lye \u00e7al\u0131\u015fmalar\u0131 yapmay\u0131 da planlad\u0131\u011f\u0131n\u0131 s\u00f6zlerine ekledi.<\/p>\n<p>E\u011fitimlere kat\u0131lan \u00e7ocuklardan Lizge S\u00f6ker, \u201cBen ate\u015f k\u00f6z\u00fcnde \u00e7ay\u0131 \u00e7ektim \u00e7\u00fcnk\u00fc daha do\u011fal ve g\u00fczeldi. Kameralar\u0131 iyi ki bize verdiler. Nas\u0131l bir duygu oldu\u011funu hissettik ve mutlu olduk.  \u0130lk ba\u015fta nas\u0131l kullanaca\u011f\u0131n\u0131 bilmiyorduk size anlatt\u0131lar \u00f6\u011frendik&#8221;diye ifade etti.<\/p>\n<p>\u00c7ocuklardan Miray Bozkurt ise;  \u201cMahmut abi bana kamera vermi\u015fti ben de etrafta g\u00fczel g\u00f6rd\u00fc\u011f\u00fcm \u015feyleri \u00e7ekmi\u015ftim. Foto\u011fraflar bizim k\u00f6y\u00fcm\u00fczde sergilendi, \u00e7ok mutluyum \u201c \u015feklinde konu\u015ftu.<\/p>\n<p>\u00c7ocuklar\u0131n \u00e7ekti\u011fi foto\u011fraflardan olu\u015fan serginin, Bing\u00f6l ve Elaz\u0131\u011f\u2019\u0131n k\u00f6ylerinde de a\u00e7\u0131lmas\u0131n\u0131n planland\u0131\u011f\u0131 aktar\u0131ld\u0131.<\/p>\n","protected":false},"excerpt":{"rendered":"<p>DO\u011eA FOTO\u011eRAF\u00c7ISI MAHMUT BOZTA\u015e TARAFINDAN TUNCEL\u0130, B\u0130NG\u00d6L VE ELAZI\u011e\u2019IN BAZI K\u00d6YLER\u0130NDEK\u0130 \u00c7OCUKLARA, \u201cOYUNCAK MAK\u0130NAM\u201d PROJES\u0130 KAPSAMINDA \u00d6NCE FOTO\u011eRAF\u00c7ILIK E\u011e\u0130T\u0130M\u0130 VER\u0130LD\u0130 ARDIN DA \u201c\u00c7EK AT\u201d D\u0130YE TAB\u0130R ED\u0130LEN FOTO\u011eRAF MAK\u0130NELER\u0130YLE FOTO\u011eRAF \u00c7EKMELER\u0130N\u0130 SA\u011eLANDI. \u00c7OCUKLAR TARAFINDAN \u00c7EK\u0130LEN FOTO\u011eRAFLARDAN OLU\u015eAN SERG\u0130, TUNCEL\u0130\u2019N\u0130N NAZIM\u0130YE \u0130L\u00c7ES\u0130\u2019NE BA\u011eLI A\u015eA\u011eI DOLUCA K\u00d6Y\u00dc\u2019NDE A\u00c7ILDI.<\/p>\n","protected":false},"author":1,"featured_media":187094,"comment_status":"closed","ping_status":"open","sticky":false,"template":"","format":"standard","meta":{"jetpack_post_was_ever_published":false,"_jetpack_newsletter_access":"","_jetpack_dont_email_post_to_subs":false,"_jetpack_newsletter_tier_id":0,"_jetpack_memberships_contains_paywalled_content":false,"_jetpack_memberships_contains_paid_content":false,"footnotes":"","jetpack_publicize_message":"","jetpack_publicize_feature_enabled":true,"jetpack_social_post_already_shared":true,"jetpack_social_options":{"image_generator_settings":{"template":"highway","default_image_id":0,"font":"","enabled":false},"version":2}},"categories":[656],"tags":[288,15300,139,5874,1703,2576,1335],"class_list":["post-187093","post","type-post","status-publish","format-standard","has-post-thumbnail","hentry","category-kultur-sanat","tag-acildi","tag-cektigi","tag-cocuklari","tag-fotograf","tag-koy","tag-koyde","tag-sergisi"],"jetpack_publicize_connections":[],"jetpack_featured_media_url":"https:\/\/i0.wp.com\/www.tvturk.com\/wp-content\/uploads\/2019\/07\/koy-cocuklari-cektigi-koyde-fotograf-sergisi-acildi_066df37.jpg?fit=1000%2C666","jetpack_sharing_enabled":true,"jetpack_shortlink":"https:\/\/wp.me\/paKIfm-MFD","_links":{"self":[{"href":"http:\/\/www.tvturk.com\/index.php\/wp-json\/wp\/v2\/posts\/187093","targetHints":{"allow":["GET"]}}],"collection":[{"href":"http:\/\/www.tvturk.com\/index.php\/wp-json\/wp\/v2\/posts"}],"about":[{"href":"http:\/\/www.tvturk.com\/index.php\/wp-json\/wp\/v2\/types\/post"}],"author":[{"embeddable":true,"href":"http:\/\/www.tvturk.com\/index.php\/wp-json\/wp\/v2\/users\/1"}],"replies":[{"embeddable":true,"href":"http:\/\/www.tvturk.com\/index.php\/wp-json\/wp\/v2\/comments?post=187093"}],"version-history":[{"count":0,"href":"http:\/\/www.tvturk.com\/index.php\/wp-json\/wp\/v2\/posts\/187093\/revisions"}],"wp:featuredmedia":[{"embeddable":true,"href":"http:\/\/www.tvturk.com\/index.php\/wp-json\/wp\/v2\/media\/187094"}],"wp:attachment":[{"href":"http:\/\/www.tvturk.com\/index.php\/wp-json\/wp\/v2\/media?parent=187093"}],"wp:term":[{"taxonomy":"category","embeddable":true,"href":"http:\/\/www.tvturk.com\/index.php\/wp-json\/wp\/v2\/categories?post=187093"},{"taxonomy":"post_tag","embeddable":true,"href":"http:\/\/www.tvturk.com\/index.php\/wp-json\/wp\/v2\/tags?post=187093"}],"curies":[{"name":"wp","href":"https:\/\/api.w.org\/{rel}","templated":true}]}}