{"id":187107,"date":"2019-07-27T14:32:22","date_gmt":"2019-07-27T11:32:22","guid":{"rendered":"http:\/\/www.tvturk.com\/index.php\/konyasporda-yeni-sezon-hazirliklari-suruyor-2\/"},"modified":"2019-07-27T14:32:22","modified_gmt":"2019-07-27T11:32:22","slug":"konyasporda-yeni-sezon-hazirliklari-suruyor-2","status":"publish","type":"post","link":"http:\/\/www.tvturk.com\/index.php\/konyasporda-yeni-sezon-hazirliklari-suruyor-2\/","title":{"rendered":"Konyaspor\u2019da yeni sezon haz\u0131rl\u0131klar\u0131 s\u00fcr\u00fcyor"},"content":{"rendered":"<p>Konyaspor, yeni sezon haz\u0131rl\u0131klar\u0131na Hollanda kamp\u0131nda yap\u0131lan antrenmanlarla devam ediyor.<\/p>\n<p>2019-2020 futbol sezonunun haz\u0131rl\u0131klar\u0131na Hollanda\u2019da yap\u0131lan ikinci etap kamp\u0131yla devam eden Konyaspor, \u00e7al\u0131\u015fmalar\u0131n\u0131 s\u00fcrd\u00fcr\u00fcyor. Teknik Direkt\u00f6r Aykut Kocaman ve yard\u0131mc\u0131 antren\u00f6rler y\u00f6netiminde bug\u00fcn sabah antrenman\u0131n ilk b\u00f6l\u00fcm\u00fcnde oyuncular ko\u015fu, \u0131s\u0131nma hareketleri ve pas \u00e7al\u0131\u015fmas\u0131 yapt\u0131. Daha sonra 3 gruba ayr\u0131lan oyuncular savunma, h\u00fccum organizasyonlar\u0131 ve \u00e7abukluk hareketleri ve \u015fut \u00e7al\u0131\u015fmas\u0131 ile idman\u0131 tamamlad\u0131.<\/p>\n","protected":false},"excerpt":{"rendered":"<p>2019-2020 FUTBOL SEZONUNUN HAZIRLIKLARINA HOLLANDA\u2019DA YAPILAN \u0130K\u0130NC\u0130 ETAP KAMPIYLA DEVAM EDEN KONYASPOR, \u00c7ALI\u015eMALARINI S\u00dcRD\u00dcR\u00dcYOR.<\/p>\n","protected":false},"author":1,"featured_media":187108,"comment_status":"closed","ping_status":"open","sticky":false,"template":"","format":"standard","meta":{"jetpack_post_was_ever_published":false,"_jetpack_newsletter_access":"","_jetpack_dont_email_post_to_subs":false,"_jetpack_newsletter_tier_id":0,"_jetpack_memberships_contains_paywalled_content":false,"_jetpack_memberships_contains_paid_content":false,"footnotes":"","jetpack_publicize_message":"","jetpack_publicize_feature_enabled":true,"jetpack_social_post_already_shared":true,"jetpack_social_options":{"image_generator_settings":{"template":"highway","default_image_id":0,"font":"","enabled":false},"version":2}},"categories":[657],"tags":[3026,11028,4954,1836,87],"class_list":["post-187107","post","type-post","status-publish","format-standard","has-post-thumbnail","hentry","category-spor","tag-hazirliklari","tag-konyasporda","tag-sezon","tag-suruyor","tag-yeni"],"jetpack_publicize_connections":[],"jetpack_featured_media_url":"https:\/\/i0.wp.com\/www.tvturk.com\/wp-content\/uploads\/2019\/07\/konyasporda-yeni-sezon-hazirliklari-suruyor_80f42e6.jpg?fit=1000%2C632","jetpack_sharing_enabled":true,"jetpack_shortlink":"https:\/\/wp.me\/paKIfm-MFR","_links":{"self":[{"href":"http:\/\/www.tvturk.com\/index.php\/wp-json\/wp\/v2\/posts\/187107","targetHints":{"allow":["GET"]}}],"collection":[{"href":"http:\/\/www.tvturk.com\/index.php\/wp-json\/wp\/v2\/posts"}],"about":[{"href":"http:\/\/www.tvturk.com\/index.php\/wp-json\/wp\/v2\/types\/post"}],"author":[{"embeddable":true,"href":"http:\/\/www.tvturk.com\/index.php\/wp-json\/wp\/v2\/users\/1"}],"replies":[{"embeddable":true,"href":"http:\/\/www.tvturk.com\/index.php\/wp-json\/wp\/v2\/comments?post=187107"}],"version-history":[{"count":0,"href":"http:\/\/www.tvturk.com\/index.php\/wp-json\/wp\/v2\/posts\/187107\/revisions"}],"wp:featuredmedia":[{"embeddable":true,"href":"http:\/\/www.tvturk.com\/index.php\/wp-json\/wp\/v2\/media\/187108"}],"wp:attachment":[{"href":"http:\/\/www.tvturk.com\/index.php\/wp-json\/wp\/v2\/media?parent=187107"}],"wp:term":[{"taxonomy":"category","embeddable":true,"href":"http:\/\/www.tvturk.com\/index.php\/wp-json\/wp\/v2\/categories?post=187107"},{"taxonomy":"post_tag","embeddable":true,"href":"http:\/\/www.tvturk.com\/index.php\/wp-json\/wp\/v2\/tags?post=187107"}],"curies":[{"name":"wp","href":"https:\/\/api.w.org\/{rel}","templated":true}]}}