{"id":187111,"date":"2019-07-27T14:46:34","date_gmt":"2019-07-27T11:46:34","guid":{"rendered":"http:\/\/www.tvturk.com\/index.php\/sehidin-kiz-kardesinin-iki-ay-sonra-dugunu-vardi-cok-erken-gitti-sozleri-yurekleri-dagladi\/"},"modified":"2019-07-27T14:46:34","modified_gmt":"2019-07-27T11:46:34","slug":"sehidin-kiz-kardesinin-iki-ay-sonra-dugunu-vardi-cok-erken-gitti-sozleri-yurekleri-dagladi","status":"publish","type":"post","link":"http:\/\/www.tvturk.com\/index.php\/sehidin-kiz-kardesinin-iki-ay-sonra-dugunu-vardi-cok-erken-gitti-sozleri-yurekleri-dagladi\/","title":{"rendered":"\u015eehidin k\u0131z karde\u015finin \u201c\u0130ki ay sonra d\u00fc\u011f\u00fcn\u00fc vard\u0131, \u00e7ok erken gitti\u201d s\u00f6zleri y\u00fcrekleri da\u011flad\u0131"},"content":{"rendered":"<p>Hakkari\u2019nin \u00c7ukurca il\u00e7esi s\u0131n\u0131r b\u00f6lgesinde PKK\u2019l\u0131 ter\u00f6ristlerin sald\u0131r\u0131s\u0131nda \u015fehit olan Piyade S\u00f6zle\u015fmeli Er Metin Y\u0131ld\u0131z, Adana\u2019da son yolculu\u011funa u\u011furland\u0131. T\u00f6rende \u015fehidin k\u0131z karde\u015fi Nida Y\u0131ld\u0131z\u2019\u0131n (21), \u201cO benim can\u0131m, ci\u011ferimdi. Dik duruyorum, \u00fcz\u00fcl\u00fcyorum sadece. \u0130ki ay sonra d\u00fc\u011f\u00fcn\u00fc vard\u0131, \u00e7ok erken gitti\u201d s\u00f6zleri y\u00fcrekleri da\u011flad\u0131.<\/p>\n<p>T\u00fcrk Silahl\u0131 Kuvvetleri taraf\u0131ndan Pen\u00e7e Harekat\u0131\u2019yla koordineli olaran Irak\u2019\u0131n kuzeyindeki Zap b\u00f6lgesinde s\u00fcrd\u00fcr\u00fclen operasyonda, ge\u00e7ti\u011fimiz g\u00fcn sabah saatlerinde b\u00f6l\u00fcc\u00fc ter\u00f6r \u00f6rg\u00fct\u00fcnce yap\u0131lan taciz at\u0131\u015f\u0131 sonucu \u00e7\u0131kan \u00e7at\u0131\u015fmada Piyade S\u00f6zle\u015fmeli Er Metin Y\u0131ld\u0131z (27) \u015fehit d\u00fc\u015ft\u00fc. \u015eehit Y\u0131ld\u0131z i\u00e7in Hakkari Da\u011f ve Komando Tugay\u0131\u2019nda d\u00fczenlenen u\u011furlama t\u00f6renin ard\u0131ndan \u015fehidin naa\u015f\u0131 hava yoluyla memleketi Adana\u2019ya u\u011furland\u0131.<\/p>\n<p>\u015eehidin ac\u0131 haberi ise Adana\u2019n\u0131n merkez \u00c7ukurova il\u00e7esine ba\u011fl\u0131 Bozcalar Mahallesi\u2019ndeki ailesine verildi. Ni\u015fanl\u0131 oldu\u011fu ve Ekim ay\u0131nda evlenece\u011fi \u00f6\u011frenilen \u015fehidin merkez Seyhan il\u00e7esi, G\u00fcrselpa\u015fa Mahallesi\u2019ndeki baba oca\u011f\u0131na da T\u00fcrk bayra\u011f\u0131 as\u0131ld\u0131. Piyade S\u00f6zle\u015fmeli Er Metin Y\u0131ld\u0131z\u2019\u0131 \u015fehit eden 4 ter\u00f6ristle girilen \u00e7at\u0131\u015fmada biri \u00e7at\u0131\u015fma b\u00f6lgesinde, di\u011fer 3\u2019\u00fc ise hava destekli harekatla etkisiz hale getirilerek, \u015fehidin kan\u0131 yere b\u0131rak\u0131lmad\u0131.<\/p>\n<p>\u015eehidin memleketine getirilen naa\u015f\u0131, cenaze t\u00f6reni i\u00e7in Sabanc\u0131 Merkez Camii\u2019ne getirildi. Bu s\u0131rada fenala\u015fan \u015fehidin annesi \u015eenay Y\u0131ld\u0131z\u2019a 112 Acil ekipleri m\u00fcdahale etti. \u015eehidin annesi yap\u0131lan m\u00fcdahalenin ard\u0131ndan t\u00f6re alan\u0131na geri d\u00f6nd\u00fc. \u015eehidin musalla ta\u015f\u0131na konan tabutuna sar\u0131lan k\u0131z karde\u015fi Nida Y\u0131ld\u0131z\u2019\u0131n (21) s\u00f6zleri ise y\u00fcrek da\u011flad\u0131. \u00c7evresindekilerin dik durmas\u0131n\u0131 s\u00f6yledi\u011fi Nida Y\u0131ld\u0131z\u2019\u0131n, \u201cO benim can\u0131m ci\u011ferimdi. Zaten dik duruyorum. \u00dcz\u00fcl\u00fcyorum sadece. \u0130ki ay sonra d\u00fc\u011f\u00fcn\u00fc vard\u0131, \u00e7ok erken gitti\u201d s\u00f6zleri y\u00fcrek yakt\u0131.<\/p>\n<p>\u015eehidin ni\u015fanl\u0131s\u0131 Feraye Altayl\u0131\u2019n\u0131n ise dirayetli duru\u015fu dikkat \u00e7ekti. \u015eehidin silah arkada\u015flar\u0131 da tabutun \u00f6n\u00fcne gelerek selam verdikten sonra sayg\u0131 duru\u015funda bulundu.<\/p>\n<p>Cenaze namaz\u0131n\u0131n k\u0131l\u0131nmas\u0131n\u0131n ard\u0131ndan helallik al\u0131nd\u0131ktan sonra \u015fehidin naa\u015f\u0131, omuzlanarak top arabas\u0131na ta\u015f\u0131nd\u0131. \u015eehit Piyade S\u00f6zle\u015fmeli Er Metin Y\u0131ld\u0131z, topra\u011fa verilmek \u00fczere Bozcalar Mahallesi Mezarl\u0131\u011f\u0131\u2019na g\u00f6t\u00fcr\u00fcld\u00fc.<\/p>\n<p>T\u00f6rene, Adana Valisi Mahmut Demirta\u015f, AK Parti Genel Ba\u015fkan Yard\u0131mc\u0131s\u0131 J\u00fclide Sar\u0131ero\u011flu, milletvekilleri, askeri erkan, kent protokol\u00fc, \u015fehidin yak\u0131nlar\u0131, sevenleri ile \u00e7ok say\u0131da vatanda\u015f kat\u0131ld\u0131.<\/p>\n","protected":false},"excerpt":{"rendered":"<p>T\u00d6RENDE \u015eEH\u0130D\u0130N KIZ KARDE\u015e\u0130 N\u0130DA YILDIZ\u2019IN (21), \u201cO BEN\u0130M CANIM, C\u0130\u011eER\u0130MD\u0130. D\u0130K DURUYORUM, \u00dcZ\u00dcL\u00dcYORUM SADECE. \u0130K\u0130 AY SONRA D\u00dc\u011e\u00dcN\u00dc VARDI, \u00c7OK ERKEN G\u0130TT\u0130\u201d S\u00d6ZLER\u0130 Y\u00dcREKLER\u0130 DA\u011eLADI.<\/p>\n","protected":false},"author":1,"featured_media":187112,"comment_status":"closed","ping_status":"open","sticky":false,"template":"","format":"standard","meta":{"jetpack_post_was_ever_published":false,"_jetpack_newsletter_access":"","_jetpack_dont_email_post_to_subs":false,"_jetpack_newsletter_tier_id":0,"_jetpack_memberships_contains_paywalled_content":false,"_jetpack_memberships_contains_paid_content":false,"footnotes":"","jetpack_publicize_message":"","jetpack_publicize_feature_enabled":true,"jetpack_social_post_already_shared":true,"jetpack_social_options":{"image_generator_settings":{"template":"highway","default_image_id":0,"font":"","enabled":false},"version":2}},"categories":[1],"tags":[105,7404,7938,4955,1601,1220,26090,4200,632,2022,3804,7931,7403],"class_list":["post-187111","post","type-post","status-publish","format-standard","has-post-thumbnail","hentry","category-genel","tag-cok","tag-dagladi","tag-dugunu","tag-erken","tag-gitti","tag-iki","tag-kardesinin","tag-kiz","tag-sehidin","tag-sonra","tag-sozleri","tag-vardi","tag-yurekleri"],"jetpack_publicize_connections":[],"jetpack_featured_media_url":"https:\/\/i0.wp.com\/www.tvturk.com\/wp-content\/uploads\/2019\/07\/sehidin-kiz-kardesinin-iki-ay-sonra-dugunu-vardi-cok-erken-gitti-sozleri-yurekleri-dagladi_d1e7b1e.jpg?fit=1000%2C662","jetpack_sharing_enabled":true,"jetpack_shortlink":"https:\/\/wp.me\/paKIfm-MFV","_links":{"self":[{"href":"http:\/\/www.tvturk.com\/index.php\/wp-json\/wp\/v2\/posts\/187111","targetHints":{"allow":["GET"]}}],"collection":[{"href":"http:\/\/www.tvturk.com\/index.php\/wp-json\/wp\/v2\/posts"}],"about":[{"href":"http:\/\/www.tvturk.com\/index.php\/wp-json\/wp\/v2\/types\/post"}],"author":[{"embeddable":true,"href":"http:\/\/www.tvturk.com\/index.php\/wp-json\/wp\/v2\/users\/1"}],"replies":[{"embeddable":true,"href":"http:\/\/www.tvturk.com\/index.php\/wp-json\/wp\/v2\/comments?post=187111"}],"version-history":[{"count":0,"href":"http:\/\/www.tvturk.com\/index.php\/wp-json\/wp\/v2\/posts\/187111\/revisions"}],"wp:featuredmedia":[{"embeddable":true,"href":"http:\/\/www.tvturk.com\/index.php\/wp-json\/wp\/v2\/media\/187112"}],"wp:attachment":[{"href":"http:\/\/www.tvturk.com\/index.php\/wp-json\/wp\/v2\/media?parent=187111"}],"wp:term":[{"taxonomy":"category","embeddable":true,"href":"http:\/\/www.tvturk.com\/index.php\/wp-json\/wp\/v2\/categories?post=187111"},{"taxonomy":"post_tag","embeddable":true,"href":"http:\/\/www.tvturk.com\/index.php\/wp-json\/wp\/v2\/tags?post=187111"}],"curies":[{"name":"wp","href":"https:\/\/api.w.org\/{rel}","templated":true}]}}