{"id":187115,"date":"2019-07-27T15:01:58","date_gmt":"2019-07-27T12:01:58","guid":{"rendered":"http:\/\/www.tvturk.com\/index.php\/talip-geylan-memur-maaslari-bayram-oncesi-odensin\/"},"modified":"2019-07-27T15:01:58","modified_gmt":"2019-07-27T12:01:58","slug":"talip-geylan-memur-maaslari-bayram-oncesi-odensin","status":"publish","type":"post","link":"http:\/\/www.tvturk.com\/index.php\/talip-geylan-memur-maaslari-bayram-oncesi-odensin\/","title":{"rendered":"Talip Geylan \u201cMemur maa\u015flar\u0131 bayram \u00f6ncesi \u00f6densin\u201d"},"content":{"rendered":"<p>T\u00fcrk E\u011fitim-Sen Genel Ba\u015fkan\u0131 Talip Geylan, yakla\u015fan Kurban Bayram\u0131 \u00f6ncesinde h\u00fck\u00fcmetin kamu \u00e7al\u0131\u015fanlar\u0131na bayram ikramiyesi vermesini istedi.<\/p>\n<p>12 milyon i\u015f\u00e7i ve memur emeklisine \u00f6denen bayram ikramiyesinin 3 milyon civar\u0131ndaki kamu \u00e7al\u0131\u015fan\u0131na da \u00f6denmesini talep eden Geylan, devletimizin bunu yapabilecek ekonomik g\u00fc\u00e7te oldu\u011funu s\u00f6yledi. H\u00fck\u00fcmetin bu konuda 1 A\u011fustos tarihinden \u00f6nce m\u00fcjde vermesini isteyen Geylan, \u201cDevletimizin; fedak\u00e2rca g\u00f6revini ifa eden, devlet m\u00fcessesesinin yap\u0131 harc\u0131 olan kamu \u00e7al\u0131\u015fanlar\u0131na \u00e7ifte bayram ya\u015fatmas\u0131n\u0131 temenni ediyoruz\u201d dedi.<\/p>\n<p>Genel Ba\u015fkan Geylan ayr\u0131ca kamu \u00e7al\u0131\u015fanlar\u0131n\u0131n maa\u015flar\u0131n\u0131 her ay\u0131n 15\u2019inde ald\u0131\u011f\u0131n\u0131 da hat\u0131rlatarak, memurlar\u0131n bayram haz\u0131rl\u0131klar\u0131n\u0131 daha rahat yapabilmesi, kurbanl\u0131k alabilmesi i\u00e7in maa\u015flar\u0131n bayramdan \u00f6nce \u00f6denmesini talep etti.<\/p>\n<p>Geylan, \u201cKurban Bayram\u0131\u2019n\u0131 11-14 A\u011fustos tarihlerinde eda edece\u011fiz. h\u00fck\u00fcmet, memurlar\u0131m\u0131z\u0131n bayram s\u00fcresini s\u0131k\u0131nt\u0131s\u0131z ge\u00e7irebilmeleri i\u00e7in maa\u015flar\u0131n bayram \u00f6ncesi \u00f6denmesi i\u00e7in ad\u0131m atmal\u0131d\u0131r. Ayr\u0131ca 12 milyon i\u015f\u00e7i ve memur emeklisine \u00f6denen Bayram ikramiyesi, g\u00f6revi ba\u015f\u0131ndaki memurlar\u0131m\u0131za da \u00f6denmelidir. Devletimiz bunu yapabilecek ekonomik g\u00fcce sahiptir\u201d diye konu\u015ftu.<\/p>\n","protected":false},"excerpt":{"rendered":"<p>T\u00dcRK E\u011e\u0130T\u0130M-SEN GENEL BA\u015eKANI TAL\u0130P GEYLAN, YAKLA\u015eAN KURBAN BAYRAMI \u00d6NCES\u0130NDE H\u00dcK\u00dcMET\u0130N KAMU \u00c7ALI\u015eANLARINA BAYRAM \u0130KRAM\u0130YES\u0130 VERMES\u0130N\u0130 \u0130STED\u0130.<\/p>\n","protected":false},"author":1,"featured_media":187116,"comment_status":"closed","ping_status":"open","sticky":false,"template":"","format":"standard","meta":{"jetpack_post_was_ever_published":false,"_jetpack_newsletter_access":"","_jetpack_dont_email_post_to_subs":false,"_jetpack_newsletter_tier_id":0,"_jetpack_memberships_contains_paywalled_content":false,"_jetpack_memberships_contains_paid_content":false,"footnotes":"","jetpack_publicize_message":"","jetpack_publicize_feature_enabled":true,"jetpack_social_post_already_shared":true,"jetpack_social_options":{"image_generator_settings":{"template":"highway","default_image_id":0,"font":"","enabled":false},"version":2}},"categories":[1],"tags":[23995,18787,28423,18110,46543,5360,4763],"class_list":["post-187115","post","type-post","status-publish","format-standard","has-post-thumbnail","hentry","category-genel","tag-bayram","tag-geylan","tag-maaslari","tag-memur","tag-odensin","tag-oncesi","tag-talip"],"jetpack_publicize_connections":[],"jetpack_featured_media_url":"https:\/\/i0.wp.com\/www.tvturk.com\/wp-content\/uploads\/2019\/07\/talip-geylan-memur-maaslari-bayram-oncesi-odensin_8cce2e2.jpg?fit=640%2C360","jetpack_sharing_enabled":true,"jetpack_shortlink":"https:\/\/wp.me\/paKIfm-MFZ","_links":{"self":[{"href":"http:\/\/www.tvturk.com\/index.php\/wp-json\/wp\/v2\/posts\/187115","targetHints":{"allow":["GET"]}}],"collection":[{"href":"http:\/\/www.tvturk.com\/index.php\/wp-json\/wp\/v2\/posts"}],"about":[{"href":"http:\/\/www.tvturk.com\/index.php\/wp-json\/wp\/v2\/types\/post"}],"author":[{"embeddable":true,"href":"http:\/\/www.tvturk.com\/index.php\/wp-json\/wp\/v2\/users\/1"}],"replies":[{"embeddable":true,"href":"http:\/\/www.tvturk.com\/index.php\/wp-json\/wp\/v2\/comments?post=187115"}],"version-history":[{"count":0,"href":"http:\/\/www.tvturk.com\/index.php\/wp-json\/wp\/v2\/posts\/187115\/revisions"}],"wp:featuredmedia":[{"embeddable":true,"href":"http:\/\/www.tvturk.com\/index.php\/wp-json\/wp\/v2\/media\/187116"}],"wp:attachment":[{"href":"http:\/\/www.tvturk.com\/index.php\/wp-json\/wp\/v2\/media?parent=187115"}],"wp:term":[{"taxonomy":"category","embeddable":true,"href":"http:\/\/www.tvturk.com\/index.php\/wp-json\/wp\/v2\/categories?post=187115"},{"taxonomy":"post_tag","embeddable":true,"href":"http:\/\/www.tvturk.com\/index.php\/wp-json\/wp\/v2\/tags?post=187115"}],"curies":[{"name":"wp","href":"https:\/\/api.w.org\/{rel}","templated":true}]}}