{"id":187121,"date":"2019-07-27T15:16:35","date_gmt":"2019-07-27T12:16:35","guid":{"rendered":"http:\/\/www.tvturk.com\/index.php\/karadeniz-sahili-guney-sahillerini-aratmadi\/"},"modified":"2019-07-27T15:16:35","modified_gmt":"2019-07-27T12:16:35","slug":"karadeniz-sahili-guney-sahillerini-aratmadi","status":"publish","type":"post","link":"http:\/\/www.tvturk.com\/index.php\/karadeniz-sahili-guney-sahillerini-aratmadi\/","title":{"rendered":"Karadeniz sahili, g\u00fcney sahillerini aratmad\u0131"},"content":{"rendered":"<p>Zonguldak\u2019ta etkili olan s\u0131cak hava nedeniyle vatanda\u015flar Kapuz Plaj\u0131na ak\u0131n etti. Yo\u011fun ilgi g\u00f6ren plaj g\u00fcney sahillerini aratmad\u0131.<\/p>\n<p>Zonguldak Belediyesine ba\u011fl\u0131 Kapuz Plaj\u0131 hafta sonunun gelmesiyle birlikte en yo\u011fun g\u00fcnlerinden birini ya\u015fad\u0131. Hava s\u0131cakl\u0131\u011f\u0131n\u0131n 26 dereceyi g\u00f6stermesiyle birlikte vatanda\u015flar Kapuz Plaj\u0131\u2019na giderek s\u0131cak havan\u0131n tad\u0131n\u0131 denize girerek ve g\u00fcne\u015flenerek \u00e7\u0131kard\u0131. \u00d6te yandan vatanda\u015flar\u0131n yo\u011fun ilgi g\u00f6sterdi\u011fi Kapuz Plaj\u0131\u2019nda, baz\u0131 vatanda\u015flar oturacak yer bulamad\u0131\u011f\u0131ndan geri d\u00f6nmek zorunda kald\u0131.<\/p>\n","protected":false},"excerpt":{"rendered":"<p>ZONGULDAK&#8217;TA ETK\u0130L\u0130 OLAN SICAK HAVA NEDEN\u0130YLE VATANDA\u015eLAR KAPUZ PLAJINA AKIN ETT\u0130. YO\u011eUN \u0130LG\u0130 G\u00d6REN PLAJ G\u00dcNEY SAH\u0130LLER\u0130N\u0130 ARATMADI.<\/p>\n","protected":false},"author":1,"featured_media":187122,"comment_status":"closed","ping_status":"open","sticky":false,"template":"","format":"standard","meta":{"jetpack_post_was_ever_published":false,"_jetpack_newsletter_access":"","_jetpack_dont_email_post_to_subs":false,"_jetpack_newsletter_tier_id":0,"_jetpack_memberships_contains_paywalled_content":false,"_jetpack_memberships_contains_paid_content":false,"footnotes":"","jetpack_publicize_message":"","jetpack_publicize_feature_enabled":true,"jetpack_social_post_already_shared":true,"jetpack_social_options":{"image_generator_settings":{"template":"highway","default_image_id":0,"font":"","enabled":false},"version":2}},"categories":[1],"tags":[732,9258,4220,2443,40535],"class_list":["post-187121","post","type-post","status-publish","format-standard","has-post-thumbnail","hentry","category-genel","tag-aratmadi","tag-guney","tag-karadeniz","tag-sahili","tag-sahillerini"],"jetpack_publicize_connections":[],"jetpack_featured_media_url":"https:\/\/i0.wp.com\/www.tvturk.com\/wp-content\/uploads\/2019\/07\/karadeniz-sahili-guney-sahillerini-aratmadi_3a3fe3b.jpg?fit=1000%2C587","jetpack_sharing_enabled":true,"jetpack_shortlink":"https:\/\/wp.me\/paKIfm-MG5","_links":{"self":[{"href":"http:\/\/www.tvturk.com\/index.php\/wp-json\/wp\/v2\/posts\/187121","targetHints":{"allow":["GET"]}}],"collection":[{"href":"http:\/\/www.tvturk.com\/index.php\/wp-json\/wp\/v2\/posts"}],"about":[{"href":"http:\/\/www.tvturk.com\/index.php\/wp-json\/wp\/v2\/types\/post"}],"author":[{"embeddable":true,"href":"http:\/\/www.tvturk.com\/index.php\/wp-json\/wp\/v2\/users\/1"}],"replies":[{"embeddable":true,"href":"http:\/\/www.tvturk.com\/index.php\/wp-json\/wp\/v2\/comments?post=187121"}],"version-history":[{"count":0,"href":"http:\/\/www.tvturk.com\/index.php\/wp-json\/wp\/v2\/posts\/187121\/revisions"}],"wp:featuredmedia":[{"embeddable":true,"href":"http:\/\/www.tvturk.com\/index.php\/wp-json\/wp\/v2\/media\/187122"}],"wp:attachment":[{"href":"http:\/\/www.tvturk.com\/index.php\/wp-json\/wp\/v2\/media?parent=187121"}],"wp:term":[{"taxonomy":"category","embeddable":true,"href":"http:\/\/www.tvturk.com\/index.php\/wp-json\/wp\/v2\/categories?post=187121"},{"taxonomy":"post_tag","embeddable":true,"href":"http:\/\/www.tvturk.com\/index.php\/wp-json\/wp\/v2\/tags?post=187121"}],"curies":[{"name":"wp","href":"https:\/\/api.w.org\/{rel}","templated":true}]}}