{"id":187129,"date":"2019-07-27T15:17:26","date_gmt":"2019-07-27T12:17:26","guid":{"rendered":"http:\/\/www.tvturk.com\/index.php\/seref-nasir-tevfik-bey-talihsiz-bir-aciklama-yapmistir\/"},"modified":"2019-07-27T15:17:26","modified_gmt":"2019-07-27T12:17:26","slug":"seref-nasir-tevfik-bey-talihsiz-bir-aciklama-yapmistir","status":"publish","type":"post","link":"http:\/\/www.tvturk.com\/index.php\/seref-nasir-tevfik-bey-talihsiz-bir-aciklama-yapmistir\/","title":{"rendered":"\u015eeref Nas\u0131r: &#8220;Tevfik Bey talihsiz bir a\u00e7\u0131klama yapm\u0131\u015ft\u0131r&#8221;"},"content":{"rendered":"<p>Be\u015fikta\u015f\u2019ta 3 A\u011fustos tarihinde yap\u0131lacak olan Divan Kurulu Ba\u015fkanl\u0131k Se\u00e7imi i\u00e7in aday olan \u015eeref Nas\u0131r, \u00e7al\u0131\u015fmalar\u0131n\u0131 h\u0131zl\u0131 \u015fekilde s\u00fcrd\u00fcrd\u00fc\u011f\u00fcn\u00fc a\u00e7\u0131klad\u0131. Nas\u0131r, Tevfik Yamant\u00fcrk\u2019\u00fcn &#8220;Se\u00e7ildi\u011fimiz takdirde Divan Kurulu daha etkili olacak&#8221; a\u00e7\u0131klamas\u0131 i\u00e7in de &#8220;Talihsiz bit ifade. Bu zamana kadar neden sormad\u0131lar&#8221; yorumunu yapt\u0131.<\/p>\n<p>Be\u015fikta\u015f\u2019ta ger\u00e7ekle\u015fecek olan Divan Kurulu Ba\u015fkanl\u0131\u011f\u0131 se\u00e7imi \u00f6ncesinde adaylar \u00e7al\u0131\u015fmalar\u0131n\u0131 s\u00fcrd\u00fcr\u00fcyor. Daha \u00f6nce bu g\u00f6revi yapm\u0131\u015f olan, \u015eeref Nas\u0131r, yeniden aday oldu\u011funu a\u00e7\u0131klayarak Tevfik Yamant\u00fcrk\u2019le ba\u015fkanl\u0131k yar\u0131\u015f\u0131na girecek. 3 A\u011fustos\u2019ta yap\u0131lacak se\u00e7im \u00f6ncesinde \u00e7al\u0131\u015fmalar\u0131n\u0131 s\u00fcrd\u00fcren Nas\u0131r, \u0130HA\u2019ya a\u00e7\u0131klamalarda bulundu. Sabah ak\u015fam demeden \u00fcyelerle g\u00f6r\u00fc\u015ft\u00fc\u011f\u00fcn\u00fc ifade eden \u015eeref Nas\u0131r, &#8220;Divan Kurulu, Be\u015fikta\u015f\u2019\u0131n son kalesi. Y\u00f6netime hesap soran anlay\u0131\u015fta olmas\u0131 gerekir. \u015eu ana kadar se\u00e7im \u00e7al\u0131\u015fmalar\u0131nda \u00e7ok g\u00fczel geri d\u00f6n\u00fc\u015fler ald\u0131m. Umar\u0131m se\u00e7im, Be\u015fikta\u015f i\u00e7in hay\u0131rl\u0131 olur&#8221; ifadelerini kulland\u0131.<\/p>\n<p>&#8220;Talihsiz bir ifade kulland\u0131&#8221;<\/p>\n<p>Mevcut Divan Kurulu Ba\u015fkan\u0131 Tevfik Yamant\u00fcrk\u2019\u00fcn yapt\u0131\u011f\u0131 bas\u0131n toplant\u0131s\u0131na da de\u011finen Nas\u0131r, Yamant\u00fcrk\u2019\u00fcn &#8220;Se\u00e7ildi\u011fimiz takdirde Divan Kurulu daha etkili olacak&#8221; a\u00e7\u0131klamas\u0131n\u0131 yorumlad\u0131. Tevfik Yamant\u00fcrk ve ekibinin zaten g\u00f6revde oldu\u011funu s\u00f6yleyen Nas\u0131r, &#8220;Kendisi \u00e7ok talihsiz bir a\u00e7\u0131klama yapm\u0131\u015ft\u0131r. Bu zamana kadar neden etkili de\u011fillerdi. Bor\u00e7lar y\u00fckselirken y\u00f6netimi uyaracaklar\u0131 yerde ge\u00e7en sene bir a\u00e7\u0131klama yaparak \u2019Faizler y\u00fckseldi ve Be\u015fikta\u015f\u2019\u0131n gayrimenkullerini satmas\u0131 gerekir\u2019 demi\u015fti. Yapt\u0131\u011f\u0131 a\u00e7\u0131klamay\u0131 \u00e7ok talihsiz buluyorum. Denetleme Kurulu ve Sicil Kurulu da i\u015flevsiz durumda. Umar\u0131m yap\u0131lacak se\u00e7imle Be\u015fikta\u015f kazan\u00e7l\u0131 \u00e7\u0131kacakt\u0131r&#8221; diyerek s\u00f6zlerini tamamlad\u0131.<\/p>\n","protected":false},"excerpt":{"rendered":"<p>BE\u015e\u0130KTA\u015e&#8217;TA 3 A\u011eUSTOS TAR\u0130H\u0130NDE YAPILACAK OLAN D\u0130VAN KURULU BA\u015eKANLIK SE\u00c7\u0130M\u0130 \u0130\u00c7\u0130N ADAY OLAN \u015eEREF NASIR, \u00c7ALI\u015eMALARINI HIZLI \u015eEK\u0130LDE S\u00dcRD\u00dcRD\u00dc\u011e\u00dcN\u00dc A\u00c7IKLADI. NASIR, TEVF\u0130K YAMANT\u00dcRK&#8217;\u00dcN &#8220;SE\u00c7\u0130LD\u0130\u011e\u0130M\u0130Z TAKD\u0130RDE D\u0130VAN KURULU DAHA ETK\u0130L\u0130 OLACAK&#8221; A\u00c7IKLAMASI \u0130\u00c7\u0130N DE &#8220;TAL\u0130HS\u0130Z B\u0130T \u0130FADE. BU ZAMANA KADAR NEDEN SORMADILAR&#8221; YORUMUNU YAPTI.<\/p>\n","protected":false},"author":1,"featured_media":187130,"comment_status":"closed","ping_status":"open","sticky":false,"template":"","format":"standard","meta":{"jetpack_post_was_ever_published":false,"_jetpack_newsletter_access":"","_jetpack_dont_email_post_to_subs":false,"_jetpack_newsletter_tier_id":0,"_jetpack_memberships_contains_paywalled_content":false,"_jetpack_memberships_contains_paid_content":false,"footnotes":"","jetpack_publicize_message":"","jetpack_publicize_feature_enabled":true,"jetpack_social_post_already_shared":true,"jetpack_social_options":{"image_generator_settings":{"template":"highway","default_image_id":0,"font":"","enabled":false},"version":2}},"categories":[657],"tags":[3349,715,125,24645,4554,9508,21976,20588],"class_list":["post-187129","post","type-post","status-publish","format-standard","has-post-thumbnail","hentry","category-spor","tag-aciklama","tag-bey","tag-bir","tag-nasir","tag-seref","tag-talihsiz","tag-tevfik","tag-yapmistir"],"jetpack_publicize_connections":[],"jetpack_featured_media_url":"https:\/\/i0.wp.com\/www.tvturk.com\/wp-content\/uploads\/2019\/07\/seref-nasir-tevfik-bey-talihsiz-bir-aciklama-yapmistir_eb15875.jpg?fit=1000%2C750","jetpack_sharing_enabled":true,"jetpack_shortlink":"https:\/\/wp.me\/paKIfm-MGd","_links":{"self":[{"href":"http:\/\/www.tvturk.com\/index.php\/wp-json\/wp\/v2\/posts\/187129","targetHints":{"allow":["GET"]}}],"collection":[{"href":"http:\/\/www.tvturk.com\/index.php\/wp-json\/wp\/v2\/posts"}],"about":[{"href":"http:\/\/www.tvturk.com\/index.php\/wp-json\/wp\/v2\/types\/post"}],"author":[{"embeddable":true,"href":"http:\/\/www.tvturk.com\/index.php\/wp-json\/wp\/v2\/users\/1"}],"replies":[{"embeddable":true,"href":"http:\/\/www.tvturk.com\/index.php\/wp-json\/wp\/v2\/comments?post=187129"}],"version-history":[{"count":0,"href":"http:\/\/www.tvturk.com\/index.php\/wp-json\/wp\/v2\/posts\/187129\/revisions"}],"wp:featuredmedia":[{"embeddable":true,"href":"http:\/\/www.tvturk.com\/index.php\/wp-json\/wp\/v2\/media\/187130"}],"wp:attachment":[{"href":"http:\/\/www.tvturk.com\/index.php\/wp-json\/wp\/v2\/media?parent=187129"}],"wp:term":[{"taxonomy":"category","embeddable":true,"href":"http:\/\/www.tvturk.com\/index.php\/wp-json\/wp\/v2\/categories?post=187129"},{"taxonomy":"post_tag","embeddable":true,"href":"http:\/\/www.tvturk.com\/index.php\/wp-json\/wp\/v2\/tags?post=187129"}],"curies":[{"name":"wp","href":"https:\/\/api.w.org\/{rel}","templated":true}]}}