{"id":187131,"date":"2019-07-27T15:31:45","date_gmt":"2019-07-27T12:31:45","guid":{"rendered":"http:\/\/www.tvturk.com\/index.php\/uludagda-tadilat-krizi\/"},"modified":"2019-07-27T15:31:45","modified_gmt":"2019-07-27T12:31:45","slug":"uludagda-tadilat-krizi","status":"publish","type":"post","link":"http:\/\/www.tvturk.com\/index.php\/uludagda-tadilat-krizi\/","title":{"rendered":"Uluda\u011f\u2019da tadilat krizi"},"content":{"rendered":"<p>Uluda\u011f\u2019\u0131n zirvesine teleferik ile \u00e7\u0131kan yerli ve yabanc\u0131 turistler, merdiven tadilat\u0131na tak\u0131l\u0131yor.<\/p>\n<p>Bursa\u2019da havalar\u0131n mevsim normallerinin \u00fczerinde seyretmesi \u00fczerine yerli ve yabanc\u0131 turistler, Uluda\u011f\u2019\u0131n zirvesinde hem stres at\u0131yor hem de serinliyor. Kendi arabalar\u0131yla gelenler bulduklar\u0131 g\u00f6lge ve serin yerde havan\u0131n tad\u0131n\u0131 \u00e7\u0131kar\u0131rken, teleferik ile \u00e7\u0131kanlar ise tadilata tak\u0131l\u0131yor. Kurba\u011fakaya istasyonu \u00e7\u0131k\u0131\u015f\u0131nda olan merdivenlerde tadilat yap\u0131ld\u0131\u011f\u0131 i\u00e7in yerli ve yabanc\u0131 turistlerin teleferi\u011fin bah\u00e7esinden \u00e7\u0131kmadan geri d\u00f6nd\u00fc\u011f\u00fcn\u00fc iddia eden Uluda\u011f\u2019daki i\u015fletmecilerden Erdal Mami\u015f, \u201cEsnaf, taksici ve minib\u00fcs\u00e7\u00fc olarak \u00e7ok ma\u011fduruz. Buradaki kap\u0131 kapand\u0131\u011f\u0131ndan yolcular gelmiyor. Kap\u0131 kapal\u0131 oldu\u011fu i\u00e7in geri d\u00f6n\u00fcyorlar. A\u015fa\u011f\u0131dan binen yolculara \u2018yukar\u0131da bir \u015fey yok. kap\u0131 kapal\u0131\u2019 dendi\u011fi i\u00e7in de kimse gelmiyor. Buradaki esnaflar ma\u011fdur. Siftah yapmadan g\u00fcn\u00fc kapat\u0131yoruz. Buradaki 1-2 saatlik fayans i\u015fi var. Pazartesi g\u00fcn\u00fcnden beri kapal\u0131, \u00f6yle duruyor. Yetkililerden bir a\u00e7\u0131klama yok. Tadilat var diyorlar, ama tadilat da yap\u0131lm\u0131yor. Normal servis 4-5 tur atmas\u0131 gerekirken bir tur bile atam\u0131yor. Arap turistler de geliyor bekliyor. D\u0131\u015far\u0131 \u00e7\u0131kan dahi yok\u201d dedi.<\/p>\n<p>Uluda\u011f Kayak Kul\u00fcb\u00fc Ba\u015fkan\u0131 Resul K\u00f6yl\u00fc de, \u201cYetkililerin bir an \u00f6nce buray\u0131 yap\u0131p arkada\u015flar\u0131n ma\u011fduriyetini ortadan kald\u0131rmas\u0131 laz\u0131m. Bundan dolay\u0131 buran\u0131n bir taraf\u0131n\u0131 a\u00e7\u0131k tutsunlar, di\u011fer tarafta yine \u00e7al\u0131\u015fmalar devam etsin esnaf ve insanlar ma\u011fdur olmas\u0131n. Burada \u00e7ok b\u00fcy\u00fck i\u015f yok\u201d diye konu\u015ftu.<\/p>\n<p>Tadilat yap\u0131lan merdivenlerin haricinde sa\u011f ve solda ayr\u0131 2 kap\u0131n\u0131n oldu\u011funu a\u00e7\u0131klayan Teleferik A.\u015e. yetkilileri ise, zaman\u0131 geldi\u011finde tadilat\u0131 bitireceklerini s\u00f6ylediler.<\/p>\n","protected":false},"excerpt":{"rendered":"<p>ULUDA\u011e\u2019IN Z\u0130RVES\u0130NE TELEFER\u0130K \u0130LE \u00c7IKAN YERL\u0130 VE YABANCI TUR\u0130STLER, MERD\u0130VEN TAD\u0130LATINA TAKILDI\u011eINI \u0130DD\u0130A EDEN \u0130\u015eLETMEC\u0130LER, MA\u011eDUR\u0130YET\u0130N B\u0130RAN \u00d6NCE G\u0130DER\u0130LMES\u0130N\u0130 \u0130STED\u0130.<\/p>\n","protected":false},"author":1,"featured_media":187132,"comment_status":"closed","ping_status":"open","sticky":false,"template":"","format":"standard","meta":{"jetpack_post_was_ever_published":false,"_jetpack_newsletter_access":"","_jetpack_dont_email_post_to_subs":false,"_jetpack_newsletter_tier_id":0,"_jetpack_memberships_contains_paywalled_content":false,"_jetpack_memberships_contains_paid_content":false,"footnotes":"","jetpack_publicize_message":"","jetpack_publicize_feature_enabled":true,"jetpack_social_post_already_shared":true,"jetpack_social_options":{"image_generator_settings":{"template":"highway","default_image_id":0,"font":"","enabled":false},"version":2}},"categories":[1],"tags":[2121,4286,723],"class_list":["post-187131","post","type-post","status-publish","format-standard","has-post-thumbnail","hentry","category-genel","tag-krizi","tag-tadilat","tag-uludagda"],"jetpack_publicize_connections":[],"jetpack_featured_media_url":"https:\/\/i0.wp.com\/www.tvturk.com\/wp-content\/uploads\/2019\/07\/uludagda-tadilat-krizi_cf8c531.jpg?fit=1000%2C666","jetpack_sharing_enabled":true,"jetpack_shortlink":"https:\/\/wp.me\/paKIfm-MGf","_links":{"self":[{"href":"http:\/\/www.tvturk.com\/index.php\/wp-json\/wp\/v2\/posts\/187131","targetHints":{"allow":["GET"]}}],"collection":[{"href":"http:\/\/www.tvturk.com\/index.php\/wp-json\/wp\/v2\/posts"}],"about":[{"href":"http:\/\/www.tvturk.com\/index.php\/wp-json\/wp\/v2\/types\/post"}],"author":[{"embeddable":true,"href":"http:\/\/www.tvturk.com\/index.php\/wp-json\/wp\/v2\/users\/1"}],"replies":[{"embeddable":true,"href":"http:\/\/www.tvturk.com\/index.php\/wp-json\/wp\/v2\/comments?post=187131"}],"version-history":[{"count":0,"href":"http:\/\/www.tvturk.com\/index.php\/wp-json\/wp\/v2\/posts\/187131\/revisions"}],"wp:featuredmedia":[{"embeddable":true,"href":"http:\/\/www.tvturk.com\/index.php\/wp-json\/wp\/v2\/media\/187132"}],"wp:attachment":[{"href":"http:\/\/www.tvturk.com\/index.php\/wp-json\/wp\/v2\/media?parent=187131"}],"wp:term":[{"taxonomy":"category","embeddable":true,"href":"http:\/\/www.tvturk.com\/index.php\/wp-json\/wp\/v2\/categories?post=187131"},{"taxonomy":"post_tag","embeddable":true,"href":"http:\/\/www.tvturk.com\/index.php\/wp-json\/wp\/v2\/tags?post=187131"}],"curies":[{"name":"wp","href":"https:\/\/api.w.org\/{rel}","templated":true}]}}