{"id":187139,"date":"2019-07-27T15:32:49","date_gmt":"2019-07-27T12:32:49","guid":{"rendered":"http:\/\/www.tvturk.com\/index.php\/bakan-selcuk-2040a-hazirlanmazsak-bugunku-egitimin-kaliteli-gostermenin-anlami-yok\/"},"modified":"2019-07-27T15:32:49","modified_gmt":"2019-07-27T12:32:49","slug":"bakan-selcuk-2040a-hazirlanmazsak-bugunku-egitimin-kaliteli-gostermenin-anlami-yok","status":"publish","type":"post","link":"http:\/\/www.tvturk.com\/index.php\/bakan-selcuk-2040a-hazirlanmazsak-bugunku-egitimin-kaliteli-gostermenin-anlami-yok\/","title":{"rendered":"Bakan Sel\u00e7uk: &#8220;2040\u2019a haz\u0131rlanmazsak bug\u00fcnk\u00fc e\u011fitimin kaliteli g\u00f6stermenin anlam\u0131 yok\u201d"},"content":{"rendered":"<p>Milli E\u011fitimi Bakan\u0131 Ziya Sel\u00e7uk, yeni \u00e7a\u011f\u0131n ihtiya\u00e7lar\u0131n\u0131n farkl\u0131 oldu\u011funu kaydederek, &#8220;Buraya haz\u0131rlanman\u0131n ba\u015fka bir yolu var. Bizim bak\u0131\u015f a\u00e7\u0131m\u0131z do\u011fmam\u0131\u015f \u00e7ocuklar\u0131n hukukunu korumak. 2040\u2019a haz\u0131rlanmazsak bug\u00fcnk\u00fc e\u011fitimi kaliteli g\u00f6stermenin anlam\u0131 yok&#8221; dedi.<\/p>\n<p>Sel\u00e7uk, \u00c7e\u015fme il\u00e7esindeki bir otelde Ege Sanayicileri ve \u0130\u015finsanlar\u0131 Derne\u011fi (ES\u0130AD) taraf\u0131ndan d\u00fczenlenen 34. Y\u00fcksek \u0130sti\u015fare Konseyi Toplant\u0131s\u0131\u2019nda yapt\u0131\u011f\u0131 konu\u015fmada, e\u011fitimi d\u00fcnyay\u0131 okuma meselesi olarak g\u00f6rmekte fayda bulundu\u011funu belirtti.<\/p>\n<p>E\u011fitimi teknik bir alan olarak ele ald\u0131klar\u0131n\u0131, standartlar, bile\u015fen analizleri gibi konularla de\u011ferlendirdiklerini aktaran Sel\u00e7uk, bu ama\u00e7la bir vizyon program\u0131 ortaya koyduklar\u0131n\u0131 vurgulad\u0131.<\/p>\n<p>Yol haritas\u0131n\u0131, g\u00fcnl\u00fck, ayl\u0131k ve y\u0131ll\u0131k olarak belirlediklerini s\u00f6yleyen Bakan Sel\u00e7uk, &#8220;2023 y\u0131l\u0131na kadar \u015funlar yap\u0131lacak, hi\u00e7 kimse s\u00fcrprizle kar\u015f\u0131la\u015fmas\u0131n, herkes m\u00fcktesep hakk\u0131n\u0131 koruyacak ve bir \u015fekilde biz bu yol haritas\u0131n\u0131 topluma hesap vermenin yolu olarak da g\u00f6r\u00fcyoruz&#8221; dedi.<\/p>\n<p>Sel\u00e7uk, ko\u015fullar\u0131n da de\u011fi\u015fkenlik g\u00f6sterdi\u011fini, ama niyet beyan\u0131 olarak hedeflerini ortaya koyduklar\u0131n\u0131 ifade etti.<\/p>\n<p>Otomasyon sistemi<\/p>\n<p>Yap\u0131c\u0131 ele\u015ftiriyi faydal\u0131 g\u00f6rd\u00fcklerine i\u015faret eden Sel\u00e7uk, \u00f6zellikle meslek liselerine y\u00f6nelik ele\u015ftirilerde optimizasyon ve ihtiya\u00e7 konusunun da g\u00f6z \u00f6n\u00fcnde bulundurulmas\u0131 gerekti\u011fini dile getirdi.<\/p>\n<p>Sel\u00e7uk, Milli E\u011fitim Bakanl\u0131\u011f\u0131n\u0131n t\u00fcm alt sistemlerindeki verilerin okul, il\u00e7e, il ve genel m\u00fcd\u00fcrl\u00fckler d\u00fczeyinde ayn\u0131 ba\u011flamda g\u00f6r\u00fclmesi ve otomasyon sistemi sayesinde an\u0131nda izlenebilmesi i\u00e7in \u00e7al\u0131\u015fmalar y\u00fcr\u00fctt\u00fcklerini kaydederek, &#8220;T\u00fcrkiye\u2019de ilk kez karar destek \u00e7er\u00e7evesi olan bir yakla\u015f\u0131m ekim ay\u0131nda ba\u015fl\u0131yor&#8221; diye konu\u015ftu.<\/p>\n<p>\u201cAlg\u0131 de\u011fi\u015fecek&#8221;<\/p>\n<p>Meslek e\u011fitiminde 30 senedir bekleyen baz\u0131 sorunlar\u0131 \u00e7\u00f6zme f\u0131rsat\u0131 bulduklar\u0131n\u0131 s\u00f6yleyen Bakan Sel\u00e7uk, bu y\u0131l y\u00fczde 1\u2019lik dilimden \u00e7ok say\u0131da \u00f6\u011frencinin meslek liselerine gitti\u011fini ve bu liselerin de y\u00fczde 98 oran\u0131nda doldu\u011funu hat\u0131rlatt\u0131.<\/p>\n<p>Sel\u00e7uk, T\u00fcrkiye\u2019de \u00fcniversite \u00f6ncesi i\u015f hayat\u0131 ile ilgili olarak yeniden yap\u0131land\u0131r\u0131lmas\u0131 gereken alanlar oldu\u011funu ifade ederek, \u015f\u00f6yle devam etti:<\/p>\n<p>&#8220;Ekonomi ile meslek liseleri aras\u0131nda \u00f6rt\u00fc\u015fme olmas\u0131ndan bahsediyorum. Bunu yapabilir miyiz, tabii yapar\u0131z. Bunun altyap\u0131s\u0131n\u0131 olu\u015fturduk\u00e7a toplumdaki alg\u0131n\u0131n da de\u011fi\u015fecece\u011fini g\u00f6receksiniz. Alt\u0131 ayda yol ald\u0131\u011f\u0131m\u0131z\u0131 g\u00f6rd\u00fck istatistik olarak. Bunun 1-2 y\u0131l sonras\u0131 \u00e7ok daha parlak olacak ama  sizin buna destek vermeniz gerekiyor. Meslek e\u011fitim merkezleri konusunda ben i\u015f d\u00fcnyas\u0131n\u0131n g\u00fcndeminde bile olmad\u0131\u011f\u0131n\u0131 g\u00f6r\u00fcyorum. Bu o kadar hayati bir \u015fey ki&#8230;&#8221;<\/p>\n<p>Uluslararas\u0131 standartlar<\/p>\n<p>D\u00fcnyan\u0131n de\u011fi\u015fti\u011fini, son 3 y\u0131lda evliliklerin y\u00fczde 50\u2019sinin sosyal medya \u00fczerinden tan\u0131\u015fma yoluyla ger\u00e7ekle\u015fti\u011fini an\u0131msatan Bakan Sel\u00e7uk, &#8220;Bu \u00e7ocuklar farkl\u0131 \u00e7ocuklar. Biz geleneksel enstr\u00fcmanlarla ekonomiyi ger\u00e7ekten canland\u0131ramay\u0131z. Bizim uluslararas\u0131 standartlar\u0131 ele alan evrensel bak\u0131\u015f a\u00e7\u0131s\u0131na sahip bir e\u011fitim sistemati\u011fi i\u00e7inde olmam\u0131z laz\u0131m\u201d dedi.<\/p>\n<p>\u201c\u0130nsan beynine yaz\u0131l\u0131m y\u00fcklenen d\u00f6neme giriyoruz\u201d<\/p>\n<p>Bug\u00fcn ilkokul \u00f6\u011frencisi olan \u00e7ocuklar\u0131n 2040 y\u0131l\u0131nda i\u015f hayat\u0131na at\u0131laca\u011f\u0131n\u0131 s\u00f6yleyen Sel\u00e7uk, \u015f\u00f6yle devam etti:<\/p>\n<p>&#8220;\u00dcretimin robotla\u015ft\u0131\u011f\u0131, otomasyonun s\u0131radanla\u015ft\u0131\u011f\u0131, insan beynine yaz\u0131l\u0131m y\u00fcklenen d\u00f6neme gidiyoruz. \u0130lk defa d\u00fcnya tarihinde biyolojik bedene yaz\u0131l\u0131m y\u00fcklendi\u011fi bir \u00e7a\u011f geliyor. Bu d\u00f6nemin ihtiya\u00e7lar\u0131 \u00e7ok farkl\u0131. Sanayi, bilgi \u00e7a\u011f\u0131ndan sonra yeni bir k\u0131r\u0131lma ya\u015fan\u0131yor. Buraya haz\u0131rlanman\u0131n ba\u015fka bir yolu var. Bizim bak\u0131\u015f a\u00e7\u0131m\u0131z do\u011fmam\u0131\u015f \u00e7ocuklar\u0131n hukukunu korumak. 2040\u2019a haz\u0131rlanmazsak bug\u00fcnk\u00fc e\u011fitimin kaliteli g\u00f6stermenin anlam\u0131 yok. Ger\u00e7ekten insani bir e\u011fitim mi&#8230; Refah toplumlar\u0131nda e\u011fitim kalitesi y\u00fckseliyor ama a\u00e7l\u0131k ve obezite de ayn\u0131 anda art\u0131yor. \u0130nsanl\u0131\u011f\u0131n b\u00fcy\u00fck \u00e7eli\u015fkisi, bilimin g\u00fcc\u00fc art\u0131k\u00e7a teknolojinin \u00f6ld\u00fcrme g\u00fcc\u00fc art\u0131yor. Bu bilimin etik bir noksanl\u0131\u011f\u0131 oldu\u011funu g\u00f6steriyor. Sermayenin bilimle ili\u015fkisinin g\u00f6zden ge\u00e7irilmesi gerekti\u011fini g\u00f6steriyor.&#8221;<\/p>\n<p>\u00c7ocuklar\u0131 uluslararas\u0131 standartlardaki yeni soru tipleriyle tan\u0131\u015ft\u0131rd\u0131klar\u0131n\u0131 aktaran Sel\u00e7uk, e\u011fitim sistemini kademeli olarak de\u011fi\u015ftirdiklerini, \u00f6nce altyap\u0131y\u0131 ve \u00f6\u011fretmenleri haz\u0131rlad\u0131klar\u0131n\u0131 dile getirdi.<\/p>\n<p>Bakan Sel\u00e7uk, e\u011fitimi \u00fclke \u00f6devi olarak g\u00f6rd\u00fcklerini dile getirerek, &#8220;Bizim i\u00e7in \u00e7ocu\u011fun \u00fcst\u00fcn yarar\u0131 bu \u00fclkenin faydas\u0131 \u00f6nemli. Hamasetle, sloganla, nutukla de\u011fil bilimle ak\u0131lla metotla e\u011fitimi g\u00fc\u00e7lendirece\u011fiz. Sadece sanayinin ihtiya\u00e7 duydu\u011fu bireyi yeti\u015ftirmek i\u00e7in de\u011fil insan\u0131n b\u00fct\u00fcnsel tekam\u00fcl\u00fc \u00fczerinden hareket ediyoruz\u201d diye konu\u015ftu.<\/p>\n<p>E\u011fitim, ekonomi ve demokrasi aras\u0131ndaki ba\u011f\u0131n g\u00fc\u00e7lendirilebilece\u011fini dile getiren Sel\u00e7uk, nesil yeti\u015ftirmenin uzun mesafeli bir ko\u015fu oldu\u011funu da s\u00f6zlerine ekledi.<\/p>\n","protected":false},"excerpt":{"rendered":"<p>\u0130ZM\u0130R\u2019\u0130N \u00c7E\u015eME \u0130L\u00c7ES\u0130NDE EGE SANAY\u0130C\u0130 VE \u0130\u015e \u0130NSANLARI DERNE\u011e\u0130 (ES\u0130AD) TARAFINDAN B\u0130R OTELDE D\u00dcZENLENEN 34. Y\u00dcKSEK \u0130ST\u0130\u015eARE KONSEY\u0130 TOPLANTISI M\u0130LL\u0130 E\u011e\u0130T\u0130M BAKANI Z\u0130YA SEL\u00c7UK\u2019UN KATILIMIYLA GER\u00c7EKLE\u015eT\u0130.<\/p>\n","protected":false},"author":1,"featured_media":187140,"comment_status":"closed","ping_status":"open","sticky":false,"template":"","format":"standard","meta":{"jetpack_post_was_ever_published":false,"_jetpack_newsletter_access":"","_jetpack_dont_email_post_to_subs":false,"_jetpack_newsletter_tier_id":0,"_jetpack_memberships_contains_paywalled_content":false,"_jetpack_memberships_contains_paid_content":false,"footnotes":"","jetpack_publicize_message":"","jetpack_publicize_feature_enabled":true,"jetpack_social_post_already_shared":true,"jetpack_social_options":{"image_generator_settings":{"template":"highway","default_image_id":0,"font":"","enabled":false},"version":2}},"categories":[1],"tags":[46547,16122,742,46549,13454,46550,46548,11810,4454,664],"class_list":["post-187139","post","type-post","status-publish","format-standard","has-post-thumbnail","hentry","category-genel","tag-2040a","tag-anlami","tag-bakan","tag-bugunku","tag-egitimin","tag-gostermenin","tag-hazirlanmazsak","tag-kaliteli","tag-selcuk","tag-yok"],"jetpack_publicize_connections":[],"jetpack_featured_media_url":"https:\/\/i0.wp.com\/www.tvturk.com\/wp-content\/uploads\/2019\/07\/bakan-selcuk-2040a-hazirlanmazsak-bugunku-egitimin-kaliteli-gostermenin-anlami-yok_b069659.jpg?fit=1000%2C666","jetpack_sharing_enabled":true,"jetpack_shortlink":"https:\/\/wp.me\/paKIfm-MGn","_links":{"self":[{"href":"http:\/\/www.tvturk.com\/index.php\/wp-json\/wp\/v2\/posts\/187139","targetHints":{"allow":["GET"]}}],"collection":[{"href":"http:\/\/www.tvturk.com\/index.php\/wp-json\/wp\/v2\/posts"}],"about":[{"href":"http:\/\/www.tvturk.com\/index.php\/wp-json\/wp\/v2\/types\/post"}],"author":[{"embeddable":true,"href":"http:\/\/www.tvturk.com\/index.php\/wp-json\/wp\/v2\/users\/1"}],"replies":[{"embeddable":true,"href":"http:\/\/www.tvturk.com\/index.php\/wp-json\/wp\/v2\/comments?post=187139"}],"version-history":[{"count":0,"href":"http:\/\/www.tvturk.com\/index.php\/wp-json\/wp\/v2\/posts\/187139\/revisions"}],"wp:featuredmedia":[{"embeddable":true,"href":"http:\/\/www.tvturk.com\/index.php\/wp-json\/wp\/v2\/media\/187140"}],"wp:attachment":[{"href":"http:\/\/www.tvturk.com\/index.php\/wp-json\/wp\/v2\/media?parent=187139"}],"wp:term":[{"taxonomy":"category","embeddable":true,"href":"http:\/\/www.tvturk.com\/index.php\/wp-json\/wp\/v2\/categories?post=187139"},{"taxonomy":"post_tag","embeddable":true,"href":"http:\/\/www.tvturk.com\/index.php\/wp-json\/wp\/v2\/tags?post=187139"}],"curies":[{"name":"wp","href":"https:\/\/api.w.org\/{rel}","templated":true}]}}