{"id":187161,"date":"2019-07-27T16:46:45","date_gmt":"2019-07-27T13:46:45","guid":{"rendered":"http:\/\/www.tvturk.com\/index.php\/muhye-vadi-konutlari-sahiplerini-buldu\/"},"modified":"2019-07-27T16:46:45","modified_gmt":"2019-07-27T13:46:45","slug":"muhye-vadi-konutlari-sahiplerini-buldu","status":"publish","type":"post","link":"http:\/\/www.tvturk.com\/index.php\/muhye-vadi-konutlari-sahiplerini-buldu\/","title":{"rendered":"M\u00fchye Vadi Konutlar\u0131 sahiplerini buldu"},"content":{"rendered":"<p>Ankara\u2019n\u0131n \u00c7ankaya il\u00e7esinde bulunan M\u00fchye Mahallesi \u201cKentsel Geli\u015fim ve D\u00f6n\u00fc\u015f\u00fcm\u201d projesi kapsam\u0131nda yap\u0131lan M\u00fchye Vadi Konutlar\u0131 i\u00e7in kura \u00e7ekimi d\u00fczenlendi. D\u00fczenlenen kura \u00e7ekimiyle hak sahiplerinin alaca\u011f\u0131 daireler belirlendi.<\/p>\n<p>\u00c7evre ve \u015eehircilik Bakanl\u0131\u011f\u0131 Koordinasyonunda, Toplu Konut \u0130daresi (TOK\u0130) Ba\u015fkanl\u0131\u011f\u0131 taraf\u0131ndan Ankara\u2019n\u0131n \u00c7ankaya il\u00e7esinde bulunan M\u00fchye Mahallesinde \u201cKentsel Geli\u015fim ve D\u00f6n\u00fc\u015f\u00fcm\u201d projesi kapsam\u0131nda yap\u0131m\u0131 ger\u00e7ekle\u015ftirilen konutlarda hak sahibi olanlar\u0131n daireleri \u00e7ekili\u015fle belirlendi. Ankara 15. Noterli\u011fi denetimde ger\u00e7ekle\u015ftirilen kura \u00e7ekiminde 482 konut hak sahipleri ile e\u015fle\u015ftirildi.<\/p>\n<p>TOK\u0130 Ba\u015fkanl\u0131\u011f\u0131 Ba\u015fkan Yard\u0131mc\u0131s\u0131 Dursun Ba\u015ft\u00fcrk, hak sahipleri kadar heyecanl\u0131 oldu\u011funu ifade ederek, \u201c\u00c7evre ve \u015eehircilik Bakan\u0131 Murat Kurum\u2019un Genel M\u00fcd\u00fcrl\u00fck zaman\u0131ndan ba\u015flayan ve Bakanl\u0131\u011f\u0131 ile devam eden bu projeye vermi\u015f oldu\u011fu destek, \u00f6nem sizleri bug\u00fcn buraya toplamam\u0131za vesile olmu\u015ftur\u201d dedi. Ba\u015ft\u00fcrk, hak sahibi olanlar\u0131 tekrar tebrik ederek, kura \u00e7ekiminin hay\u0131rl\u0131 olmas\u0131n\u0131 diledi.<\/p>\n<p>Kura \u00e7ekiminin ard\u0131ndan mutluluklar\u0131n\u0131 ifade eden hak sahipleri de, bu proje i\u00e7in Bakan Kurum\u2019a ve TOK\u0130 Ba\u015fkanl\u0131\u011f\u0131na te\u015fekk\u00fcr ettiklerini belirtti.<\/p>\n","protected":false},"excerpt":{"rendered":"<p>ANKARA\u2019NIN \u00c7ANKAYA \u0130L\u00c7ES\u0130NDE BULUNAN M\u00dcHYE MAHALLES\u0130 \u201cKENTSEL GEL\u0130\u015e\u0130M VE D\u00d6N\u00dc\u015e\u00dcM\u201d PROJES\u0130 KAPSAMINDA YAPILAN M\u00dcHYE VAD\u0130 KONUTLARI \u0130\u00c7\u0130N KURA \u00c7EK\u0130M\u0130 D\u00dcZENLEND\u0130. D\u00dcZENLENEN KURA \u00c7EK\u0130M\u0130YLE HAK SAH\u0130PLER\u0130N\u0130N ALACA\u011eI DA\u0130RELER BEL\u0130RLEND\u0130.<\/p>\n","protected":false},"author":1,"featured_media":187162,"comment_status":"closed","ping_status":"open","sticky":false,"template":"","format":"standard","meta":{"jetpack_post_was_ever_published":false,"_jetpack_newsletter_access":"","_jetpack_dont_email_post_to_subs":false,"_jetpack_newsletter_tier_id":0,"_jetpack_memberships_contains_paywalled_content":false,"_jetpack_memberships_contains_paid_content":false,"footnotes":"","jetpack_publicize_message":"","jetpack_publicize_feature_enabled":true,"jetpack_social_post_already_shared":true,"jetpack_social_options":{"image_generator_settings":{"template":"highway","default_image_id":0,"font":"","enabled":false},"version":2}},"categories":[1],"tags":[5392,42335,46552,5880,46553],"class_list":["post-187161","post","type-post","status-publish","format-standard","has-post-thumbnail","hentry","category-genel","tag-buldu","tag-konutlari","tag-muhye","tag-sahiplerini","tag-vadi"],"jetpack_publicize_connections":[],"jetpack_featured_media_url":"https:\/\/i0.wp.com\/www.tvturk.com\/wp-content\/uploads\/2019\/07\/muhye-vadi-konutlari-sahiplerini-buldu_28caf90.jpg?fit=1000%2C666","jetpack_sharing_enabled":true,"jetpack_shortlink":"https:\/\/wp.me\/paKIfm-MGJ","_links":{"self":[{"href":"http:\/\/www.tvturk.com\/index.php\/wp-json\/wp\/v2\/posts\/187161","targetHints":{"allow":["GET"]}}],"collection":[{"href":"http:\/\/www.tvturk.com\/index.php\/wp-json\/wp\/v2\/posts"}],"about":[{"href":"http:\/\/www.tvturk.com\/index.php\/wp-json\/wp\/v2\/types\/post"}],"author":[{"embeddable":true,"href":"http:\/\/www.tvturk.com\/index.php\/wp-json\/wp\/v2\/users\/1"}],"replies":[{"embeddable":true,"href":"http:\/\/www.tvturk.com\/index.php\/wp-json\/wp\/v2\/comments?post=187161"}],"version-history":[{"count":0,"href":"http:\/\/www.tvturk.com\/index.php\/wp-json\/wp\/v2\/posts\/187161\/revisions"}],"wp:featuredmedia":[{"embeddable":true,"href":"http:\/\/www.tvturk.com\/index.php\/wp-json\/wp\/v2\/media\/187162"}],"wp:attachment":[{"href":"http:\/\/www.tvturk.com\/index.php\/wp-json\/wp\/v2\/media?parent=187161"}],"wp:term":[{"taxonomy":"category","embeddable":true,"href":"http:\/\/www.tvturk.com\/index.php\/wp-json\/wp\/v2\/categories?post=187161"},{"taxonomy":"post_tag","embeddable":true,"href":"http:\/\/www.tvturk.com\/index.php\/wp-json\/wp\/v2\/tags?post=187161"}],"curies":[{"name":"wp","href":"https:\/\/api.w.org\/{rel}","templated":true}]}}