{"id":187167,"date":"2019-07-27T17:01:48","date_gmt":"2019-07-27T14:01:48","guid":{"rendered":"http:\/\/www.tvturk.com\/index.php\/hak-is-mardin-subesi-iscilerle-eyleme-hazirlaniyor\/"},"modified":"2019-07-27T17:01:48","modified_gmt":"2019-07-27T14:01:48","slug":"hak-is-mardin-subesi-iscilerle-eyleme-hazirlaniyor","status":"publish","type":"post","link":"http:\/\/www.tvturk.com\/index.php\/hak-is-mardin-subesi-iscilerle-eyleme-hazirlaniyor\/","title":{"rendered":"HAK \u0130\u015e Mardin \u015fubesi i\u015f\u00e7ilerle eyleme haz\u0131rlan\u0131yor"},"content":{"rendered":"<p>HAK-\u0130\u015e Mardin \u015eube Ba\u015fkan\u0131 E\u015fref Cihan, HDP\u2019li B\u00fcy\u00fck\u015fehir ve il\u00e7e belediyelerden haks\u0131z yere i\u015ften \u00e7\u0131kar\u0131lan 313 i\u015f\u00e7i i\u00e7in eylemlere ba\u015flayacaklar\u0131n\u0131 a\u00e7\u0131klad\u0131.<\/p>\n<p>31 Mart se\u00e7imlerine kadar 3 y\u0131ld\u0131r \u0130\u00e7i\u015fleri Bakanl\u0131\u011f\u0131 taraf\u0131ndan g\u00f6revlendirme ile y\u00f6netilen Mardin B\u00fcy\u00fck\u015fehir Belediyesi, K\u0131z\u0131ltepe Belediyesi, Derik Belediyesi ve Nusaybin Belediyesinin se\u00e7imlerde HDP\u2019li belediye ba\u015fkanlar\u0131n\u0131n y\u00f6netime ge\u00e7mesi ile ba\u015flayan i\u015f\u00e7i \u00e7\u0131karmalar\u0131na HAK \u0130\u015e\u2019ten tepki geldi. HAK \u0130\u015e Mardin \u015eube Ba\u015fkan\u0131 E\u015fref Cihan ve i\u015ften \u00e7\u0131kar\u0131lan i\u015f\u00e7iler HDP belediyelerinin haks\u0131z i\u015ften \u00e7\u0131karmalar\u0131na tepki g\u00f6stermeye haz\u0131rlan\u0131yor. HAK \u0130\u015e Mardin \u015eube Ba\u015fkan\u0131 E\u015fref Cihan, eylem plan\u0131 haz\u0131rlad\u0131klar\u0131n\u0131 ifade ederek hukuki s\u00fcrecin yan\u0131nda HDP\u2019li belediyelerin ve \u015fehrin \u00e7e\u015fitli yerlerinde eylem yapacaklar\u0131n\u0131 a\u00e7\u0131klad\u0131.<\/p>\n<p>313 ki\u015finin haks\u0131z yere ve bir \u00e7ok ki\u015finin 29 kodu ile i\u015ften \u00e7\u0131kar\u0131ld\u0131\u011f\u0131n\u0131 hat\u0131rlatan Cihan, i\u015ften \u00e7\u0131kar\u0131lan i\u015f\u00e7iler ile bir araya gelerek eylem plan\u0131 yapt\u0131klar\u0131n\u0131 s\u00f6yledi. Cihan, i\u015f\u00e7ilerle birlikte HAK \u0130\u015e Mardin \u015fubesinde yapt\u0131\u011f\u0131 a\u00e7\u0131klamada \u201cMardin B\u00fcy\u00fck \u015eehir Belediyesinde i\u015f\u00e7i k\u0131y\u0131m\u0131 devam ediyor. Bug\u00fcne kadar 313 ki\u015fi i\u015ften \u00e7\u0131kar\u0131ld\u0131. \u0130\u015ften \u00e7\u0131kartmalarla ilgili yasal s\u00fcre\u00e7 ba\u015flam\u0131\u015f durumdad\u0131r. \u00d6n\u00fcm\u00fczdeki g\u00fcnlerde mahkemeleri g\u00f6r\u00fclecektir. Bizler bir eylem plan\u0131 haz\u0131rlad\u0131k, sesimizi duyuruncaya kadar bu eylem plan\u0131 devam edecektir. \u0130n\u015fallah en k\u0131sa s\u00fcrede belediye y\u00f6netimi bu ma\u011fduriyetleri giderir, hem biz hem de onlar rahatlam\u0131\u015f olur. \u0130\u015ften \u00e7\u0131kar\u0131lan dul yetim \u015fehit yak\u0131n\u0131 arkada\u015flar\u0131m\u0131z\u0131n ideolojik yakla\u015f\u0131mla i\u015ften \u00e7\u0131kar\u0131lmalar\u0131na kar\u015f\u0131 hakk\u0131n\u0131 savunaca\u011f\u0131z. Sendika olarak B\u00fcy\u00fck\u015fehir Belediye Ba\u015fkan\u0131 ile g\u00f6r\u00fc\u015fmem oldu. Bizler bas\u0131nda yer al\u0131nca bize davet geldi. Biz iki kez \u00f6zel kalemden talep ettik cevap verilmedi. Ulusal bas\u0131na yans\u0131mas\u0131 ile kendisi arad\u0131 gittik g\u00f6r\u00fc\u015ft\u00fck haks\u0131z i\u015ften \u00e7\u0131karmalar olmayaca\u011f\u0131n\u0131 ve mobing olmayaca\u011f\u0131n\u0131 beyan etti. Biz hukuki olarak devam yasal s\u00fcrece devam edece\u011fiz. Bug\u00fcn burada bir isti\u015fare toplant\u0131s\u0131 d\u00fczenledik, bundan sonra 15 Temmuz Demokrasi Meydan\u0131nda eylem yapaca\u011f\u0131z, belediye \u00f6n\u00fcnde oturma eylemi ger\u00e7ekle\u015ftirece\u011fiz. Belediye \u00f6n\u00fcnde ekmek b\u0131rakma gibi eylemler yapaca\u011f\u0131z. \u0130\u015ften \u00e7\u0131kart\u0131lan insanlar, bizim insanlar\u0131m\u0131zd\u0131r. Bu insanlar\u0131n tek derdi ekmekleridir. Bizler bu ma\u011fduriyetin giderilmesi talep ediyoruz\u201d dedi.<\/p>\n<p>20 y\u0131l \u00f6nce e\u015fini kaybeden ve belediyede \u00e7al\u0131\u015fan Seval Begda\u015f 2 y\u0131l\u0131 a\u015fk\u0131nd\u0131r b\u00fcy\u00fck\u015fehir belediyesinde g\u00f6rev yapt\u0131\u011f\u0131n\u0131 ifade ederek \u201cBiz siyasi g\u00f6r\u00fc\u015f\u00fcm\u00fcz ne olursa olsun i\u015fimizde ekme\u011fimizdeydik. G\u00f6revimizi hakk\u0131 ile yerine getirdim. Parti siyasi g\u00f6r\u00fc\u015f ay\u0131rt etmeden g\u00f6revimi yerine getirdim. HDP\u2019li belediye g\u00f6reve geldikten sonra bir bu\u00e7uk ay sonra i\u015ften \u00e7\u0131k\u0131\u015f\u0131m\u0131z verildi. Hi\u00e7bir somut delil elimize sunulmadan su\u00e7 unsuru bulunmadan bir ka\u011f\u0131t par\u00e7as\u0131 ile i\u015fimize son verildi. T\u00fcrkiye\u2019nin hi\u00e7bir yerinde g\u00f6r\u00fclmeyen bir zulum, i\u015f\u00e7i k\u0131y\u0131m\u0131, soyk\u0131r\u0131m ya\u015fand\u0131 b\u00fcy\u00fck\u015fehir belediyesinde. Benim neden i\u015fime son verildi\u201d diye konu\u015ftu.<\/p>\n<p>\u201cKayyumla \u00e7al\u0131\u015ft\u0131\u011f\u0131m i\u00e7in ekme\u011fime, i\u015fime son verdiler\u201d<\/p>\n<p>\u0130\u015ften \u00e7\u0131kart\u0131lan Zekiye Karademir ise 5 y\u0131ld\u0131r belediyede \u00e7al\u0131\u015ft\u0131\u011f\u0131n\u0131 ve \u015fu an HDP ma\u011fduru oldu\u011funu s\u00f6yledi. Hi\u00e7bir gerek\u00e7e g\u00f6sterilmeden i\u015flerine son verildi\u011fini kaydeden Karademir, \u201cBen belediyede 5 y\u0131ld\u0131r \u00e7al\u0131\u015f\u0131yordum. Bende bir yetim annesiyim ve HDP ma\u011fduruyum. Hi\u00e7bir su\u00e7um olmadan i\u015ften \u00e7\u0131kar\u0131ld\u0131m. Ben hi\u00e7bir zaman HDP\u2019li olmad\u0131m olmayaca\u011f\u0131m. Bunu HDP\u2019nin yan\u0131na b\u0131rakmayaca\u011f\u0131m. Ekme\u011fimizin pe\u015findeyiz bunu HDP\u2019nin yan\u0131na b\u0131rakmayaca\u011f\u0131z. Ekme\u011fimiz ile oynand\u0131\u201d \u015feklinde konu\u015ftu.<\/p>\n","protected":false},"excerpt":{"rendered":"<p>\u0130\u015eTEN \u00c7IKARTILAN ZEK\u0130YE KARADEM\u0130R \u0130SE 5 YILDIR BELED\u0130YEDE \u00c7ALI\u015eTI\u011eINI VE \u015eU AN HDP MA\u011eDURU OLDU\u011eUNU S\u00d6YLED\u0130. H\u0130\u00c7B\u0130R GEREK\u00c7E G\u00d6STER\u0130LMEDEN \u0130\u015eLER\u0130NE SON VER\u0130LD\u0130\u011e\u0130N\u0130 KAYDEDEN KARADEM\u0130R, \u201cBEN BELED\u0130YEDE 5 YILDIR \u00c7ALI\u015eIYORDUM. BENDE B\u0130R YET\u0130M ANNES\u0130Y\u0130M VE HDP MA\u011eDURUYUM. H\u0130\u00c7B\u0130R SU\u00c7UM OLMADAN \u0130\u015eTEN \u00c7IKARILDIM. BEN H\u0130\u00c7B\u0130R ZAMAN HDP\u2019L\u0130 OLMADIM OLMAYACA\u011eIM. BUNU HDP\u2019N\u0130N YANINA BIRAKMAYACA\u011eIM. EKME\u011e\u0130M\u0130Z\u0130N PE\u015e\u0130NDEY\u0130Z BUNU HDP\u2019N\u0130N YANINA BIRAKMAYACA\u011eIZ. EKME\u011e\u0130M\u0130Z \u0130LE OYNANDI\u201d \u015eEKL\u0130NDE KONU\u015eTU.<\/p>\n","protected":false},"author":1,"featured_media":187168,"comment_status":"closed","ping_status":"open","sticky":false,"template":"","format":"standard","meta":{"jetpack_post_was_ever_published":false,"_jetpack_newsletter_access":"","_jetpack_dont_email_post_to_subs":false,"_jetpack_newsletter_tier_id":0,"_jetpack_memberships_contains_paywalled_content":false,"_jetpack_memberships_contains_paid_content":false,"footnotes":"","jetpack_publicize_message":"","jetpack_publicize_feature_enabled":true,"jetpack_social_post_already_shared":true,"jetpack_social_options":{"image_generator_settings":{"template":"highway","default_image_id":0,"font":"","enabled":false},"version":2}},"categories":[1],"tags":[22354,964,297,432,5825,8799,287],"class_list":["post-187167","post","type-post","status-publish","format-standard","has-post-thumbnail","hentry","category-genel","tag-eyleme","tag-hak","tag-hazirlaniyor","tag-is","tag-iscilerle","tag-mardin","tag-subesi"],"jetpack_publicize_connections":[],"jetpack_featured_media_url":"https:\/\/i0.wp.com\/www.tvturk.com\/wp-content\/uploads\/2019\/07\/hak-is-mardin-subesi-iscilerle-eyleme-hazirlaniyor_8ab31d0.jpg?fit=1000%2C750","jetpack_sharing_enabled":true,"jetpack_shortlink":"https:\/\/wp.me\/paKIfm-MGP","_links":{"self":[{"href":"http:\/\/www.tvturk.com\/index.php\/wp-json\/wp\/v2\/posts\/187167","targetHints":{"allow":["GET"]}}],"collection":[{"href":"http:\/\/www.tvturk.com\/index.php\/wp-json\/wp\/v2\/posts"}],"about":[{"href":"http:\/\/www.tvturk.com\/index.php\/wp-json\/wp\/v2\/types\/post"}],"author":[{"embeddable":true,"href":"http:\/\/www.tvturk.com\/index.php\/wp-json\/wp\/v2\/users\/1"}],"replies":[{"embeddable":true,"href":"http:\/\/www.tvturk.com\/index.php\/wp-json\/wp\/v2\/comments?post=187167"}],"version-history":[{"count":0,"href":"http:\/\/www.tvturk.com\/index.php\/wp-json\/wp\/v2\/posts\/187167\/revisions"}],"wp:featuredmedia":[{"embeddable":true,"href":"http:\/\/www.tvturk.com\/index.php\/wp-json\/wp\/v2\/media\/187168"}],"wp:attachment":[{"href":"http:\/\/www.tvturk.com\/index.php\/wp-json\/wp\/v2\/media?parent=187167"}],"wp:term":[{"taxonomy":"category","embeddable":true,"href":"http:\/\/www.tvturk.com\/index.php\/wp-json\/wp\/v2\/categories?post=187167"},{"taxonomy":"post_tag","embeddable":true,"href":"http:\/\/www.tvturk.com\/index.php\/wp-json\/wp\/v2\/tags?post=187167"}],"curies":[{"name":"wp","href":"https:\/\/api.w.org\/{rel}","templated":true}]}}