{"id":187169,"date":"2019-07-27T17:16:37","date_gmt":"2019-07-27T14:16:37","guid":{"rendered":"http:\/\/www.tvturk.com\/index.php\/gokceadada-korkutan-yangin\/"},"modified":"2019-07-27T17:16:37","modified_gmt":"2019-07-27T14:16:37","slug":"gokceadada-korkutan-yangin","status":"publish","type":"post","link":"http:\/\/www.tvturk.com\/index.php\/gokceadada-korkutan-yangin\/","title":{"rendered":"G\u00f6k\u00e7eada\u2019da korkutan yang\u0131n"},"content":{"rendered":"<p>\u00c7anakkale\u2019nin G\u00f6k\u00e7eada il\u00e7esindeki makilik bir alanda yang\u0131n \u00e7\u0131kt\u0131. Yang\u0131n hen\u00fcz kontrol alt\u0131na al\u0131namad\u0131.<\/p>\n<p>Edinilen bilgilere g\u00f6re, E\u015felek mevkiinde bulunan bir \u00e7\u00f6p b\u00f6lgesinde \u00e7\u0131kt\u0131\u011f\u0131 tahmin edilen yang\u0131n k\u0131sa s\u00fcrede \u00e7evreye yay\u0131ld\u0131. \u0130tfaiye ekiplerinin yang\u0131n s\u00f6nd\u00fcrme \u00e7al\u0131\u015fmalar\u0131na destek i\u00e7in b\u00f6lgeye 1 helikopter de sevk edildi. R\u00fczgar sebebiyle k\u0131sa s\u00fcrede b\u00fcy\u00fcyen ve hen\u00fcz kontrol alt\u0131na al\u0131namayan yang\u0131n\u0131 adal\u0131lar panikle takip ediyor. Yang\u0131n\u0131n, b\u00f6lgedeki \u00e7\u00f6plerin yanmas\u0131 sonucu ortaya \u00e7\u0131kt\u0131\u011f\u0131 ve k\u0131sa s\u00fcrede b\u00fcy\u00fcd\u00fc\u011f\u00fc iddia ediliyor.<\/p>\n","protected":false},"excerpt":{"rendered":"<p>\u00c7ANAKKALE\u2019N\u0130N G\u00d6K\u00c7EADA \u0130L\u00c7ES\u0130NDEK\u0130 MAK\u0130L\u0130K B\u0130R ALANDA YANGIN \u00c7IKTI. YANGIN HEN\u00dcZ KONTROL ALTINA ALINAMADI.<\/p>\n","protected":false},"author":1,"featured_media":187170,"comment_status":"closed","ping_status":"open","sticky":false,"template":"","format":"standard","meta":{"jetpack_post_was_ever_published":false,"_jetpack_newsletter_access":"","_jetpack_dont_email_post_to_subs":false,"_jetpack_newsletter_tier_id":0,"_jetpack_memberships_contains_paywalled_content":false,"_jetpack_memberships_contains_paid_content":false,"footnotes":"","jetpack_publicize_message":"","jetpack_publicize_feature_enabled":true,"jetpack_social_post_already_shared":true,"jetpack_social_options":{"image_generator_settings":{"template":"highway","default_image_id":0,"font":"","enabled":false},"version":2}},"categories":[1],"tags":[3829,3560,1617],"class_list":["post-187169","post","type-post","status-publish","format-standard","has-post-thumbnail","hentry","category-genel","tag-gokceadada","tag-korkutan","tag-yangin"],"jetpack_publicize_connections":[],"jetpack_featured_media_url":"https:\/\/i0.wp.com\/www.tvturk.com\/wp-content\/uploads\/2019\/07\/gokceadada-korkutan-yangin_aaed513.jpg?fit=1000%2C750","jetpack_sharing_enabled":true,"jetpack_shortlink":"https:\/\/wp.me\/paKIfm-MGR","_links":{"self":[{"href":"http:\/\/www.tvturk.com\/index.php\/wp-json\/wp\/v2\/posts\/187169","targetHints":{"allow":["GET"]}}],"collection":[{"href":"http:\/\/www.tvturk.com\/index.php\/wp-json\/wp\/v2\/posts"}],"about":[{"href":"http:\/\/www.tvturk.com\/index.php\/wp-json\/wp\/v2\/types\/post"}],"author":[{"embeddable":true,"href":"http:\/\/www.tvturk.com\/index.php\/wp-json\/wp\/v2\/users\/1"}],"replies":[{"embeddable":true,"href":"http:\/\/www.tvturk.com\/index.php\/wp-json\/wp\/v2\/comments?post=187169"}],"version-history":[{"count":0,"href":"http:\/\/www.tvturk.com\/index.php\/wp-json\/wp\/v2\/posts\/187169\/revisions"}],"wp:featuredmedia":[{"embeddable":true,"href":"http:\/\/www.tvturk.com\/index.php\/wp-json\/wp\/v2\/media\/187170"}],"wp:attachment":[{"href":"http:\/\/www.tvturk.com\/index.php\/wp-json\/wp\/v2\/media?parent=187169"}],"wp:term":[{"taxonomy":"category","embeddable":true,"href":"http:\/\/www.tvturk.com\/index.php\/wp-json\/wp\/v2\/categories?post=187169"},{"taxonomy":"post_tag","embeddable":true,"href":"http:\/\/www.tvturk.com\/index.php\/wp-json\/wp\/v2\/tags?post=187169"}],"curies":[{"name":"wp","href":"https:\/\/api.w.org\/{rel}","templated":true}]}}