{"id":187179,"date":"2019-07-27T17:46:32","date_gmt":"2019-07-27T14:46:32","guid":{"rendered":"http:\/\/www.tvturk.com\/index.php\/heyelan-magarayi-ortaya-cikardi\/"},"modified":"2019-07-27T17:46:32","modified_gmt":"2019-07-27T14:46:32","slug":"heyelan-magarayi-ortaya-cikardi","status":"publish","type":"post","link":"http:\/\/www.tvturk.com\/index.php\/heyelan-magarayi-ortaya-cikardi\/","title":{"rendered":"Heyelan, ma\u011faray\u0131 ortaya \u00e7\u0131kard\u0131"},"content":{"rendered":"<p>Zonguldak\u2019\u0131n Ere\u011fli il\u00e7esinde ge\u00e7ti\u011fimiz haftalarda ya\u011fan a\u015f\u0131r\u0131 ya\u011f\u0131\u015flar sonras\u0131 olu\u015fan heyelan K\u00f6sea\u011fz\u0131 mevkisinde bir ma\u011faran\u0131n ortaya \u00e7\u0131kmas\u0131na yol a\u00e7t\u0131.<\/p>\n<p>Kdz. Ere\u011fli il\u00e7esinde ge\u00e7ti\u011fimiz haftalarda ya\u011fan a\u015f\u0131r\u0131 ya\u011f\u0131\u015flar bir\u00e7ok noktada heyelana yol a\u00e7t\u0131. \u0130l\u00e7eye ba\u011fl\u0131 Ke\u015fkek K\u00f6y\u00fc s\u0131n\u0131rlar\u0131 i\u00e7erisinde bulunan Ere\u011fli-Kandilli yolu \u00fczerinde de baz\u0131 noktalarda heyelanlar meydana geldi. K\u00f6sea\u011fz\u0131 mevkisinde Kandilli Beldesi istikametine gidi\u015fte yakla\u015f\u0131k 600 metre ileride ki yol kenar\u0131nda olu\u015fan heyelanla birlikte \u00e7ok eski bir ma\u011fara da k\u0131smen ortaya \u00e7\u0131kt\u0131. Ma\u011faran\u0131n uzunlu\u011fu yakla\u015f\u0131k 50 metreyi bulurken, i\u00e7erisindeki topra\u011f\u0131n \u00e7\u0131kar\u0131lmas\u0131 ile birlikte daha da b\u00fcy\u00fck oldu\u011fu tahmin ediliyor. \u0130\u00e7erisinde olu\u015fan sark\u0131klar nedeniyle \u00e7ok eski oldu\u011fu tahmin edilen ma\u011faran\u0131n g\u00fcn y\u00fcz\u00fcne \u00e7\u0131kar\u0131lmas\u0131 isteniyor. 43 y\u0131ld\u0131r Kandilli Beldesi\u2019nde ya\u015fad\u0131\u011f\u0131n\u0131 ve her g\u00fcn Ere\u011fli il\u00e7esine gelip gitmek i\u00e7in bu yolu kulland\u0131\u011f\u0131n\u0131 belirten Fevzi \u00d6mer Y\u0131ld\u0131z, ma\u011faray\u0131 g\u00f6rd\u00fc\u011f\u00fcnde \u00e7ok \u015fa\u015f\u0131rd\u0131\u011f\u0131n\u0131 s\u00f6yledi. Daha \u00f6nce kayal\u0131k g\u00f6rd\u00fc\u011f\u00fc b\u00f6lgede bir ma\u011faran\u0131n ortaya \u00e7\u0131kmas\u0131n\u0131 \u015fa\u015fk\u0131nl\u0131kla kar\u015f\u0131lad\u0131\u011f\u0131n\u0131 anlatan Y\u0131ld\u0131z, Zonguldak Valili\u011fi ve Ere\u011fli Kaymakaml\u0131\u011f\u0131\u2019ndan b\u00f6lgede inceleme yap\u0131lmas\u0131 i\u00e7in giri\u015fimlerde bulunmalar\u0131n\u0131 istedi. Y\u0131ld\u0131z gazetecilere yapt\u0131\u011f\u0131 a\u00e7\u0131klamada \u201cKandilli Beldesi\u2019nde ikamet etmekteyim ve 43 ya\u015f\u0131nday\u0131m. 43 y\u0131ld\u0131r Ere\u011fli istikametine gidip geliyoruz. Bu yol \u00fczerinden ge\u00e7ti\u011fimiz g\u00fcnlerde ge\u00e7erken b\u00fcy\u00fck bir bo\u015fluk g\u00f6rd\u00fcm. Arkada\u015f\u0131ma \u2018Bir durup bakal\u0131m\u2019 dedim. Bakarken i\u00e7eri girdim. \u0130\u00e7eri girdi\u011fimde gidebildi\u011fim kadar\u0131yla 50 metre kadar bir bo\u015fluk var. Bu ma\u011faran\u0131n da kapat\u0131l\u0131p kapat\u0131lmad\u0131\u011f\u0131na y\u00f6nelik s\u00f6ylentiler vard\u0131. Zonguldak Valimizin bu konuya hassasiyet g\u00f6stermesini ve turizme kazand\u0131r\u0131lmas\u0131 i\u00e7in \u00e7al\u0131\u015fma ba\u015flatmas\u0131n\u0131 istiyorum. Valimizin bu konuya duyarl\u0131l\u0131k g\u00f6sterece\u011fine inan\u0131yorum. Ma\u011faran\u0131n i\u00e7erisinde sark\u0131klar var. Bunlar ka\u00e7 y\u00fczy\u0131la dayan\u0131r bunlar ara\u015ft\u0131r\u0131lmal\u0131. \u0130nan\u0131yorum ki bu ma\u011faran\u0131n tarihi \u00e7ok daha eskilere dayan\u0131yor\u201d dedi.<\/p>\n","protected":false},"excerpt":{"rendered":"<p>ZONGULDAK\u2019IN ERE\u011eL\u0130 \u0130L\u00c7ES\u0130NDE GE\u00c7T\u0130\u011e\u0130M\u0130Z HAFTALARDA YA\u011eAN A\u015eIRI YA\u011eI\u015eLAR SONRASI OLU\u015eAN HEYELAN K\u00d6SEA\u011eZI MEVK\u0130S\u0130NDE B\u0130R MA\u011eARANIN ORTAYA \u00c7IKMASINA YOL A\u00c7TI.<\/p>\n","protected":false},"author":1,"featured_media":187180,"comment_status":"closed","ping_status":"open","sticky":false,"template":"","format":"standard","meta":{"jetpack_post_was_ever_published":false,"_jetpack_newsletter_access":"","_jetpack_dont_email_post_to_subs":false,"_jetpack_newsletter_tier_id":0,"_jetpack_memberships_contains_paywalled_content":false,"_jetpack_memberships_contains_paid_content":false,"footnotes":"","jetpack_publicize_message":"","jetpack_publicize_feature_enabled":true,"jetpack_social_post_already_shared":true,"jetpack_social_options":{"image_generator_settings":{"template":"highway","default_image_id":0,"font":"","enabled":false},"version":2}},"categories":[1],"tags":[3056,8768,34433,1201],"class_list":["post-187179","post","type-post","status-publish","format-standard","has-post-thumbnail","hentry","category-genel","tag-cikardi","tag-heyelan","tag-magarayi","tag-ortaya"],"jetpack_publicize_connections":[],"jetpack_featured_media_url":"https:\/\/i0.wp.com\/www.tvturk.com\/wp-content\/uploads\/2019\/07\/heyelan-magarayi-ortaya-cikardi_a684f98.jpg?fit=1000%2C572","jetpack_sharing_enabled":true,"jetpack_shortlink":"https:\/\/wp.me\/paKIfm-MH1","_links":{"self":[{"href":"http:\/\/www.tvturk.com\/index.php\/wp-json\/wp\/v2\/posts\/187179","targetHints":{"allow":["GET"]}}],"collection":[{"href":"http:\/\/www.tvturk.com\/index.php\/wp-json\/wp\/v2\/posts"}],"about":[{"href":"http:\/\/www.tvturk.com\/index.php\/wp-json\/wp\/v2\/types\/post"}],"author":[{"embeddable":true,"href":"http:\/\/www.tvturk.com\/index.php\/wp-json\/wp\/v2\/users\/1"}],"replies":[{"embeddable":true,"href":"http:\/\/www.tvturk.com\/index.php\/wp-json\/wp\/v2\/comments?post=187179"}],"version-history":[{"count":0,"href":"http:\/\/www.tvturk.com\/index.php\/wp-json\/wp\/v2\/posts\/187179\/revisions"}],"wp:featuredmedia":[{"embeddable":true,"href":"http:\/\/www.tvturk.com\/index.php\/wp-json\/wp\/v2\/media\/187180"}],"wp:attachment":[{"href":"http:\/\/www.tvturk.com\/index.php\/wp-json\/wp\/v2\/media?parent=187179"}],"wp:term":[{"taxonomy":"category","embeddable":true,"href":"http:\/\/www.tvturk.com\/index.php\/wp-json\/wp\/v2\/categories?post=187179"},{"taxonomy":"post_tag","embeddable":true,"href":"http:\/\/www.tvturk.com\/index.php\/wp-json\/wp\/v2\/tags?post=187179"}],"curies":[{"name":"wp","href":"https:\/\/api.w.org\/{rel}","templated":true}]}}