{"id":187193,"date":"2019-07-27T19:02:23","date_gmt":"2019-07-27T16:02:23","guid":{"rendered":"http:\/\/www.tvturk.com\/index.php\/inegolspora-iki-yeni-transfer\/"},"modified":"2019-07-27T19:02:23","modified_gmt":"2019-07-27T16:02:23","slug":"inegolspora-iki-yeni-transfer","status":"publish","type":"post","link":"http:\/\/www.tvturk.com\/index.php\/inegolspora-iki-yeni-transfer\/","title":{"rendered":"\u0130neg\u00f6lspor\u2019a iki yeni transfer"},"content":{"rendered":"<p>2. Lig Beyaz Grup ekiplerinden \u0130neg\u00f6lspor, Yeni \u00c7orumspordan Stoper U\u011fur Bulut ile 1 y\u0131ll\u0131k, BAK Spor Kul\u00fcb\u00fc\u2019nden orta saha oyuncusu Tekin O\u011frak ile 2 y\u0131ll\u0131k anla\u015fma sa\u011flad\u0131.<\/p>\n<p>Kul\u00fcp tesislerinde d\u00fczenlenen imza t\u00f6renine \u0130neg\u00f6lspor Futbol \u015eube Sorumlusu Mustafa Ar\u0131c\u0131, Bas\u0131n S\u00f6zc\u00fcs\u00fc Ozan Can ile futbolcular kat\u0131ld\u0131. \u0130mza t\u00f6reninde konu\u015fan Futbol \u015eube Sorumlusu Mustafa Ar\u0131c\u0131, &#8220;D\u0131\u015f transfer \u00e7al\u0131\u015fmalar\u0131 kapsam\u0131nda daha \u00f6nce prensipte anla\u015fmaya vard\u0131\u011f\u0131m\u0131z stoper U\u011fur Bulut ile 1 y\u0131ll\u0131k s\u00f6zle\u015fme imzalad\u0131k. U\u011fur, vatani g\u00f6revini tamamlar tamamlamaz hemen kul\u00fcb\u00fcm\u00fcze geldi ve bug\u00fcn resmi s\u00f6zle\u015fmemizi imzalad\u0131k. Bilindi\u011fi gibi U\u011fur karde\u015fimiz ge\u00e7ti\u011fimiz y\u0131l 3.Ligde \u015fampiyon olarak ad\u0131n\u0131 2.Lige yazd\u0131ran Yeni \u00c7orumspor\u2019da forma giyiniyordu. \u0130n\u015fallah bu sezon tak\u0131m\u0131m\u0131z i\u00e7in m\u00fccadele edecek. Biz kendisine g\u00fcveniyoruz. Anla\u015fman\u0131n hay\u0131rl\u0131 u\u011furlu olmas\u0131n\u0131 diliyorum&#8221; dedi.<\/p>\n<p>U\u011fur Bulut ise, &#8220;\u0130neg\u00f6lspor\u2019a geldi\u011fim i\u00e7in \u00e7ok mutluyum. Zaten daha \u00f6nce prensipte anla\u015fm\u0131\u015ft\u0131k ama vatani g\u00f6revim nedeniyle resmi s\u00f6zle\u015fmeyi imzalayamam\u0131\u015ft\u0131k. Nasip bug\u00fcneymi\u015f. Tak\u0131m\u0131ma katk\u0131 sa\u011flamak i\u00e7in elimden gelen gayreti g\u00f6sterece\u011fimden kimsenin \u015f\u00fcphesi olmas\u0131n. \u0130n\u015fallah kazas\u0131z, sakatl\u0131ks\u0131z g\u00fczel bir sezon ge\u00e7iririz&#8221; ifadelerini kulland\u0131.<\/p>\n<p>Bas\u0131n S\u00f6zc\u00fcs\u00fc Ozan Can, \u201cBir yandan yeni sezon haz\u0131rl\u0131klar\u0131m\u0131z\u0131 kul\u00fcp tesislerimizde s\u00fcrd\u00fcr\u00fcrken, di\u011fer taraftan da transfer \u00e7al\u0131\u015fmalar\u0131m\u0131z\u0131 aral\u0131ks\u0131z s\u00fcrd\u00fcr\u00fcyoruz. Bug\u00fcn BAK Spor Kul\u00fcb\u00fc\u2019nden orta saha oyuncusu 25 ya\u015f\u0131ndaki Tekin O\u011frak ile 2 y\u0131ll\u0131k anla\u015fma sa\u011flad\u0131k. Tekin karde\u015fimiz daha \u00f6nce Mersin \u0130dman Yurdu formas\u0131 alt\u0131nda S\u00fcper Lig ve 1.Ligde oynad\u0131 ve ge\u00e7ti\u011fimiz sezonu da BAK Spor kul\u00fcb\u00fcnde ge\u00e7irdi. \u0130n\u015fallah bundan sonrada kul\u00fcb\u00fcm\u00fcz i\u00e7in m\u00fccadele edecek. Kendisinin tak\u0131m\u0131m\u0131za katk\u0131 sa\u011flayaca\u011f\u0131ndan \u015f\u00fcphemiz yok. \u0130n\u015fallah hep beraber g\u00fczel bir sezon ge\u00e7iririz. Ben anla\u015fman\u0131n her iki taraf i\u00e7inde hay\u0131rl\u0131 u\u011furlu olmas\u0131n\u0131 diliyorum&#8221; dedi.<\/p>\n<p>Tekin O\u011frak ise, &#8220;\u0130neg\u00f6lspor gibi b\u00fcy\u00fck bir camiaya geldi\u011fim i\u00e7in \u00e7ok mutluyum. Elimden gelen gayreti g\u00f6stererek tak\u0131m\u0131ma katk\u0131 sa\u011flamaya \u00e7al\u0131\u015faca\u011f\u0131m. Bana g\u00fcvendikleri i\u00e7in kul\u00fcp ba\u015fkan\u0131m\u0131z ve y\u00f6neticilerimize te\u015fekk\u00fcr ediyorum&#8221; diye konu\u015ftu.<\/p>\n","protected":false},"excerpt":{"rendered":"<p>\u0130NEG\u00d6LSPOR&#8217;A \u0130K\u0130 YEN\u0130 TRANSFER<\/p>\n","protected":false},"author":1,"featured_media":187194,"comment_status":"closed","ping_status":"open","sticky":false,"template":"","format":"standard","meta":{"jetpack_post_was_ever_published":false,"_jetpack_newsletter_access":"","_jetpack_dont_email_post_to_subs":false,"_jetpack_newsletter_tier_id":0,"_jetpack_memberships_contains_paywalled_content":false,"_jetpack_memberships_contains_paid_content":false,"footnotes":"","jetpack_publicize_message":"","jetpack_publicize_feature_enabled":true,"jetpack_social_post_already_shared":true,"jetpack_social_options":{"image_generator_settings":{"template":"highway","default_image_id":0,"font":"","enabled":false},"version":2}},"categories":[657],"tags":[1220,44689,2518,87],"class_list":["post-187193","post","type-post","status-publish","format-standard","has-post-thumbnail","hentry","category-spor","tag-iki","tag-inegolspora","tag-transfer","tag-yeni"],"jetpack_publicize_connections":[],"jetpack_featured_media_url":"https:\/\/i0.wp.com\/www.tvturk.com\/wp-content\/uploads\/2019\/07\/inegolspora-iki-yeni-transfer_56637a9.jpg?fit=1000%2C665","jetpack_sharing_enabled":true,"jetpack_shortlink":"https:\/\/wp.me\/paKIfm-MHf","_links":{"self":[{"href":"http:\/\/www.tvturk.com\/index.php\/wp-json\/wp\/v2\/posts\/187193","targetHints":{"allow":["GET"]}}],"collection":[{"href":"http:\/\/www.tvturk.com\/index.php\/wp-json\/wp\/v2\/posts"}],"about":[{"href":"http:\/\/www.tvturk.com\/index.php\/wp-json\/wp\/v2\/types\/post"}],"author":[{"embeddable":true,"href":"http:\/\/www.tvturk.com\/index.php\/wp-json\/wp\/v2\/users\/1"}],"replies":[{"embeddable":true,"href":"http:\/\/www.tvturk.com\/index.php\/wp-json\/wp\/v2\/comments?post=187193"}],"version-history":[{"count":0,"href":"http:\/\/www.tvturk.com\/index.php\/wp-json\/wp\/v2\/posts\/187193\/revisions"}],"wp:featuredmedia":[{"embeddable":true,"href":"http:\/\/www.tvturk.com\/index.php\/wp-json\/wp\/v2\/media\/187194"}],"wp:attachment":[{"href":"http:\/\/www.tvturk.com\/index.php\/wp-json\/wp\/v2\/media?parent=187193"}],"wp:term":[{"taxonomy":"category","embeddable":true,"href":"http:\/\/www.tvturk.com\/index.php\/wp-json\/wp\/v2\/categories?post=187193"},{"taxonomy":"post_tag","embeddable":true,"href":"http:\/\/www.tvturk.com\/index.php\/wp-json\/wp\/v2\/tags?post=187193"}],"curies":[{"name":"wp","href":"https:\/\/api.w.org\/{rel}","templated":true}]}}