{"id":187203,"date":"2019-07-27T19:17:15","date_gmt":"2019-07-27T16:17:15","guid":{"rendered":"http:\/\/www.tvturk.com\/index.php\/genclerbirligi-hazirlik-macinda-akhisarsporu-3-2-maglup-etti\/"},"modified":"2019-07-27T19:17:15","modified_gmt":"2019-07-27T16:17:15","slug":"genclerbirligi-hazirlik-macinda-akhisarsporu-3-2-maglup-etti","status":"publish","type":"post","link":"http:\/\/www.tvturk.com\/index.php\/genclerbirligi-hazirlik-macinda-akhisarsporu-3-2-maglup-etti\/","title":{"rendered":"Gen\u00e7lerbirli\u011fi haz\u0131rl\u0131k ma\u00e7\u0131nda Akhisarspor\u2019u 3-2 ma\u011flup etti"},"content":{"rendered":"<p>Gen\u00e7lerbirli\u011fi bir y\u0131l ara verdi\u011fi Spor Toto S\u00fcper Lig\u2019de yeniden m\u00fccadele edece\u011fi 2019-2020 sezonu \u00f6ncesi ikinci haz\u0131rl\u0131k kamp\u0131na K\u0131z\u0131lcahamam\u2019da ba\u015flad\u0131. K\u0131z\u0131lcahamam kamp\u0131n\u0131n ilk haz\u0131rl\u0131k ma\u00e7\u0131n\u0131 Manisa temsilcisi Akhisarspor\u2019la yapan Gen\u00e7lerbirli\u011fi, sahadan 3-2 galip ayr\u0131ld\u0131.<\/p>\n<p>Gen\u00e7lerbirli\u011fi, Spor Toto S\u00fcper Lig\u2019e y\u00fckselmesinin ard\u0131ndan 2019-2020 sezonu \u00f6ncesi ikinci haz\u0131rl\u0131k kamp\u0131na K\u0131z\u0131lcahamam\u2019da ba\u015flad\u0131. Erzurum\u2019da yap\u0131lan kamp s\u00fcrecini iyi bir \u015fekilde ge\u00e7iren Gen\u00e7lerbirli\u011fi, K\u0131z\u0131lcahamam\u2019da ba\u015flayan ikinci kamp d\u00f6neminde ge\u00e7ti\u011fimiz sezon 1. Lig\u2019e d\u00fc\u015fen Akhisarspor\u2019la haz\u0131rl\u0131k ma\u00e7\u0131nda kar\u015f\u0131la\u015ft\u0131. Ba\u015fkent temsilcisi kar\u015f\u0131la\u015fmay\u0131 3-2 galibiyetle sonu\u00e7land\u0131rd\u0131.<\/p>\n<p>Teknik Direkt\u00f6r\u00fc Mustafa Kaplan, tak\u0131m\u0131n\u0131n yerinin S\u00fcper Lig oldu\u011funu s\u00f6yleyerek, \u201cGen\u00e7lerbirli\u011fi, temelden beri S\u00fcper Lig\u2019de oynad\u0131. 29 y\u0131l bir fiil S\u00fcper Lig\u2019de oynayan tak\u0131m \u015fanss\u0131z bir \u015fekilde 1. Lig\u2019e d\u00fc\u015fm\u00fc\u015ft\u00fc. Sonras\u0131nda ba\u015fkan\u0131m\u0131z\u0131n eme\u011fi neticesinde kar\u015f\u0131l\u0131\u011f\u0131n\u0131 alarak yeniden S\u00fcper Lig\u2019e \u00e7\u0131kt\u0131. Bizim kamp d\u00f6nemimiz iyi gidiyor. Hi\u00e7bir s\u0131k\u0131nt\u0131m\u0131z yok, iyi bir aile olduk. Ge\u00e7en sene tak\u0131mda olan arkada\u015flar\u0131m\u0131za yeni gelen yabanc\u0131 oyuncular ve gen\u00e7 tak\u0131mdan y\u00fckselen oyuncular geldi. Erzurum kamp\u0131 bizim i\u00e7in iyi ge\u00e7ti. Milli tak\u0131mdaki oyuncular\u0131m\u0131z da \u015fu s\u0131ralar bize kat\u0131ld\u0131. Bug\u00fcn Akhisarspor\u2019la bir haz\u0131rl\u0131k ma\u00e7\u0131m\u0131z var. Pazartesi g\u00fcn\u00fc de son haz\u0131rl\u0131k ma\u00e7\u0131m\u0131z\u0131 yap\u0131p Ankara\u2019ya d\u00f6nece\u011fiz\u201d dedi.<\/p>\n<p>\u201cTransfer d\u00f6nemini 2 oyuncu daha alarak kapataca\u011f\u0131z\u201d<\/p>\n<p>Kaplan, Fenerbah\u00e7e\u2019nin transfer g\u00fcndeminde olan Mert \u00c7etin ve Gen\u00e7lerbirli\u011fi\u2019ne yap\u0131lacak transferlerle ilgili de konu\u015farak, \u201cMert \u00c7etin, Fenerbah\u00e7e\u2019nin g\u00fcndeminde oldu\u011fu i\u00e7in her an gitme durumu olabilir. Tabii bunun karar\u0131n\u0131 ba\u015fkan\u0131m\u0131z Murat bey verecektir. Mert kalsa dahi biz bir stoper daha almay\u0131 istiyoruz. Bir de orta saha oyuncusu almay\u0131 d\u00fc\u015f\u00fcn\u00fcyoruz. Transfer d\u00f6nemini iki oyuncu daha alarak kapataca\u011f\u0131z\u201d dedi.<\/p>\n<p>\u201cLigin s\u00fcrpriz tak\u0131mlar\u0131ndan olmak istiyoruz\u201d<\/p>\n<p>Gen\u00e7lerbirli\u011fi\u2019nin sezon i\u00e7indeki hedeflerinden bahseden Kaplan, \u201cGen\u00e7lerbirli\u011fi\u2019nin her zaman hedefleri vard\u0131r. Biz bu ligin s\u00fcrpriz tak\u0131mlar\u0131ndan olmak istiyoruz. Lig\u2019de ses getiren bir tak\u0131m olmak istiyoruz. Gen\u00e7lerbirli\u011fi lige her zaman iyi futbolcular kazand\u0131rd\u0131 bu sene de yine iyi futbolcular kazand\u0131rmak istiyoruz. Alaca\u011f\u0131m\u0131z puanlarla hedefimizi belirleyerek bu ligde yeniden kal\u0131c\u0131 olmak istiyoruz\u201d \u015feklinde konu\u015ftu.<\/p>\n<p>Ankara Eryaman Stad\u0131nda oynanacak S\u00fcper Kupa Finali hakk\u0131nda da de\u011ferlendirmelerde bulunan Kaplan, \u201cAkhisar, ge\u00e7en sene \u015fanss\u0131z bir \u015fekilde k\u00fcme d\u00fc\u015ft\u00fc. D\u00fc\u015fmemesi gereken bir tak\u0131m ve iyi bir ekipti. Akhisar\u2019\u0131n d\u00fc\u015fece\u011fini biz hi\u00e7 hesaba katm\u0131yorduk. \u015eanss\u0131z bir \u015fekilde k\u00fcme d\u00fc\u015ft\u00fcler. S\u00fcper Kupa\u2019da hangi tak\u0131m kazan\u0131rsa kazans\u0131n biz tebrik ederiz. Akhisar iyi bir kul\u00fcp ve bu sene iyi i\u015fler yapacaklar\u0131na inan\u0131yorum\u201d diye konu\u015ftu.<\/p>\n<p>\u201cTaraftar\u0131m\u0131z sab\u0131rl\u0131 olsun\u201d<\/p>\n<p>Gen\u00e7lerbirli\u011fi taraftar\u0131na seslenen Kaplan, \u201cTaraftarlar\u0131m\u0131z sab\u0131rl\u0131 olsunlar. Bizim gen\u00e7, dinamik bir \u015fekilde m\u00fccadele eden bir tak\u0131m\u0131m\u0131z olacak. Oynad\u0131\u011f\u0131m\u0131z hangi ma\u00e7 olursa olsun bizim i\u00e7in fark etmez. Biz her ma\u00e7\u0131 kazanmaya y\u00f6nelik sahaya \u00e7\u0131kaca\u011f\u0131z. S\u00fcper Lig\u2019de kazanan tak\u0131m bir ad\u0131m \u00f6ne \u00e7\u0131k\u0131yor biz de bunu ger\u00e7ekle\u015ftirmek istiyoruz\u201d dedi.<\/p>\n<p>Gen\u00e7lerbirli\u011fi oyuncusu Halil \u0130brahim Pehlivan, Akhisarspor\u2019la yap\u0131lacak haz\u0131rl\u0131k ma\u00e7\u0131 \u00f6ncesi Gen\u00e7lerbirli\u011fi tak\u0131m\u0131n\u0131n ve kendi performans\u0131n\u0131 de\u011ferlendirdi. Pehlivan, \u201c\u0130lk etap kamp\u0131 baya bir yorucu ge\u00e7ti, \u015fu an ikinci etap kamp\u0131nday\u0131z. Bug\u00fcn ikinci etab\u0131n ilk haz\u0131rl\u0131k ma\u00e7\u0131n\u0131 oynayaca\u011f\u0131z. Kendi performans\u0131m\u0131z\u0131 de\u011ferlendirmek amac\u0131yla da \u00f6nemli bir ma\u00e7 olacak. Taraftar\u0131m\u0131z ge\u00e7ti\u011fimiz sene bize \u00e7ok destek oldular. \u0130n\u015fallah bu sene de t\u00fcm trib\u00fcnleri doldururlar ve d\u00fcn tan\u0131t\u0131m\u0131n\u0131 yapt\u0131\u011f\u0131m\u0131z formalar\u0131 al\u0131rlar\u201d \u015feklinde konu\u015ftu.<\/p>\n","protected":false},"excerpt":{"rendered":"<p>GEN\u00c7LERB\u0130RL\u0130\u011e\u0130 B\u0130R YIL ARA VERD\u0130\u011e\u0130 SPOR TOTO S\u00dcPER L\u0130G\u2019E YEN\u0130DEN \u00c7IKACA\u011eI 2019-2020 SEZONU \u00d6NCES\u0130 \u0130K\u0130NC\u0130 HAZIRLIK KAMPINA KIZILCAHAMAM\u2019DA BA\u015eLADI<\/p>\n","protected":false},"author":1,"featured_media":187204,"comment_status":"closed","ping_status":"open","sticky":false,"template":"","format":"standard","meta":{"jetpack_post_was_ever_published":false,"_jetpack_newsletter_access":"","_jetpack_dont_email_post_to_subs":false,"_jetpack_newsletter_tier_id":0,"_jetpack_memberships_contains_paywalled_content":false,"_jetpack_memberships_contains_paid_content":false,"footnotes":"","jetpack_publicize_message":"","jetpack_publicize_feature_enabled":true,"jetpack_social_post_already_shared":true,"jetpack_social_options":{"image_generator_settings":{"template":"highway","default_image_id":0,"font":"","enabled":false},"version":2}},"categories":[657],"tags":[16560,46561,207,7850,9967,4450,8160],"class_list":["post-187203","post","type-post","status-publish","format-standard","has-post-thumbnail","hentry","category-spor","tag-3-2","tag-akhisarsporu","tag-etti","tag-genclerbirligi","tag-hazirlik","tag-macinda","tag-maglup"],"jetpack_publicize_connections":[],"jetpack_featured_media_url":"https:\/\/i0.wp.com\/www.tvturk.com\/wp-content\/uploads\/2019\/07\/genclerbirligi-hazirlik-macinda-akhisarsporu-3-2-maglup-etti_dd6ec85.jpg?fit=1000%2C666","jetpack_sharing_enabled":true,"jetpack_shortlink":"https:\/\/wp.me\/paKIfm-MHp","_links":{"self":[{"href":"http:\/\/www.tvturk.com\/index.php\/wp-json\/wp\/v2\/posts\/187203","targetHints":{"allow":["GET"]}}],"collection":[{"href":"http:\/\/www.tvturk.com\/index.php\/wp-json\/wp\/v2\/posts"}],"about":[{"href":"http:\/\/www.tvturk.com\/index.php\/wp-json\/wp\/v2\/types\/post"}],"author":[{"embeddable":true,"href":"http:\/\/www.tvturk.com\/index.php\/wp-json\/wp\/v2\/users\/1"}],"replies":[{"embeddable":true,"href":"http:\/\/www.tvturk.com\/index.php\/wp-json\/wp\/v2\/comments?post=187203"}],"version-history":[{"count":0,"href":"http:\/\/www.tvturk.com\/index.php\/wp-json\/wp\/v2\/posts\/187203\/revisions"}],"wp:featuredmedia":[{"embeddable":true,"href":"http:\/\/www.tvturk.com\/index.php\/wp-json\/wp\/v2\/media\/187204"}],"wp:attachment":[{"href":"http:\/\/www.tvturk.com\/index.php\/wp-json\/wp\/v2\/media?parent=187203"}],"wp:term":[{"taxonomy":"category","embeddable":true,"href":"http:\/\/www.tvturk.com\/index.php\/wp-json\/wp\/v2\/categories?post=187203"},{"taxonomy":"post_tag","embeddable":true,"href":"http:\/\/www.tvturk.com\/index.php\/wp-json\/wp\/v2\/tags?post=187203"}],"curies":[{"name":"wp","href":"https:\/\/api.w.org\/{rel}","templated":true}]}}