{"id":187218,"date":"2019-07-27T21:02:24","date_gmt":"2019-07-27T18:02:24","guid":{"rendered":"http:\/\/www.tvturk.com\/index.php\/hazirlik-maci-trabzonspor-2-parma-calcio-2\/"},"modified":"2019-07-27T21:02:24","modified_gmt":"2019-07-27T18:02:24","slug":"hazirlik-maci-trabzonspor-2-parma-calcio-2","status":"publish","type":"post","link":"http:\/\/www.tvturk.com\/index.php\/hazirlik-maci-trabzonspor-2-parma-calcio-2\/","title":{"rendered":"Haz\u0131rl\u0131k ma\u00e7\u0131: Trabzonspor: 2 &#8211; Parma Calcio: 2"},"content":{"rendered":"<p>Yeni sezon haz\u0131rl\u0131klar\u0131n\u0131 Avusturya\u2019n\u0131n Linz \u015fehrinde s\u00fcrd\u00fcren Trabzonspor, \u0130talya ekibi Parma Calcio ile oynad\u0131\u011f\u0131 \u00fc\u00e7\u00fcnc\u00fc haz\u0131rl\u0131k ma\u00e7\u0131nda 2-2 berabere kald\u0131. Parma\u2019n\u0131n golleri 16 ve 38 dakikalarda Gervinho\u2019dan gelirken, Trabzonspor\u2019un golleri ise 22 dakikada Pereira ve 64 dakikada Yusuf Sar\u0131\u2019dan geldi.<\/p>\n<p>\u00dcnal Karaman karma bir kadro ile sahaya \u00e7\u0131kt\u0131<\/p>\n<p>Trabzonspor Teknik Direkt\u00f6r\u00fc \u00dcnal Karaman, ilk haz\u0131rl\u0131k ma\u00e7\u0131nda sahaya tamam\u0131 gen\u00e7lerden olu\u015fan bir kadro s\u00fcrerken, Bundesliga ekibi TSG Honffeheim kar\u015f\u0131s\u0131na ise as oyuncular\u0131ndan olu\u015fan bir kadro ile sahaya \u00e7\u0131km\u0131\u015ft\u0131. Parma kar\u015f\u0131s\u0131na ise as ve gen\u00e7 oyuncular\u0131ndan olu\u015fan bir kadro ile \u00e7\u0131kan Karaman, kalede yeni transfer Erce Karde\u015fler\u2019e \u015fans verdi. Savunmada ise Pereira, H\u00fcseyin T\u00fcrkmen, Kamil Ahmet \u00c7\u00f6rek\u00e7i \u015feklinde \u00e7\u0131kt\u0131. Orta sahada Abdulkadir Parmak, Sosa, Yusuf Sar\u0131, Abdulkadir \u00d6m\u00fcr\u2019\u00fc oynatt\u0131. \u0130leride ise Nwakaeme ve Muhammet Akp\u0131nar\u2019a g\u00f6rev verdi.<\/p>\n<p>Gurbet\u00e7iler yine tak\u0131mlar\u0131n\u0131 yaln\u0131z b\u0131rakmad\u0131<\/p>\n<p>Trabzonspor\u2019un \u00fc\u00e7\u00fcnc\u00fc haz\u0131rl\u0131k ma\u00e7\u0131na Avusturya ve \u00e7evre \u00fclkelerde bulunan gurbet\u00e7iler b\u00fcy\u00fck bir ilgi g\u00f6sterdi. Haz\u0131rl\u0131k ma\u00e7lar\u0131nda tak\u0131mlar\u0131n\u0131 yaln\u0131z b\u0131rakmayan bordo-mavili taraftarlar Parma kar\u015f\u0131s\u0131nda tak\u0131ma destek verdi. Tak\u0131mla birlikte kamp\u0131n ilk g\u00fcn\u00fcnden itibaren yer alan  ba\u015fkan A\u011fao\u011flu, TSG Honffenheim ma\u00e7\u0131n\u0131n ard\u0131ndan Avusturya\u2019dan ayr\u0131l\u0131rken, Ba\u015fkan Yard\u0131mc\u0131s\u0131 M\u00fcminan Bilgin ve Y\u00f6netim Kurulu \u00dcyesi \u00d6zer Bayraktar Parma ma\u00e7\u0131n\u0131 izledi.<\/p>\n<p>Yusuf Yaz\u0131c\u0131 oynamad\u0131<\/p>\n<p>Trabzonspor\u2019un Alman ekibiyle oynad\u0131\u011f\u0131 haz\u0131rl\u0131k ma\u00e7\u0131nda m\u00fcsabakan\u0131n ilk gol\u00fcn\u00fc atan Yusuf Yaz\u0131c\u0131 ise Parma kar\u015f\u0131s\u0131nda forma giyemedi. Ayak parma\u011f\u0131ndan s\u0131k\u0131nt\u0131s\u0131 oldu\u011fu \u00f6\u011frenilen y\u0131ld\u0131z oyuncunun riske edilmek istenmedi\u011fi i\u00e7in teknik direkt\u00f6r \u00dcnal Karaman g\u00f6rev vermedi.<\/p>\n<p>\u0130lk yar\u0131da Parma \u00fcst\u00fcnl\u00fc\u011f\u00fc<\/p>\n<p>M\u00fcsabakada ilk gol rakip ekip Parma\u2019dan geldi. \u0130talya ekibinin gol\u00fc 16 dakikada ve 39 dakikada  Gervinho\u2019dan geldi. Trabzonspor\u2019un ilk yar\u0131daki gol\u00fc ise 22. dakikada Pereira\u2019dan geldi. Sosa ise 29. dakikada penalt\u0131 ka\u00e7\u0131rd\u0131. Bu skorla m\u00fcsabakan\u0131n ilk yar\u0131s\u0131 2-1 Parma\u2019n\u0131n \u00fcst\u00fcnl\u00fc\u011f\u00fc ile sona erdi.<\/p>\n<p>Trabzonspor ikinci yar\u0131ya etkili ba\u015flad\u0131<\/p>\n<p>Trabzonspor ikinci yar\u0131ya tek de\u011fi\u015fiklikle ba\u015flad\u0131. Kamil Ahmet \u00c7\u00f6rek\u00e7i\u2019nin yerine Abdurrahim Dursun ile ikinci yar\u0131ya ba\u015flayan bordo-mavililer 64 dakikada Yusuf Sar\u0131\u2019n\u0131n gol\u00fcyle e\u015fitli\u011fi yakalad\u0131. \u0130ki tak\u0131m\u0131n ikinci yar\u0131da ger\u00e7ekle\u015ftirdi\u011fi de\u011fi\u015fiklikler sonras\u0131 bordo-mavili tak\u0131m\u0131n daha etkili futbol ortaya koydu\u011fu g\u00f6zlendi. Yap\u0131lan kar\u015f\u0131l\u0131kl\u0131 ataklar sonu\u00e7 vermeyince m\u00fcsabaka 2-2 beraberlikle sonu\u00e7land\u0131.<\/p>\n<p>Stat: Off\u0131cal Match Sheet<\/p>\n<p>Hakemler: Waldi Markus, Wolfesberger Marco, Nebal G\u00fcnther<\/p>\n<p>Trabzonspor: Erce Karde\u015fler, Pereira (Ahmet Asan dk. 69), H\u00fcseyin T\u00fcrkmen (Ahmet Taha Bilgin dk. 69), Gaston Campi (Cafer Tosun dk. 69), Kamil Ahmet \u00c7\u00f6rek\u00e7i (Abdurrahim Dursun dk. 46) Sosa (Do\u011fan Erdo\u011fan dk. 69),  Abdulkadir Parmak (Kerem Bayku\u015f dk. 69), Yusuf Sar\u0131 (Avdijaj dk. 69), Abdulkadir \u00d6m\u00fcr (Behl\u00fcl Ayd\u0131n dk. 69)  Nwakaeme (Ahmet Eren dk. 69), Muhammet Akp\u0131nar (Koray K\u0131l\u0131n\u0131\u00e7 dk. 69)<\/p>\n<p>Parma Calcio 1913: Sepe Luig (Colombi dk. 64), Simone, Kastriot, Hernani (Scozzarella dk. 65), V\u0131ncent (Pepin dk. 64), Antonio (Munar\u0131 dk. 65) (Bruno Alves dk. 63), Gervinho (Cornelius dk. 62), Roberto, Mattia (Karamoh dk. 64)<\/p>\n","protected":false},"excerpt":{"rendered":"<p>YEN\u0130 SEZON HAZIRLIKLARINI AVUSTURYA&#8217;NIN L\u0130NZ \u015eEHR\u0130NDE S\u00dcRD\u00dcREN TRABZONSPOR, \u0130TALYA EK\u0130B\u0130 PARMA CALC\u0130O \u0130LE OYANDI\u011eI \u00dc\u00c7\u00dcNC\u00dc HAZIRLIK MA\u00c7INDA RAK\u0130B\u0130Y 2-2 BERABERE KALDI. PARMA&#8217;NIN GOLLER\u0130 16 VE 38 DAK\u0130KALARDA GERV\u0130NHO&#8217;DAN GEL\u0130RKEN, TRABZONSPOR&#8217;UN GOLLER\u0130 \u0130SE 22 DAK\u0130KADA PERE\u0130RA VE 64 DAK\u0130KADA YUSUF SARI&#8217;DAN GELD\u0130.<\/p>\n","protected":false},"author":1,"featured_media":187219,"comment_status":"closed","ping_status":"open","sticky":false,"template":"","format":"standard","meta":{"jetpack_post_was_ever_published":false,"_jetpack_newsletter_access":"","_jetpack_dont_email_post_to_subs":false,"_jetpack_newsletter_tier_id":0,"_jetpack_memberships_contains_paywalled_content":false,"_jetpack_memberships_contains_paid_content":false,"footnotes":"","jetpack_publicize_message":"","jetpack_publicize_feature_enabled":true,"jetpack_social_post_already_shared":true,"jetpack_social_options":{"image_generator_settings":{"template":"highway","default_image_id":0,"font":"","enabled":false},"version":2}},"categories":[657],"tags":[46567,9967,777,46566,916],"class_list":["post-187218","post","type-post","status-publish","format-standard","has-post-thumbnail","hentry","category-spor","tag-calcio","tag-hazirlik","tag-maci","tag-parma","tag-trabzonspor"],"jetpack_publicize_connections":[],"jetpack_featured_media_url":"https:\/\/i0.wp.com\/www.tvturk.com\/wp-content\/uploads\/2019\/07\/hazirlik-maci-trabzonspor-2-parma-calcio-2_a0b7846.jpg?fit=1000%2C666","jetpack_sharing_enabled":true,"jetpack_shortlink":"https:\/\/wp.me\/paKIfm-MHE","_links":{"self":[{"href":"http:\/\/www.tvturk.com\/index.php\/wp-json\/wp\/v2\/posts\/187218","targetHints":{"allow":["GET"]}}],"collection":[{"href":"http:\/\/www.tvturk.com\/index.php\/wp-json\/wp\/v2\/posts"}],"about":[{"href":"http:\/\/www.tvturk.com\/index.php\/wp-json\/wp\/v2\/types\/post"}],"author":[{"embeddable":true,"href":"http:\/\/www.tvturk.com\/index.php\/wp-json\/wp\/v2\/users\/1"}],"replies":[{"embeddable":true,"href":"http:\/\/www.tvturk.com\/index.php\/wp-json\/wp\/v2\/comments?post=187218"}],"version-history":[{"count":0,"href":"http:\/\/www.tvturk.com\/index.php\/wp-json\/wp\/v2\/posts\/187218\/revisions"}],"wp:featuredmedia":[{"embeddable":true,"href":"http:\/\/www.tvturk.com\/index.php\/wp-json\/wp\/v2\/media\/187219"}],"wp:attachment":[{"href":"http:\/\/www.tvturk.com\/index.php\/wp-json\/wp\/v2\/media?parent=187218"}],"wp:term":[{"taxonomy":"category","embeddable":true,"href":"http:\/\/www.tvturk.com\/index.php\/wp-json\/wp\/v2\/categories?post=187218"},{"taxonomy":"post_tag","embeddable":true,"href":"http:\/\/www.tvturk.com\/index.php\/wp-json\/wp\/v2\/tags?post=187218"}],"curies":[{"name":"wp","href":"https:\/\/api.w.org\/{rel}","templated":true}]}}