{"id":187230,"date":"2019-07-27T22:32:22","date_gmt":"2019-07-27T19:32:22","guid":{"rendered":"http:\/\/www.tvturk.com\/index.php\/unal-karaman-yusuf-yazici-benim-kardesim-en-degerlim-pirlantam\/"},"modified":"2019-07-27T22:32:22","modified_gmt":"2019-07-27T19:32:22","slug":"unal-karaman-yusuf-yazici-benim-kardesim-en-degerlim-pirlantam","status":"publish","type":"post","link":"http:\/\/www.tvturk.com\/index.php\/unal-karaman-yusuf-yazici-benim-kardesim-en-degerlim-pirlantam\/","title":{"rendered":"\u00dcnal Karaman: &#8220;Yusuf Yaz\u0131c\u0131, benim karde\u015fim, en de\u011ferlim, p\u0131rlantam&#8221;"},"content":{"rendered":"<p>Trabsonspor Teknik Direkt\u00f6r\u00fc \u00dcnal Karaman, Yusuf Yaz\u0131c\u0131 ile ilgili herhangi bir s\u0131k\u0131nt\u0131s\u0131 bulunmad\u0131\u011f\u0131n\u0131 belirterek, &#8220;Yusuf benim karde\u015fim, en de\u011ferlim, p\u0131rlantam&#8221; dedi.<\/p>\n<p>Yeni sezon haz\u0131rl\u0131klar\u0131n\u0131 Avusturya\u2019n\u0131n Linz \u015fehrinde s\u00fcrd\u00fcren Trabzonspor, haz\u0131rl\u0131k kamp\u0131nda oynad\u0131\u011f\u0131 \u00fc\u00e7\u00fcnc\u00fc ma\u00e7\u0131nda da sahadan beraberlikle ayr\u0131ld\u0131. \u0130talya ekibi Parma ile 2-2 berabere kalan bordo-mavililerde ma\u00e7\u0131n ard\u0131ndan ise taraftarlar renkli g\u00f6r\u00fcnt\u00fcler verirken, Teknik Direkt\u00f6r \u00dcnal Karaman ise bas\u0131n mensuplar\u0131n\u0131n sorular\u0131n\u0131 yan\u0131tlad\u0131.<\/p>\n<p>Karaman, yo\u011fun bir antrenman temposunda oynad\u0131\u011f\u0131m\u0131z haz\u0131rl\u0131k m\u00fcsabakalar\u0131ndan arzu ettiklerini g\u00f6rd\u00fcklerini belirterek, &#8220;Yo\u011fun antrenman temposundan \u00e7\u0131km\u0131\u015f oyuncular\u0131m\u0131z\u0131 kulland\u0131k. Saha i\u00e7erisinde do\u011fru pozisyonu almaya gayret g\u00f6steren futbolun do\u011frular\u0131n\u0131 yapmaya \u00e7al\u0131\u015farak futbol oynamaya \u00e7al\u0131\u015ft\u0131lar. Ben oyuncular\u0131m\u0131 tebrik ediyorum. \u00c7\u00fcnk\u00fc bu bu kadar yorgunlu\u011fun i\u00e7erisinde sadece fiziksel de\u011fil, sinirsel de dokunuyorsun. \u0130stenmeyen \u015feyler olabilirdi ama \u015f\u00fck\u00fcrler olsun iyi ba\u015flad\u0131\u011f\u0131m\u0131z kamp d\u00f6nemi iyi gidiyor&#8221; dedi.<\/p>\n<p>&#8220;Memnunum&#8221;<\/p>\n<p>Mevcut kadronun yapabilece\u011finin en iyisini yapmaya \u00e7al\u0131\u015ft\u0131\u011f\u0131n\u0131 belirten Karaman, &#8220;Oyuncular\u0131m\u0131n hepsi yapt\u0131klar\u0131 antrenman sonras\u0131 m\u00fcsabaka performans\u0131 olarak bizim beklentilerimize cevap verecek d\u00fczeyde ben memnunum&#8221; dedi.<\/p>\n<p>&#8220;Transferle ilgili beklentimiz devam ediyor&#8221;<\/p>\n<p>Karaman transferler ilgili beklentilerinin devam etti\u011fini belirterek \u015funlar\u0131 s\u00f6yledi:<\/p>\n<p>&#8220;Bu tak\u0131m i\u00e7erisinde Avrupa Kupas\u0131, Ziraat T\u00fcrkiye Kupas\u0131 ve Spor Toto S\u00fcper Lig dedi\u011finiz anda, uzunca bir maraton oynayaca\u011f\u0131z. Dolays\u0131yla kadro rekabetine ihtiyac\u0131m\u0131z var. Gen\u00e7 oyuncular\u0131m\u0131z futbolun do\u011frular\u0131n\u0131 yapmaya \u00e7al\u0131\u015f\u0131yorlar. B\u00f6yle b\u00f6yle al\u0131\u015facaklar b\u00f6yle b\u00f6yle abilerinin aras\u0131nda formaya bulmaya gayret g\u00f6sterecekler. Tecr\u00fcbeli oyuncularla birlikte gen\u00e7lerimizin ortaya koydu\u011fu performanstan memnunum.&#8221;<\/p>\n<p>&#8220;Yusuf Yaz\u0131c\u0131, benim karde\u015fim, en de\u011ferlim, p\u0131rlantam&#8221;<\/p>\n<p>Yusuf Yaz\u0131c\u0131 ile ilgili olarak ise Karaman, oyuncumla ilgili olarak sa\u00e7ma sapan \u015feyler \u00e7\u0131kt\u0131\u011f\u0131n\u0131 belirterek, &#8220;Bunlar arzu edilmeyen \u015feyler. Benim Yusuf\u2019la ilgili bir sorunum yok. Yusuf benim  karde\u015fim, de\u011ferlim, p\u0131rlantam. Her ne kadar onlar\u0131 de\u011fersiz ve yanl\u0131\u015f anlamaya \u00e7al\u0131\u015fsalar da. Bunlar bu camiada b\u00fcy\u00fcm\u00fc\u015fler, formalar\u0131n\u0131 giyiyorlar. Transfer olsalar dahi bu kul\u00fcbe milyon Euro\u2019lar kazand\u0131rarak gidecekler. Dolas\u0131yla kendi de\u011ferimizi sadeci Trabzonspor\u2019un de\u011feri de\u011fil, T\u00fcrkiye\u2019nin de\u011feri olarak g\u00f6rd\u00fc\u011f\u00fcm\u00fcz insanlar\u0131, sa\u00e7ma sapan, yok hocayla aras\u0131 bozuk. \u015e\u00f6yle oldu b\u00f6yle oldu. Bunlar yanl\u0131\u015f \u015feyler, o \u00fcst\u00fcn bilgili arkada\u015flara ben \u015funu s\u00f6yl\u00fcyorum. \u2019A\u011f\u0131r bir antrenman temposundan ge\u00e7iyoruz. Bu antrenman planlamas\u0131n\u0131 sezon ba\u015f\u0131ndan itibaren yetkin hocalar\u0131m\u0131zla birlikte yap\u0131yoruz. \u015eiddetli ge\u00e7en antrenmanlar sonras\u0131 m\u00fcsabaka oynuyorsan\u0131z o oyuncuyu kollamak zorundas\u0131n\u0131z. Burada sadeci konu Yusuf konusu de\u011fil ama burada yine engin bilgili insanlar yine engin bilgileriyle birilerini y\u00f6nlendirmeye kalk\u0131yorlar. Art\u0131k b\u0131raks\u0131nlar, camiay\u0131 seviyoruz diyorlarsa b\u0131raks\u0131nlar ve huzur versinler&#8221; \u015feklinde konu\u015ftu.<\/p>\n","protected":false},"excerpt":{"rendered":"<p>TRABSONSPOR TEKN\u0130K D\u0130REKT\u00d6R\u00dc \u00dcNAL KARAMAN, YUSUF YAZICI \u0130LE \u0130LG\u0130L\u0130 HERHANG\u0130 B\u0130R SIKINTISI BULUNMADI\u011eINI BEL\u0130RTEREK, &#8220;YUSUF BEN\u0130M KARDE\u015e\u0130M, EN DE\u011eERL\u0130M, PIRLANTAM&#8221;DED\u0130<\/p>\n","protected":false},"author":1,"featured_media":187231,"comment_status":"closed","ping_status":"open","sticky":false,"template":"","format":"standard","meta":{"jetpack_post_was_ever_published":false,"_jetpack_newsletter_access":"","_jetpack_dont_email_post_to_subs":false,"_jetpack_newsletter_tier_id":0,"_jetpack_memberships_contains_paywalled_content":false,"_jetpack_memberships_contains_paid_content":false,"footnotes":"","jetpack_publicize_message":"","jetpack_publicize_feature_enabled":true,"jetpack_social_post_already_shared":true,"jetpack_social_options":{"image_generator_settings":{"template":"highway","default_image_id":0,"font":"","enabled":false},"version":2}},"categories":[657],"tags":[13964,46573,3774,18683,46574,5877,1589,5292],"class_list":["post-187230","post","type-post","status-publish","format-standard","has-post-thumbnail","hentry","category-spor","tag-benim","tag-degerlim","tag-karaman","tag-kardesim","tag-pirlantam","tag-unal","tag-yazici","tag-yusuf"],"jetpack_publicize_connections":[],"jetpack_featured_media_url":"https:\/\/i0.wp.com\/www.tvturk.com\/wp-content\/uploads\/2019\/07\/unal-karaman-yusuf-yazici-benim-kardesim-en-degerlim-pirlantam_a685d1a.jpg?fit=1000%2C562","jetpack_sharing_enabled":true,"jetpack_shortlink":"https:\/\/wp.me\/paKIfm-MHQ","_links":{"self":[{"href":"http:\/\/www.tvturk.com\/index.php\/wp-json\/wp\/v2\/posts\/187230","targetHints":{"allow":["GET"]}}],"collection":[{"href":"http:\/\/www.tvturk.com\/index.php\/wp-json\/wp\/v2\/posts"}],"about":[{"href":"http:\/\/www.tvturk.com\/index.php\/wp-json\/wp\/v2\/types\/post"}],"author":[{"embeddable":true,"href":"http:\/\/www.tvturk.com\/index.php\/wp-json\/wp\/v2\/users\/1"}],"replies":[{"embeddable":true,"href":"http:\/\/www.tvturk.com\/index.php\/wp-json\/wp\/v2\/comments?post=187230"}],"version-history":[{"count":0,"href":"http:\/\/www.tvturk.com\/index.php\/wp-json\/wp\/v2\/posts\/187230\/revisions"}],"wp:featuredmedia":[{"embeddable":true,"href":"http:\/\/www.tvturk.com\/index.php\/wp-json\/wp\/v2\/media\/187231"}],"wp:attachment":[{"href":"http:\/\/www.tvturk.com\/index.php\/wp-json\/wp\/v2\/media?parent=187230"}],"wp:term":[{"taxonomy":"category","embeddable":true,"href":"http:\/\/www.tvturk.com\/index.php\/wp-json\/wp\/v2\/categories?post=187230"},{"taxonomy":"post_tag","embeddable":true,"href":"http:\/\/www.tvturk.com\/index.php\/wp-json\/wp\/v2\/tags?post=187230"}],"curies":[{"name":"wp","href":"https:\/\/api.w.org\/{rel}","templated":true}]}}