{"id":187262,"date":"2019-07-28T10:16:18","date_gmt":"2019-07-28T07:16:18","guid":{"rendered":"http:\/\/www.tvturk.com\/index.php\/tunc-soyerden-bitlis-ve-sivas-aciklamasi\/"},"modified":"2019-07-28T10:16:18","modified_gmt":"2019-07-28T07:16:18","slug":"tunc-soyerden-bitlis-ve-sivas-aciklamasi","status":"publish","type":"post","link":"http:\/\/www.tvturk.com\/index.php\/tunc-soyerden-bitlis-ve-sivas-aciklamasi\/","title":{"rendered":"Tun\u00e7 Soyer\u2019den Bitlis ve Sivas a\u00e7\u0131klamas\u0131"},"content":{"rendered":"<p>\u0130zmir B\u00fcy\u00fck\u015fehir Belediye Ba\u015fkan\u0131 Tun\u00e7 Soyer\u2019in ge\u00e7ti\u011fimiz g\u00fcnlerde yapm\u0131\u015f oldu\u011fu bir konu\u015fmas\u0131ndan dolay\u0131 Sivasl\u0131 ve Bitlisli vatanda\u015flardan tepki geldi. Bunun \u00fczerine yeni bir a\u00e7\u0131klama yapan Ba\u015fkan Soyer, \u201cYanl\u0131\u015f anla\u015f\u0131lm\u0131\u015f olmak nedeniyle \u00e7ok \u00fczg\u00fcn\u00fcm\u201d dedi.<\/p>\n<p>\u0130zmir B\u00fcy\u00fck\u015fehir Belediye Ba\u015fkan\u0131 Tun\u00e7 Soyer\u2019in, ge\u00e7ti\u011fimiz g\u00fcnlerde turizm alan\u0131nda yapm\u0131\u015f oldu\u011fu a\u00e7\u0131klama ve \u00f6z ele\u015ftirisi Sivasl\u0131 ve Bitlisli vatanda\u015flardan tepki g\u00f6rm\u00fc\u015ft\u00fc. Soyer, \u201cBug\u00fcne kadar bu potansiyel yokmu\u015f gibi ya\u015fand\u0131. Sanki Sivas\u2019ta ya\u015f\u0131yor mu\u015fuz gibi, sanki Bitlis\u2019te ya\u015f\u0131yor mu\u015fuz gibi ya\u015fad\u0131k. Oysa \u0130zmir bamba\u015fka bir ya\u015fam kalitesi veriyor\u201d a\u00e7\u0131klamas\u0131nda bulunmu\u015ftu.<\/p>\n<p>Gelen tepkiler \u00fczerine \u201cKonunun a\u00e7\u0131kl\u0131\u011fa kavu\u015fmas\u0131 i\u00e7in bu a\u00e7\u0131klamay\u0131 yapmak zorunda hissettim\u201d diyen Ba\u015fkan Soyer, \u201cYanl\u0131\u015f anla\u015f\u0131lm\u0131\u015f olmak nedeniyle \u00e7ok \u00fczg\u00fcn\u00fcm\u201d ifadelerini kulland\u0131.<\/p>\n<p>&#8220;\u00d6z ele\u015ftiri yapm\u0131\u015ft\u0131m&#8221;<\/p>\n<p>Ba\u015fkan Soyer \u015fu a\u00e7\u0131klamay\u0131 yapt\u0131:<\/p>\n<p>&#8220;T\u00fcrkiye\u2019nin her ilinin, her y\u00f6resinin ayr\u0131 ayr\u0131 de\u011ferli ve benzersiz oldu\u011funa t\u00fcm kalbimle inan\u0131yorum. Her ilimiz, kendi kadim ve do\u011fal de\u011ferleri esas al\u0131narak ve onlar\u0131 \u00f6n plana \u00e7\u0131kartarak y\u00f6netilmeli ve tan\u0131t\u0131lmal\u0131. \u0130zmir\u2019in turizm potansiyeliyle ilgili kurdu\u011fum c\u00fcmle, ilimizin de\u011ferlerini anlatmakta ne denli yetersiz kald\u0131\u011f\u0131m\u0131za dair bir \u00f6z ele\u015ftiriydi. Bitlis gibi, Sivas gibi \u0130zmir\u2019in olanaklar\u0131na sahip olmayan ve b\u00fct\u00fcn zorluklara ra\u011fmen ileri gitmek i\u00e7in \u00e7abalayan kentlere g\u00f6re \u00e7ok daha avantajl\u0131yken bunlar yokmu\u015f gibi ya\u015famas\u0131na dair bir \u00f6z ele\u015ftiri yapm\u0131\u015ft\u0131m. Kald\u0131 ki \u00f6zellikle Ahlat ve Adilcevaz\u2019a defalarca gitmi\u015f, \u2019sakin \u015fehir\u2019 olmalar\u0131 i\u00e7in m\u00fccadele etmi\u015f biri olarak; insanlar\u0131na, k\u00fclt\u00fcr\u00fcne, do\u011fas\u0131na hayran oldu\u011fum bu \u015fehre tepeden bakan, k\u00fc\u00e7\u00fcmseyen bir ifade kullanmam s\u00f6z konusu olamaz. Yanl\u0131\u015f anla\u015f\u0131lm\u0131\u015f olmak nedeniyle \u00e7ok \u00fczg\u00fcn\u00fcm. Asla akl\u0131mdan ge\u00e7meyen bu yanl\u0131\u015f anla\u015f\u0131lma nedeniyle sizleri incittiysem l\u00fctfen kusura bakmay\u0131n. Bir kenti ba\u015fka kentler ile k\u0131yaslamak ve farkl\u0131 de\u011ferleri birbiriyle kar\u015f\u0131la\u015ft\u0131rmak asla onaylad\u0131\u011f\u0131m bir yakla\u015f\u0131m de\u011fil. Sivas\u2019\u0131m\u0131z\u0131, Bitlis\u2019imizi ve T\u00fcrkiye\u2019nin her bir k\u00f6\u015fesini t\u0131pk\u0131 \u0130zmir kadar seviyor ve ayn\u0131 derecede de\u011ferli g\u00f6r\u00fcyorum. Konunun a\u00e7\u0131kl\u0131\u011fa kavu\u015fmas\u0131 i\u00e7in bu a\u00e7\u0131klamay\u0131 yapmak zorunda hissettim.\u201d<\/p>\n","protected":false},"excerpt":{"rendered":"<p>\u0130ZM\u0130R B\u00dcY\u00dcK\u015eEH\u0130R BELED\u0130YE BA\u015eKANI TUN\u00c7 SOYER\u2019\u0130N GE\u00c7T\u0130\u011e\u0130M\u0130Z G\u00dcNLERDE YAPMI\u015e OLDU\u011eU B\u0130R KONU\u015eMASINDAN DOLAYI S\u0130VASLI VE B\u0130TL\u0130SL\u0130 VATANDA\u015eLARDAN TEPK\u0130 GELD\u0130. BUNUN \u00dcZER\u0130NE YEN\u0130 B\u0130R A\u00c7IKLAMA YAPAN BA\u015eKAN SOYER, \u201cYANLI\u015e ANLA\u015eILMI\u015e OLMAK NEDEN\u0130YLE \u00c7OK \u00dcZG\u00dcN\u00dcM\u201d DED\u0130.<\/p>\n","protected":false},"author":1,"featured_media":187263,"comment_status":"closed","ping_status":"open","sticky":false,"template":"","format":"standard","meta":{"jetpack_post_was_ever_published":false,"_jetpack_newsletter_access":"","_jetpack_dont_email_post_to_subs":false,"_jetpack_newsletter_tier_id":0,"_jetpack_memberships_contains_paywalled_content":false,"_jetpack_memberships_contains_paid_content":false,"footnotes":"","jetpack_publicize_message":"","jetpack_publicize_feature_enabled":true,"jetpack_social_post_already_shared":true,"jetpack_social_options":{"image_generator_settings":{"template":"highway","default_image_id":0,"font":"","enabled":false},"version":2}},"categories":[1],"tags":[1072,11778,4247,1840,11623],"class_list":["post-187262","post","type-post","status-publish","format-standard","has-post-thumbnail","hentry","category-genel","tag-aciklamasi","tag-bitlis","tag-sivas","tag-soyerden","tag-tunc"],"jetpack_publicize_connections":[],"jetpack_featured_media_url":"https:\/\/i0.wp.com\/www.tvturk.com\/wp-content\/uploads\/2019\/07\/tunc-soyerden-bitlis-ve-sivas-aciklamasi_ad8a673.jpg?fit=958%2C1000","jetpack_sharing_enabled":true,"jetpack_shortlink":"https:\/\/wp.me\/paKIfm-MIm","_links":{"self":[{"href":"http:\/\/www.tvturk.com\/index.php\/wp-json\/wp\/v2\/posts\/187262","targetHints":{"allow":["GET"]}}],"collection":[{"href":"http:\/\/www.tvturk.com\/index.php\/wp-json\/wp\/v2\/posts"}],"about":[{"href":"http:\/\/www.tvturk.com\/index.php\/wp-json\/wp\/v2\/types\/post"}],"author":[{"embeddable":true,"href":"http:\/\/www.tvturk.com\/index.php\/wp-json\/wp\/v2\/users\/1"}],"replies":[{"embeddable":true,"href":"http:\/\/www.tvturk.com\/index.php\/wp-json\/wp\/v2\/comments?post=187262"}],"version-history":[{"count":0,"href":"http:\/\/www.tvturk.com\/index.php\/wp-json\/wp\/v2\/posts\/187262\/revisions"}],"wp:featuredmedia":[{"embeddable":true,"href":"http:\/\/www.tvturk.com\/index.php\/wp-json\/wp\/v2\/media\/187263"}],"wp:attachment":[{"href":"http:\/\/www.tvturk.com\/index.php\/wp-json\/wp\/v2\/media?parent=187262"}],"wp:term":[{"taxonomy":"category","embeddable":true,"href":"http:\/\/www.tvturk.com\/index.php\/wp-json\/wp\/v2\/categories?post=187262"},{"taxonomy":"post_tag","embeddable":true,"href":"http:\/\/www.tvturk.com\/index.php\/wp-json\/wp\/v2\/tags?post=187262"}],"curies":[{"name":"wp","href":"https:\/\/api.w.org\/{rel}","templated":true}]}}